{"id":36537,"date":"2025-09-16T05:57:12","date_gmt":"2025-09-16T05:57:12","guid":{"rendered":"https:\/\/www.europesays.com\/no\/36537\/"},"modified":"2025-09-16T05:57:12","modified_gmt":"2025-09-16T05:57:12","slug":"gir-etter-for-putin","status":"publish","type":"post","link":"https:\/\/www.europesays.com\/no\/36537\/","title":{"rendered":"&#8211; Gir etter for Putin"},"content":{"rendered":"<p>  Eksperter har ingen tro p\u00e5 Jakob Ingebrigtsen etter sjokket i helga: &#8211; Virkelig bekymret.<\/p>\n<p>\n    SJOKKEXIT: Jakob Ingebrigtsen ble nummer \u00e5tte p\u00e5 1500 meter. Foto: Sarah Meyssonnier\/Reuters\/NTB\n  <\/p>\n<p>TOKYO (Dagbladet): Jakob Ingebrigtsen (24) sjokkerte en hel idrettsverden da han kom i m\u00e5l som nummer \u00e5tte p\u00e5 1500-meterfors\u00f8ket i VM.<\/p>\n<p>Vi er vant til \u00e5 se nordmannen kjempe om gull i store mesterskap, men etter skadeproblemene og et halvt \u00e5r uten konkurranse, ble det for t\u00f8ft for 24-\u00e5ringen i Japan.<\/p>\n<p>Ingebrigtsen og Josh Kerr har v\u00e6rt rivaler b\u00e5de p\u00e5 og utenfor banen de siste \u00e5ra. Briten er en av favorittene til \u00e5 vinne VM-gull p\u00e5 distansen, og fikk etter semifinalen mandag sp\u00f8rsm\u00e5l av Nettavisen om hva han syns om at Ingebrigtsen r\u00f8yk ut.<\/p>\n<p>&#8211; Jeg har ikke sett l\u00f8pet i reprise, men jeg har selvf\u00f8lgelig sett resultatene. Vi vil at alle de beste l\u00f8perne skal v\u00e6re p\u00e5 sitt beste, svarer Kerr og fortsetter:<\/p>\n<p>&#8211; Han er ikke p\u00e5 sitt beste, og jeg ser fram til at han f\u00e5r en form for revansj og til \u00e5 l\u00f8pe ordentlig mot ham. Men det er ikke noe du \u00f8nsker \u00e5 se &#8211; en av de beste 1500-meterl\u00f8perne i verden som ikke klarer \u00e5 komme til semifinalen &#8211; \u00e5penbart p\u00e5 grunn av skade eller hva det m\u00e5tte v\u00e6re.\u00a0<\/p>\n<p>          <img loading=\"lazy\" decoding=\"async\" src=\"https:\/\/www.europesays.com\/no\/wp-content\/uploads\/2025\/09\/83597799.webp\" width=\"686\" height=\"460\" title=\"VISTE FORM: Josh Kerr er en av favrorittene i finalen p\u00e5 1500 meter. Foto: Sarah Meyssonnier\/Reuters\/NTB\" alt=\"\" class=\"\" style=\"--aspect-ratio-image: 1.49; \"\/><\/p>\n<p>\n          VISTE FORM: Josh Kerr er en av favrorittene i finalen p\u00e5 1500 meter. Foto: Sarah Meyssonnier\/Reuters\/NTB\n      <\/p>\n<p>    <a itemprop=\"url\" href=\"https:\/\/www.dagbladet.no\/sport\/svensk-stikk-etter-norsk-nedtur\/83593741\" rel=\"nofollow noopener\" target=\"_blank\"><\/p>\n<p>      <img loading=\"lazy\" decoding=\"async\" src=\"https:\/\/www.europesays.com\/no\/wp-content\/uploads\/2025\/09\/83596404.webp\" width=\"980\" height=\"441\" title=\"Svensk stikk etter norsk nedtur\" alt=\"\" class=\"lazyload\" style=\"--aspect-ratio-image: 2.22; \"\/><\/p>\n<p>        Svensk stikk etter norsk nedtur<\/p>\n<p>    <\/a><\/p>\n<p>&#8211; Lite sannsynlig  <\/p>\n<p>Den anerkjente friidrettsjournalisten Jonathan Gault i LetsRun.com ble i likhet med de aller fleste overrasket over at Ingebrigtsen ikke tok seg videre fra fors\u00f8ket.<\/p>\n<p>&#8211; Jeg er litt overrasket, men jeg tror vi alle visste at dette var en mulighet, siden han ikke hadde l\u00f8pt siden mars. Jeg trodde at siden han hadde reist helt til Tokyo, ville han ha overbevist seg selv om at han var i form til \u00e5 l\u00f8pe godt, men tydeligvis var ikke formen der de siste 100 meterne, sier Gault til Dagbladet.<\/p>\n<p>Ingebrigtsen kan f\u00e5 revansj p\u00e5 5000-meteren, men Gault tror ikke han vinner slik han s\u00e5 ut i fors\u00f8ket p\u00e5 1500 meter.<\/p>\n<p>&#8211; Jeg tror det er lite sannsynlig, fordi noen av gutta han m\u00e5 m\u00f8te p\u00e5 5000-meteren, som Cole Hocker og Niels Laros, s\u00e5 mye bedre ut enn ham, mener Gault.<\/p>\n<p>        SL\u00c5TT UT: Jakob Ingebrigtsen var sjansel\u00f8s p\u00e5 fors\u00f8ket p\u00e5 1500-meter i VM i Tokyo natt til s\u00f8ndag. Bilder fra NRK. <\/p>\n<p>Han fortsetter:<\/p>\n<p>&#8211; 5000 er hans beste distanse, men en av tingene som gj\u00f8r ham fantastisk der, er at han har god spurt sammenlignet med konkurrentene mot slutten av l\u00f8pet. N\u00e5r han ikke g\u00e5r videre fra f\u00f8rste runde her, er jeg virkelig bekymret for sjansene hans p\u00e5 5000.<\/p>\n<p class=\"italic m-italic\" data-lab-italic=\"italic\">&#8211; S\u00e5 du vil bli veldig overrasket hvis han vinner 5000?\u00a0<\/p>\n<p>&#8211; Ja, det ville jeg ha blitt.<\/p>\n<p class=\"italic m-italic\" data-lab-italic=\"italic\">&#8211; Hvem mener du er favoritt?<\/p>\n<p>&#8211; Favoritten, mener jeg, m\u00e5 v\u00e6re Niels Laros, basert p\u00e5 hvordan han har l\u00f8pt i det siste.<\/p>\n<p>    <a itemprop=\"url\" href=\"https:\/\/www.dagbladet.no\/sport\/flytter-til-norge\/83596091\" rel=\"nofollow noopener\" target=\"_blank\"><\/p>\n<p>      <img loading=\"lazy\" decoding=\"async\" src=\"https:\/\/www.europesays.com\/no\/wp-content\/uploads\/2025\/09\/83596194.webp\" width=\"980\" height=\"441\" title=\"Flytter til Norge\" alt=\"\" class=\"lazyload\" style=\"--aspect-ratio-image: 2.22; \"\/><\/p>\n<p>        Flytter til Norge<\/p>\n<p>    <\/a><\/p>\n<p>Avskrives helt  <\/p>\n<p>NRK-ekspert Vebj\u00f8rn Rodal har heller ikke troa p\u00e5 Ingebrigtsen, og mener han skal slite med \u00e5 ta medalje.<\/p>\n<p>&#8211; For \u00e5 v\u00e6re med i medaljekampen p\u00e5 5000 meter, m\u00e5 du v\u00e6re ganske skarp. Om han skal g\u00e5 fra den formen han viste fram i dag, til en skarp kniv i skuffa som skal opp p\u00e5 pallen p\u00e5 5000 meter, s\u00e5 m\u00e5 det bortimot trylles, seier Rodal til <a href=\"https:\/\/www.nrk.no\/friidrettsvm\/nrks-friidrettsekspert-meiner-jakob-ingebrigtsen-kan-droppe-5000-meter-i-vm-1.17570062\" target=\"_blank\" rel=\"nofollow noopener\">statskanalen<\/a>. <\/p>\n<p class=\"font-weight-bold m-font-weight-bold\" data-lab-font_weight=\"font-weight-bold\">Ingebrigtsen selv sa dette til pressen om 5000-meteren etter nederlaget p\u00e5 1500 meter:<\/p>\n<p> &#8211; Jeg er mer skeptisk enn jeg var, men jeg hadde ikke trodd jeg skulle v\u00e6re s\u00e5 d\u00e5rlig. Det kan jo ha v\u00e6rt en d\u00e5rlig dag i tillegg. Jeg har trent bedre enn dette, s\u00e5 det var litt overraskende, men du kan ikke bare trene bra i en liten periode, du m\u00e5 ha mer. Men vi f\u00e5r bare pr\u00f8ve \u00e5 se. <\/p>\n<p class=\"italic m-italic\" data-lab-italic=\"italic\">Finalen p\u00e5 1500 meter l\u00f8pes onsdag klokka 15.20 norsk tid. Fors\u00f8ket p\u00e5 5000 meter l\u00f8pes fredag klokka 13.05.<\/p>\n<p>    <a itemprop=\"url\" href=\"https:\/\/www.dagbladet.no\/sport\/vilt-drama\/83593310\" rel=\"nofollow noopener\" target=\"_blank\"><\/p>\n<p>      <img loading=\"lazy\" decoding=\"async\" src=\"https:\/\/www.europesays.com\/no\/wp-content\/uploads\/2025\/09\/83595823.webp\" width=\"980\" height=\"441\" title=\"Vilt drama\" alt=\"\" class=\"lazyload\" style=\"--aspect-ratio-image: 2.22; \"\/><\/p>\n<p>        Vilt drama<\/p>\n<p>    <\/a><\/p>\n","protected":false},"excerpt":{"rendered":"Eksperter har ingen tro p\u00e5 Jakob Ingebrigtsen etter sjokket i helga: &#8211; Virkelig bekymret. SJOKKEXIT: Jakob Ingebrigtsen ble&hellip;\n","protected":false},"author":2,"featured_media":36538,"comment_status":"","ping_status":"","sticky":false,"template":"","format":"standard","meta":{"footnotes":""},"categories":[12],"tags":[20,21,5831,55,24,25,15,22,23,13,30,28,29,14,16,188,26,27,489,50,412,42,186,43,44,45],"class_list":{"0":"post-36537","1":"post","2":"type-post","3":"status-publish","4":"format-standard","5":"has-post-thumbnail","7":"category-verden","8":"tag-breaking-news","9":"tag-breakingnews","10":"tag-carl-bildt","11":"tag-donald-trump","12":"tag-featured-news","13":"tag-featurednews","14":"tag-headlines","15":"tag-latest-news","16":"tag-latestnews","17":"tag-news","18":"tag-no","19":"tag-norge","20":"tag-norway","21":"tag-nyheter","22":"tag-overskrifter","23":"tag-russland","24":"tag-top-stories","25":"tag-topstories","26":"tag-ukraina","27":"tag-usa","28":"tag-utenriks","29":"tag-verden","30":"tag-vladimir-putin","31":"tag-world","32":"tag-world-news","33":"tag-worldnews"},"share_on_mastodon":{"url":"","error":""},"_links":{"self":[{"href":"https:\/\/www.europesays.com\/no\/wp-json\/wp\/v2\/posts\/36537","targetHints":{"allow":["GET"]}}],"collection":[{"href":"https:\/\/www.europesays.com\/no\/wp-json\/wp\/v2\/posts"}],"about":[{"href":"https:\/\/www.europesays.com\/no\/wp-json\/wp\/v2\/types\/post"}],"author":[{"embeddable":true,"href":"https:\/\/www.europesays.com\/no\/wp-json\/wp\/v2\/users\/2"}],"replies":[{"embeddable":true,"href":"https:\/\/www.europesays.com\/no\/wp-json\/wp\/v2\/comments?post=36537"}],"version-history":[{"count":0,"href":"https:\/\/www.europesays.com\/no\/wp-json\/wp\/v2\/posts\/36537\/revisions"}],"wp:featuredmedia":[{"embeddable":true,"href":"https:\/\/www.europesays.com\/no\/wp-json\/wp\/v2\/media\/36538"}],"wp:attachment":[{"href":"https:\/\/www.europesays.com\/no\/wp-json\/wp\/v2\/media?parent=36537"}],"wp:term":[{"taxonomy":"category","embeddable":true,"href":"https:\/\/www.europesays.com\/no\/wp-json\/wp\/v2\/categories?post=36537"},{"taxonomy":"post_tag","embeddable":true,"href":"https:\/\/www.europesays.com\/no\/wp-json\/wp\/v2\/tags?post=36537"}],"curies":[{"name":"wp","href":"https:\/\/api.w.org\/{rel}","templated":true}]}}