{"id":36539,"date":"2025-09-16T05:58:13","date_gmt":"2025-09-16T05:58:13","guid":{"rendered":"https:\/\/www.europesays.com\/no\/36539\/"},"modified":"2025-09-16T05:58:13","modified_gmt":"2025-09-16T05:58:13","slug":"mann-tiltalt-for-nye-overgrep-etter-loslatelse-fra-forvaringsdom","status":"publish","type":"post","link":"https:\/\/www.europesays.com\/no\/36539\/","title":{"rendered":"Mann tiltalt for nye overgrep etter l\u00f8slatelse fra forvaringsdom"},"content":{"rendered":"\n<p class=\"_lead_ew2ao_2 _lead_xtcu6_50 layout-component text-serif-m layout-normal text-serif-l layout-component layout-wide layout-padded _wide_17hqh_1 layout-padded\">En mann fra Arendal som i 2015 ble d\u00f8mt til forvaring for mishandling og voldtekt av fire ekskj\u00e6rester, er n\u00e5 tiltalt for vold og overgrep mot to nye kvinner.<\/p>\n<ul aria-hidden=\"true\" class=\"_images_1y6fe_106\">\n<li><a class=\"_link_1y6fe_111\" href=\"https:\/\/www.vg.no\/forfatter\/ntb\" style=\"z-index:1\" title=\"NTB\" rel=\"nofollow noopener\" target=\"_blank\"><img alt=\"Bilde av NTB\" class=\"_image_1y6fe_88\" fetchpriority=\"low\" loading=\"lazy\" decoding=\"async\" itemprop=\"image\"  src=\"https:\/\/www.europesays.com\/no\/wp-content\/uploads\/2025\/09\/1758002293_708_c33980b0-5d07-4027-84a1-813f90a7c8d6\"  width=\"480\"\/><\/a><\/li>\n<\/ul>\n<p> Oppdatert tirsdag 16. september kl. 03:52     <\/p>\n<p class=\"_paragraph_ew2ao_4 _paragraph_xtcu6_10 layout-component text-serif-m layout-normal text-serif-m layout-padded\"> Forholdene i tiltalen skal ha skjedd kort tid etter at mannen ble pr\u00f8vel\u00f8slatt i 2021, <a href=\"https:\/\/www.agderposten.no\/nyheter\/n\/AvO9Bj\/ble-beskrevet-som-sex-sadist-naa-er-mannen-tiltalt-for-flere-voldtekter\" class=\"_link_ew2ao_39\" rel=\"nofollow noopener\" target=\"_blank\">skriver Agderposten<\/a>. Han hadde da sonet seks \u00e5r av en ni\u00e5rig forvaringsdom.<\/p>\n<p class=\"_paragraph_ew2ao_4 _paragraph_xtcu6_10 layout-component text-serif-m layout-normal text-serif-m layout-padded\">Det siste \u00e5ret har mannen, som er i 30-\u00e5rene, sittet varetektsfengslet. Han er tiltalt for vold, frihetsber\u00f8velse og alvorlige overgrep mot to ekskj\u00e6rester.<\/p>\n<p class=\"_paragraph_ew2ao_4 _paragraph_xtcu6_10 layout-component text-serif-m layout-normal text-serif-m layout-padded\">Mannen nekter straffskyld for voldtekt, men har delvis erkjent straffskyld for vold i n\u00e6re relasjoner.<\/p>\n<p class=\"_paragraph_ew2ao_4 _paragraph_xtcu6_10 layout-component text-serif-m layout-normal text-serif-m layout-padded\">Etter pr\u00f8vel\u00f8slatelsen i 2021 skal han i januar \u00e5ret etter gjort seg skyldig i nye overgrep mot en ny kj\u00e6reste. If\u00f8lge tiltalen skal han ha truet kvinnen med b\u00e5de \u00f8ks og drill mot kroppen, i tillegg til \u00e5 ha utsatt henne for langvarig psykisk og fysisk mishandling.<\/p>\n<p class=\"_paragraph_ew2ao_4 _paragraph_xtcu6_10 layout-component text-serif-m layout-normal text-serif-m layout-padded\">\u2013 Det er snakk om en veldig alvorlig sak, sier den ene kvinnens bistandsadvokat Eva Johnsen Holm til Agderposten.<\/p>\n<p class=\"_paragraph_ew2ao_4 _paragraph_xtcu6_10 layout-component text-serif-m layout-normal text-serif-m layout-padded\">Rettssaken er berammet til oktober og ventes \u00e5 g\u00e5 over seks dager i <a href=\"https:\/\/www.vg.no\/tag\/agder-tingrett?utm_source=vg-article&amp;utm_medium=auto-tagger&amp;utm_campaign=Pp78vX\" class=\"_link_ew2ao_39\" rel=\"nofollow noopener\" target=\"_blank\">Agder tingrett<\/a>.<\/p>\n","protected":false},"excerpt":{"rendered":"En mann fra Arendal som i 2015 ble d\u00f8mt til forvaring for mishandling og voldtekt av fire ekskj\u00e6rester,&hellip;\n","protected":false},"author":2,"featured_media":36540,"comment_status":"","ping_status":"","sticky":false,"template":"","format":"standard","meta":{"footnotes":""},"categories":[10],"tags":[5832,20,21,24,25,15,22,23,13,30,28,29,14,16,26,27,493,2589],"class_list":{"0":"post-36539","1":"post","2":"type-post","3":"status-publish","4":"format-standard","5":"has-post-thumbnail","7":"category-norge","8":"tag-agder-tingrett","9":"tag-breaking-news","10":"tag-breakingnews","11":"tag-featured-news","12":"tag-featurednews","13":"tag-headlines","14":"tag-latest-news","15":"tag-latestnews","16":"tag-news","17":"tag-no","18":"tag-norge","19":"tag-norway","20":"tag-nyheter","21":"tag-overskrifter","22":"tag-top-stories","23":"tag-topstories","24":"tag-vold","25":"tag-voldtekt"},"share_on_mastodon":{"url":"","error":""},"_links":{"self":[{"href":"https:\/\/www.europesays.com\/no\/wp-json\/wp\/v2\/posts\/36539","targetHints":{"allow":["GET"]}}],"collection":[{"href":"https:\/\/www.europesays.com\/no\/wp-json\/wp\/v2\/posts"}],"about":[{"href":"https:\/\/www.europesays.com\/no\/wp-json\/wp\/v2\/types\/post"}],"author":[{"embeddable":true,"href":"https:\/\/www.europesays.com\/no\/wp-json\/wp\/v2\/users\/2"}],"replies":[{"embeddable":true,"href":"https:\/\/www.europesays.com\/no\/wp-json\/wp\/v2\/comments?post=36539"}],"version-history":[{"count":0,"href":"https:\/\/www.europesays.com\/no\/wp-json\/wp\/v2\/posts\/36539\/revisions"}],"wp:featuredmedia":[{"embeddable":true,"href":"https:\/\/www.europesays.com\/no\/wp-json\/wp\/v2\/media\/36540"}],"wp:attachment":[{"href":"https:\/\/www.europesays.com\/no\/wp-json\/wp\/v2\/media?parent=36539"}],"wp:term":[{"taxonomy":"category","embeddable":true,"href":"https:\/\/www.europesays.com\/no\/wp-json\/wp\/v2\/categories?post=36539"},{"taxonomy":"post_tag","embeddable":true,"href":"https:\/\/www.europesays.com\/no\/wp-json\/wp\/v2\/tags?post=36539"}],"curies":[{"name":"wp","href":"https:\/\/api.w.org\/{rel}","templated":true}]}}