{"id":36543,"date":"2025-09-16T06:04:50","date_gmt":"2025-09-16T06:04:50","guid":{"rendered":"https:\/\/www.europesays.com\/no\/36543\/"},"modified":"2025-09-16T06:04:50","modified_gmt":"2025-09-16T06:04:50","slug":"usas-sentralbank-kutter-norges-bank-pa-vippen","status":"publish","type":"post","link":"https:\/\/www.europesays.com\/no\/36543\/","title":{"rendered":"USAs sentralbank kutter, Norges Bank p\u00e5 vippen"},"content":{"rendered":"<p><b>Denne uken vil preges av en rekke, viktige sentralbankm\u00f8ter.<\/b>\u00a0B\u00e5de Bank of Japan og Bank of Canada har rentem\u00f8ter, i tillegg til tre av sentralbankene vi f\u00f8lger tettest.<\/p>\n<p><b>Fed starter showet onsdag kveld, og det er liten tvil om at den amerikanske sentralbanken vil kutte<\/b>\u00a0styringsrenten p\u00e5 dette m\u00f8tet. Vi tror mest p\u00e5 et vanlig kutt p\u00e5 25 basispunkter og det samme gj\u00f8r Bloomberg konsensus. Det finnes helt klart argumenter for et \u00abjumbokutt\u00bb p\u00e5 50 basispunkter, slik Fed gjorde p\u00e5 samme tid i fjor, med den kraftige svekkelsen og nedrevideringen av sysselsettingstallene siden forrige m\u00f8te. Vi tror likevel mest p\u00e5 25 basispunkter. Det som skiller dagens situasjon fra fjor\u00e5rets er for det f\u00f8rste at ledighetsraten n\u00e5 har holdt seg ganske stabil, mens den hadde steget i fjor. For det andre er det fortsatt en risiko for at tollsatsene kan l\u00f8fte inflasjonen en god del mer enn vi har sett s\u00e5 langt, og det gj\u00f8r at Fed neppe er komfortabel med et stort kutt denne gangen. Vi tror likevel at renten skal kuttes p\u00e5 nytt b\u00e5de i oktober og desember og vi holder en knapp p\u00e5 at Feds dot-plot, som publiseres sammen med beslutningen, vil indikere ytterligere to kutt i \u00e5r, i tr\u00e5d med v\u00e5r prognose. Les hele Knuts forh\u00e5ndsomtale\u00a0<a href=\"https:\/\/eur04.safelinks.protection.outlook.com\/?url=https%3A%2F%2Fwww.dnb.no%2Fseg-fundamental%2Ffundamentalweb%2Fgetreport.aspx%3Ffile%3DMRP_259560.pdf%26uid%3D552%26auth%3DfvCK5RMJbEV3ukUxiDaCQWMwx9A%253d&amp;data=05%7C02%7Cthomas.strzelecki%40dnb.no%7Cda88b1eb03914f8b19f508ddf4103075%7C4cbfea0ab87247f0b51c1c64953c3f0b%7C0%7C0%7C638935072555514324%7CUnknown%7CTWFpbGZsb3d8eyJFbXB0eU1hcGkiOnRydWUsIlYiOiIwLjAuMDAwMCIsIlAiOiJXaW4zMiIsIkFOIjoiTWFpbCIsIldUIjoyfQ%3D%3D%7C0%7C%7C%7C&amp;sdata=EdDPT5R7rfiureqGnipvD2i8ZSw2yB36ATPTL96J5hc%3D&amp;reserved=0\" rel=\"nofollow noopener\" target=\"_blank\">her<\/a>.<\/p>\n<p><b>Norges Banks beslutning f\u00f8lger torsdag klokken 10 og her er det mye mer usikkert om det kommer et rentekutt eller ikke<\/b>. Vi heller mot at Norges Bank utsetter rentekuttet til desember, men understreker at risikoen for et kutt allerede denne uken er stor. OIS-rentene indikerer at markedsakt\u00f8rene heller mot et kutt, med rundt 15 basispunkter priset inn p\u00e5 dette m\u00f8tet. Det er fullt mulig \u00e5 argumentere for at data stort sett har kommet inn om lag som Norges Bank la til grunn i juni da de med rentebanen signaliserte videre kutt i september. Grunnen til at vi heller i motsatt retning er at tallene som har kommet inn siden juni samlet gir et bilde av h\u00f8yere prispress. B\u00e5de l\u00f8pende l\u00f8nnsvekst og inflasjon (hvis vi ser bort fra effekter fra barnehagepriser) har v\u00e6rt h\u00f8yere enn ventet. I tillegg har veksten i BNP i f\u00f8rste halv\u00e5r v\u00e6rt sprek og en fortsatt lav registrert ledighetsrate og \u00f8kende knapphet p\u00e5 arbeidskraft underst\u00f8tter at presset i \u00f8konomien ogs\u00e5 er noe \u00f8kende. V\u00e5r vurdering er at norsk \u00f8konomi ikke ser ut til \u00e5 ha behov for rentekutt n\u00e5 og etter en lang periode med h\u00f8y inflasjon tror vi ikke at Norges Bank er komfortable med \u00e5 kutte n\u00e5 og risikere at prisveksten biter seg fast p\u00e5 dagens niv\u00e5, eller kanskje til og med stiger videre. Hvis Norges Bank derimot ser at inflasjonen og aktiviteten demper seg noe mot desember kan den kutte da. Mange kutt tror vi uansett ikke det blir. Les hele Oddmunds forh\u00e5ndsomtale\u00a0<a href=\"https:\/\/eur04.safelinks.protection.outlook.com\/?url=https%3A%2F%2Fwww.dnb.no%2Fseg-fundamental%2Ffundamentalweb%2Fgetreport.aspx%3Ffile%3DMRP_259557.pdf%26uid%3D552%26auth%3DfvCK5RMJbEV3ukUxiDaCQWMwx9A%253d&amp;data=05%7C02%7Cthomas.strzelecki%40dnb.no%7Cda88b1eb03914f8b19f508ddf4103075%7C4cbfea0ab87247f0b51c1c64953c3f0b%7C0%7C0%7C638935072555529649%7CUnknown%7CTWFpbGZsb3d8eyJFbXB0eU1hcGkiOnRydWUsIlYiOiIwLjAuMDAwMCIsIlAiOiJXaW4zMiIsIkFOIjoiTWFpbCIsIldUIjoyfQ%3D%3D%7C0%7C%7C%7C&amp;sdata=I1PK6xsCRAs0QJyubZbx7DJj%2FzoJO6J2Oy8JSiiOo%2Bg%3D&amp;reserved=0\" rel=\"nofollow noopener\" target=\"_blank\">her<\/a>.<\/p>\n<p><b>Bank of England st\u00e5r kanskje i den st\u00f8rste spagaten av dem alle,<\/b>\u00a0med en svekkelse b\u00e5de i aktivitet og arbeidsmarked, mens inflasjonspresset er h\u00f8yt. Vi tror sentralbanken legger mest vekt p\u00e5 inflasjonen og holder renten uendret p\u00e5 4,00 prosent p\u00e5 torsdag, etter at en sv\u00e6rt splittet komit\u00e9 kuttet renten i august. B\u00e5de konsensus og markedsprisingen indikerer ogs\u00e5 uendret rente p\u00e5 dette m\u00f8tet. Les hele Knuts forh\u00e5ndsomtale\u00a0<a href=\"https:\/\/eur04.safelinks.protection.outlook.com\/?url=https%3A%2F%2Fwww.dnb.no%2Fseg-fundamental%2Ffundamentalweb%2Fgetreport.aspx%3Ffile%3DMRP_259563.pdf%26uid%3D552%26auth%3DfvCK5RMJbEV3ukUxiDaCQWMwx9A%253d&amp;data=05%7C02%7Cthomas.strzelecki%40dnb.no%7Cda88b1eb03914f8b19f508ddf4103075%7C4cbfea0ab87247f0b51c1c64953c3f0b%7C0%7C0%7C638935072555539660%7CUnknown%7CTWFpbGZsb3d8eyJFbXB0eU1hcGkiOnRydWUsIlYiOiIwLjAuMDAwMCIsIlAiOiJXaW4zMiIsIkFOIjoiTWFpbCIsIldUIjoyfQ%3D%3D%7C0%7C%7C%7C&amp;sdata=QYghnZf0tDB%2FoMrQ4KVr8lQd2d5Ur3HqQ1HEVmXkmJ8%3D&amp;reserved=0\" rel=\"nofollow noopener\" target=\"_blank\">her.<\/a><\/p>\n<p><b>Uken starter imidlertid rolig p\u00e5 n\u00f8kkeltallsfronten med Empire State sin bedriftsunders\u00f8kelse<\/b>\u00a0fra USA som det viktigste p\u00e5 kalenderen i dag. Der venter konsensus en nedgang fra august til september.\u00a0<b>Siden fredag har statsrentene trukket opp<\/b>\u00a0i b\u00e5de USA og Europa og fransk statsrente er oppe i 3,51 prosent etter at Fitch nedgraderte Frankrike fra AA- til A+ p\u00e5 fredag.\u00a0<b>Krona har styrket seg p\u00e5 bred basis<\/b>\u00a0og EURNOK og USDNOK handler i skrivende stund rundt 11,56 og 9,85.<\/p>\n","protected":false},"excerpt":{"rendered":"Denne uken vil preges av en rekke, viktige sentralbankm\u00f8ter.\u00a0B\u00e5de Bank of Japan og Bank of Canada har rentem\u00f8ter,&hellip;\n","protected":false},"author":2,"featured_media":36544,"comment_status":"","ping_status":"","sticky":false,"template":"","format":"standard","meta":{"footnotes":""},"categories":[56],"tags":[60,185,61,740,739,62,30,28,29],"class_list":{"0":"post-36543","1":"post","2":"type-post","3":"status-publish","4":"format-standard","5":"has-post-thumbnail","7":"category-naeringsliv","8":"tag-business","9":"tag-dnb-carnegie","10":"tag-economy","11":"tag-makro","12":"tag-morgenrapport","13":"tag-naeringsliv","14":"tag-no","15":"tag-norge","16":"tag-norway"},"share_on_mastodon":{"url":"","error":""},"_links":{"self":[{"href":"https:\/\/www.europesays.com\/no\/wp-json\/wp\/v2\/posts\/36543","targetHints":{"allow":["GET"]}}],"collection":[{"href":"https:\/\/www.europesays.com\/no\/wp-json\/wp\/v2\/posts"}],"about":[{"href":"https:\/\/www.europesays.com\/no\/wp-json\/wp\/v2\/types\/post"}],"author":[{"embeddable":true,"href":"https:\/\/www.europesays.com\/no\/wp-json\/wp\/v2\/users\/2"}],"replies":[{"embeddable":true,"href":"https:\/\/www.europesays.com\/no\/wp-json\/wp\/v2\/comments?post=36543"}],"version-history":[{"count":0,"href":"https:\/\/www.europesays.com\/no\/wp-json\/wp\/v2\/posts\/36543\/revisions"}],"wp:featuredmedia":[{"embeddable":true,"href":"https:\/\/www.europesays.com\/no\/wp-json\/wp\/v2\/media\/36544"}],"wp:attachment":[{"href":"https:\/\/www.europesays.com\/no\/wp-json\/wp\/v2\/media?parent=36543"}],"wp:term":[{"taxonomy":"category","embeddable":true,"href":"https:\/\/www.europesays.com\/no\/wp-json\/wp\/v2\/categories?post=36543"},{"taxonomy":"post_tag","embeddable":true,"href":"https:\/\/www.europesays.com\/no\/wp-json\/wp\/v2\/tags?post=36543"}],"curies":[{"name":"wp","href":"https:\/\/api.w.org\/{rel}","templated":true}]}}