{"id":36549,"date":"2025-09-16T06:12:20","date_gmt":"2025-09-16T06:12:20","guid":{"rendered":"https:\/\/www.europesays.com\/no\/36549\/"},"modified":"2025-09-16T06:12:20","modified_gmt":"2025-09-16T06:12:20","slug":"afd-tredobler-oppslutningen-i-lokalvalg-i-vest-tyskland","status":"publish","type":"post","link":"https:\/\/www.europesays.com\/no\/36549\/","title":{"rendered":"AfD tredobler oppslutningen i lokalvalg i Vest-Tyskland"},"content":{"rendered":"<p><strong>Oppslutningen om Alternative f\u00fcr Deutschland (AfD) \u00f8kte kraftig i lokalvalgene i den tyske delstaten Nordrhein-Westfalen s\u00f8ndag, if\u00f8lge <a href=\"https:\/\/www.reuters.com\/world\/support-far-right-triples-western-german-vote-early-forecasts-show-2025-09-14\/\" rel=\"nofollow noopener\" target=\"_blank\">Reuters<\/a>.<\/strong><\/p>\n<p>Forel\u00f8pige prognoser fra meningsm\u00e5lerne infratest dimap for kringkasteren ARD viser at AfD fikk 16,5 prosent av stemmene \u2013 mer enn en tredobling sammenlignet med 2020.<\/p>\n<p>Kansler Friedrich Merz\u2019 konservative parti ble st\u00f8rst med 34 prosent, omtrent p\u00e5 samme niv\u00e5 som for fem \u00e5r siden. Sosialdemokratene (SPD) gikk tilbake til 22,5 prosent, melder Reuters.<\/p>\n<p>\u2013 Jeg ser p\u00e5 AfDs resultater med stor bekymring. Dette b\u00f8r gi oss grunn til ettertanke, fordi dette er en utvikling som vi demokrater m\u00e5 m\u00f8te, sa Olaf Lies, SPD-premier i Niedersachsen, til ARD.<\/p>\n<p>AfD har de siste \u00e5rene styrket sin posisjon ogs\u00e5 i vestlige deler av Tyskland. Partiets leder Tino Chrupalla kalte resultatet \u00aben stor suksess\u00bb og understreket at partiet \u00abb\u00e6rer et stort ansvar for Tyskland\u00bb, if\u00f8lge Reuters.<\/p>\n<p>De f\u00f8rste prognosene viste ogs\u00e5 betydelige tap for De gr\u00f8nne og Fridemokratene. Endelige resultater ventes mandag.<\/p>\n","protected":false},"excerpt":{"rendered":"Oppslutningen om Alternative f\u00fcr Deutschland (AfD) \u00f8kte kraftig i lokalvalgene i den tyske delstaten Nordrhein-Westfalen s\u00f8ndag, if\u00f8lge Reuters.&hellip;\n","protected":false},"author":2,"featured_media":26311,"comment_status":"","ping_status":"","sticky":false,"template":"","format":"standard","meta":{"footnotes":""},"categories":[12],"tags":[5834,20,21,24,25,15,22,23,13,30,28,29,14,16,26,27,175,42,43,44,45],"class_list":{"0":"post-36549","1":"post","2":"type-post","3":"status-publish","4":"format-standard","5":"has-post-thumbnail","7":"category-verden","8":"tag-afd","9":"tag-breaking-news","10":"tag-breakingnews","11":"tag-featured-news","12":"tag-featurednews","13":"tag-headlines","14":"tag-latest-news","15":"tag-latestnews","16":"tag-news","17":"tag-no","18":"tag-norge","19":"tag-norway","20":"tag-nyheter","21":"tag-overskrifter","22":"tag-top-stories","23":"tag-topstories","24":"tag-tyskland","25":"tag-verden","26":"tag-world","27":"tag-world-news","28":"tag-worldnews"},"share_on_mastodon":{"url":"","error":""},"_links":{"self":[{"href":"https:\/\/www.europesays.com\/no\/wp-json\/wp\/v2\/posts\/36549","targetHints":{"allow":["GET"]}}],"collection":[{"href":"https:\/\/www.europesays.com\/no\/wp-json\/wp\/v2\/posts"}],"about":[{"href":"https:\/\/www.europesays.com\/no\/wp-json\/wp\/v2\/types\/post"}],"author":[{"embeddable":true,"href":"https:\/\/www.europesays.com\/no\/wp-json\/wp\/v2\/users\/2"}],"replies":[{"embeddable":true,"href":"https:\/\/www.europesays.com\/no\/wp-json\/wp\/v2\/comments?post=36549"}],"version-history":[{"count":0,"href":"https:\/\/www.europesays.com\/no\/wp-json\/wp\/v2\/posts\/36549\/revisions"}],"wp:featuredmedia":[{"embeddable":true,"href":"https:\/\/www.europesays.com\/no\/wp-json\/wp\/v2\/media\/26311"}],"wp:attachment":[{"href":"https:\/\/www.europesays.com\/no\/wp-json\/wp\/v2\/media?parent=36549"}],"wp:term":[{"taxonomy":"category","embeddable":true,"href":"https:\/\/www.europesays.com\/no\/wp-json\/wp\/v2\/categories?post=36549"},{"taxonomy":"post_tag","embeddable":true,"href":"https:\/\/www.europesays.com\/no\/wp-json\/wp\/v2\/tags?post=36549"}],"curies":[{"name":"wp","href":"https:\/\/api.w.org\/{rel}","templated":true}]}}