{"id":36555,"date":"2025-09-16T06:22:25","date_gmt":"2025-09-16T06:22:25","guid":{"rendered":"https:\/\/www.europesays.com\/no\/36555\/"},"modified":"2025-09-16T06:22:25","modified_gmt":"2025-09-16T06:22:25","slug":"notodden-brann-og-feiervesen-notodden","status":"publish","type":"post","link":"https:\/\/www.europesays.com\/no\/36555\/","title":{"rendered":"Notodden brann- og feiervesen, Notodden"},"content":{"rendered":"\n<p>Denne uken lanseres kampanjen Nasjonal brann\u00f8velse &#8211; og brannfolkene lokalt markerer det med \u00e5 invitere store og sm\u00e5 til \u00c5pen brannstasjon l\u00f8rdag 20. september. <\/p>\n<p>\u2013 \u00c5pen brannstasjon er en tradisjon vi er stolte av. Det er b\u00e5de l\u00e6rerikt og morsomt for hele familien, og vi gleder oss til \u00e5 ta imot mange bes\u00f8kende, sier Jhonny Brenna, leder forebyggende i Notodden brann- og feiervesen.<\/p>\n<p>Moro og nyttig<\/p>\n<p>P\u00e5 brannstasjonen l\u00f8rdag blir det anledning til \u00e5 pr\u00f8ve seg som brannkonstabel for en dag: Sitte i brannbil, spyle med brannslange, sitte p\u00e5 i kurven p\u00e5 liften og delta i kunnskapsl\u00f8ype-konkurranse. Samtidig kan b\u00e5de voksne og barn l\u00e6re hvordan man best kan forebygge brann hjemme.<\/p>\n<p>\u2013 N\u00e5r h\u00f8stm\u00f8rket faller p\u00e5, bruker vi mer str\u00f8m, tenner flere lys og oppholder oss mer innend\u00f8rs \u2013 alt dette kan \u00f8ke risikoen for brann, og derfor blir det ekstra viktig \u00e5 \u00f8ve, sier Jhonny. <\/p>\n<p>Lag din egen brann\u00f8velse hjemme <\/p>\n<p>De fleste alvorlige branner skjer i private hjem \u2013 men der er det ingen krav til brann\u00f8velser. For \u00e5 gj\u00f8re det enklere \u00e5 v\u00e6re forberedt, har Brannvernforeningen utviklet et gratis verkt\u00f8y p\u00e5 <a href=\"https:\/\/www.brannovelse.no\/\" rel=\"Follow nofollow noopener\" target=\"_blank\">www.brannovelse.no<\/a>, der man kan skreddersy en brann\u00f8velse tilpasset sin egen bolig og livssituasjon.<\/p>\n<p>\u2013 N\u00e5r det begynner \u00e5 brenne, teller hvert sekund. Derfor er det utrolig viktig \u00e5 ha \u00f8vd hjemme, slik at hele familien vet hva de skal gj\u00f8re for \u00e5 komme seg raskt og trygt ut, sier kommunikasjonssjef i Brannvernforeningen, Aslak Gausen.<\/p>\n<p>En brann\u00f8velse hjemme kan v\u00e6re s\u00e5 enkelt som \u00e5 snakke om ulike forhold knyttet til brann rundt middagsbordet. Det kan for eksempel v\u00e6re; hvor er det sannsynlig at en brann kan starte hos oss, eller hvilke r\u00f8mningsveier har vi? Den kan ogs\u00e5 gj\u00f8res til en mer praktisk og engasjerende aktivitet for hele familien.<\/p>\n","protected":false},"excerpt":{"rendered":"Denne uken lanseres kampanjen Nasjonal brann\u00f8velse &#8211; og brannfolkene lokalt markerer det med \u00e5 invitere store og sm\u00e5&hellip;\n","protected":false},"author":2,"featured_media":36556,"comment_status":"","ping_status":"","sticky":false,"template":"","format":"standard","meta":{"footnotes":""},"categories":[10],"tags":[36,20,21,24,25,15,410,22,23,13,30,28,29,523,5838,14,16,1510,26,27],"class_list":{"0":"post-36555","1":"post","2":"type-post","3":"status-publish","4":"format-standard","5":"has-post-thumbnail","7":"category-norge","8":"tag-art","9":"tag-breaking-news","10":"tag-breakingnews","11":"tag-featured-news","12":"tag-featurednews","13":"tag-headlines","14":"tag-kultur","15":"tag-latest-news","16":"tag-latestnews","17":"tag-news","18":"tag-no","19":"tag-norge","20":"tag-norway","21":"tag-notodden","22":"tag-notodden-brann-og-feiervesen","23":"tag-nyheter","24":"tag-overskrifter","25":"tag-story","26":"tag-top-stories","27":"tag-topstories"},"share_on_mastodon":{"url":"","error":""},"_links":{"self":[{"href":"https:\/\/www.europesays.com\/no\/wp-json\/wp\/v2\/posts\/36555","targetHints":{"allow":["GET"]}}],"collection":[{"href":"https:\/\/www.europesays.com\/no\/wp-json\/wp\/v2\/posts"}],"about":[{"href":"https:\/\/www.europesays.com\/no\/wp-json\/wp\/v2\/types\/post"}],"author":[{"embeddable":true,"href":"https:\/\/www.europesays.com\/no\/wp-json\/wp\/v2\/users\/2"}],"replies":[{"embeddable":true,"href":"https:\/\/www.europesays.com\/no\/wp-json\/wp\/v2\/comments?post=36555"}],"version-history":[{"count":0,"href":"https:\/\/www.europesays.com\/no\/wp-json\/wp\/v2\/posts\/36555\/revisions"}],"wp:featuredmedia":[{"embeddable":true,"href":"https:\/\/www.europesays.com\/no\/wp-json\/wp\/v2\/media\/36556"}],"wp:attachment":[{"href":"https:\/\/www.europesays.com\/no\/wp-json\/wp\/v2\/media?parent=36555"}],"wp:term":[{"taxonomy":"category","embeddable":true,"href":"https:\/\/www.europesays.com\/no\/wp-json\/wp\/v2\/categories?post=36555"},{"taxonomy":"post_tag","embeddable":true,"href":"https:\/\/www.europesays.com\/no\/wp-json\/wp\/v2\/tags?post=36555"}],"curies":[{"name":"wp","href":"https:\/\/api.w.org\/{rel}","templated":true}]}}