{"id":36566,"date":"2025-09-16T06:47:25","date_gmt":"2025-09-16T06:47:25","guid":{"rendered":"https:\/\/www.europesays.com\/no\/36566\/"},"modified":"2025-09-16T06:47:25","modified_gmt":"2025-09-16T06:47:25","slug":"tidspunktet-for-norgespris-er-klart-dette-er-radet-til-folk-i-nord-norge","status":"publish","type":"post","link":"https:\/\/www.europesays.com\/no\/36566\/","title":{"rendered":"Tidspunktet for Norgespris er klart: Dette er r\u00e5det til folk i Nord-Norge"},"content":{"rendered":"<p>(VG) Norske husholdninger m\u00e5 snart ta et viktig valg:<\/p>\n<p>\u2013 Folk har behov for forutsigbarhet i str\u00f8mregningen, og dette har v\u00e6rt drivkraften bak innf\u00f8ringen av Norgespris, sier energiminister Terje Aasland.<\/p>\n<p><img decoding=\"async\" src=\"data:image\/gif;base64,R0lGODlhEAAJAIAAAP\/\/\/wAAACH5BAEAAAAALAAAAAAQAAkAAAIKhI+py+0Po5yUFQA7\" alt=\"\"\/> <\/p>\n<p>  <strong>Foto:<\/strong> G\u00f8ran Bohlin \/ VG<\/p>\n<p>Norgespris gir en fast str\u00f8mpris p\u00e5 40 \u00f8re (50 \u00f8re inkludert moms) per kilowattime.<\/p>\n<p>\u2013 Dette er en statlig finansiert ordning der staten dekker kostnader som overstiger Norgesprisen, sier energiminister Terje Aasland.<\/p>\n<p>Men du betaler fortsatt 40 \u00f8re per kilowattime \u2013 selv om markedsprisen skulle v\u00e6re lavere.<\/p>\n<p>Her kan du se gjennomsnittlig str\u00f8mpris i dag:<\/p>\n<p>Prisen gjelder bare selve str\u00f8mmen. Nettleie, avgifter og p\u00e5slag fra str\u00f8mselskapene kommer i tillegg.<\/p>\n<p>Den nye ordningen innf\u00f8res fra 1. oktober og er et frivillig alternativ til dagens str\u00f8mst\u00f8tte.<\/p>\n<p>Dersom man velger Norgespris, binder man seg ut 2026.<\/p>\n<p>\u2013 Det er lang bindingstid, men det skyldes at str\u00f8mprisene svinger gjennom \u00e5ret, sier Aasland.<\/p>\n<p>Han forklarer at bindingstiden skal hindre at forbrukerne kun benytter ordningen i vinterhalv\u00e5ret \u2013 n\u00e5r str\u00f8mmen normalt er dyrest \u2013 og melder seg ut igjen til sommeren.<\/p>\n<p><img decoding=\"async\" src=\"data:image\/gif;base64,R0lGODlhEAAJAIAAAP\/\/\/wAAACH5BAEAAAAALAAAAAAQAAkAAAIKhI+py+0Po5yUFQA7\" alt=\"\"\/> <\/p>\n<p>  <strong>Foto:<\/strong> G\u00f8ran Bohlin \/ VG<\/p>\n<p>\u2013 M\u00e5let er \u00e5 skape stabilitet for b\u00e5de forbrukere og kraftsystemet, forklarer Aasland.<\/p>\n<p>\u2013 S\u00e5 det er bare \u00e5 glede seg, egentlig.<\/p>\n<p>  Slik bestiller du Norgespris Vis mer \u2193 <\/p>\n<ul class=\"List\">\n<li>\n<p>Bestilling av Norgespris vil foreg\u00e5 gjennom Elhub sine nettsider.<\/p>\n<\/li>\n<li>\n<p>Der logger man seg inn via BankID.<\/p>\n<\/li>\n<li>\n<p>P\u00e5 nettsidene f\u00e5r du oversikt over hvilke str\u00f8mm\u00e5lere som er registrert i ditt navn, og du kan se en beregning som viser om Norgespris kunne ha l\u00f8nt seg for deg \u2013 basert p\u00e5 tidligere str\u00f8mforbruk.<\/p>\n<\/li>\n<li>\n<p>Fra 16. september kan husholdninger logge inn for \u00e5 f\u00e5 informasjon om hvordan Norgespris ville p\u00e5virket str\u00f8mregningen deres i tidligere \u00e5r.<\/p>\n<\/li>\n<li>\n<p>Fra 24. september er det mulig \u00e5 bestille denne ordningen.<\/p>\n<\/li>\n<\/ul>\n<p>Det kan v\u00e6re greit \u00e5 vite at avtalen er knyttet til boligen, ikke personen. Det betyr at hvis du selger boligen eller g\u00e5r bort, overtar den nye eieren avtalen.<\/p>\n<p><img decoding=\"async\" src=\"data:image\/gif;base64,R0lGODlhEAAJAIAAAP\/\/\/wAAACH5BAEAAAAALAAAAAAQAAkAAAIKhI+py+0Po5yUFQA7\" alt=\"FASTPRIS P\u00c5 HYTTA: Med Norgespris f\u00e5r du en fastpris ogs\u00e5 p\u00e5 hytta. For fritidsboliger er ordningen begrenset til 1000 kWh i m\u00e5neden.\"\/><br \/>\n  HYTTA: Med Norgespris f\u00e5r du en fastpris ogs\u00e5 p\u00e5 hytta. For fritidsboliger er ordningen begrenset til 1000 kWh i m\u00e5neden.<br \/>\n  <strong>Foto:<\/strong> Stella Bugge \/ VG<\/p>\n<p>Dersom du ikke aktivt velger Norgespris, fortsetter du automatisk med dagens str\u00f8mst\u00f8tteordning.<\/p>\n<p>Hvem b\u00f8r velge Norgespris?<\/p>\n<p>VG har tidligere omtalt at mange er <a href=\"https:\/\/www.vg.no\/nyheter\/i\/jQGkwL\/undersoekelse-om-norgespris-mange-har-ikke-bestemt-seg\" rel=\"noopener nofollow\" target=\"_blank\">usikre p\u00e5 valget om Norgespris<\/a>. Ekspertene er imidlertid krystallklare: Folk i S\u00f8r-Norge b\u00f8r takke ja, mens de som bor lenger nord b\u00f8r styre unna.<\/p>\n<p>\u2013 Ut fra prishensyn er det tindrende klart: Du b\u00f8r velge Norgespris, sier analytiker Olav Johan Botnen i Volt Power Analytics til <a href=\"https:\/\/e24.no\/energi-og-klima\/i\/JbzG9P\/disse-boer-velge-norgespris-det-er-en-no-brainer\" rel=\"noopener nofollow\" target=\"_blank\">E24<\/a>.<\/p>\n<p>Han snakker da om folk i de tre s\u00f8rligste prisomr\u00e5dene.<\/p>\n<p>\u2013 Det er en no-brainer. Bor du p\u00e5 \u00d8stlandet, Vestlandet eller S\u00f8rlandet, s\u00e5 skal du velge Norgespris, sier handelssjef Tom Eirik Olsen i Ishavskraft til E24.<\/p>\n<p>I Nord-Norge har folk s\u00e5 billig str\u00f8m at de ligger an til \u00e5 tape p\u00e5 den nye ordningen. Der var snittprisen bare syv \u00f8re kilowattimen i f\u00f8rste halv\u00e5r.<\/p>\n<p>\u2013 I Midt-Norge b\u00f8r man vente litt og se om str\u00f8mprisene stiger fram mot vinteren f\u00f8r man eventuelt takker ja, sier Olsen.<\/p>\n","protected":false},"excerpt":{"rendered":"(VG) Norske husholdninger m\u00e5 snart ta et viktig valg: \u2013 Folk har behov for forutsigbarhet i str\u00f8mregningen, og&hellip;\n","protected":false},"author":2,"featured_media":36567,"comment_status":"","ping_status":"","sticky":false,"template":"","format":"standard","meta":{"footnotes":""},"categories":[10],"tags":[20,21,24,25,15,22,23,13,30,28,3333,29,14,16,1501,5727,26,27],"class_list":{"0":"post-36566","1":"post","2":"type-post","3":"status-publish","4":"format-standard","5":"has-post-thumbnail","7":"category-norge","8":"tag-breaking-news","9":"tag-breakingnews","10":"tag-featured-news","11":"tag-featurednews","12":"tag-headlines","13":"tag-latest-news","14":"tag-latestnews","15":"tag-news","16":"tag-no","17":"tag-norge","18":"tag-norgespris","19":"tag-norway","20":"tag-nyheter","21":"tag-overskrifter","22":"tag-strompriser","23":"tag-terje-aasland","24":"tag-top-stories","25":"tag-topstories"},"share_on_mastodon":{"url":"","error":""},"_links":{"self":[{"href":"https:\/\/www.europesays.com\/no\/wp-json\/wp\/v2\/posts\/36566","targetHints":{"allow":["GET"]}}],"collection":[{"href":"https:\/\/www.europesays.com\/no\/wp-json\/wp\/v2\/posts"}],"about":[{"href":"https:\/\/www.europesays.com\/no\/wp-json\/wp\/v2\/types\/post"}],"author":[{"embeddable":true,"href":"https:\/\/www.europesays.com\/no\/wp-json\/wp\/v2\/users\/2"}],"replies":[{"embeddable":true,"href":"https:\/\/www.europesays.com\/no\/wp-json\/wp\/v2\/comments?post=36566"}],"version-history":[{"count":0,"href":"https:\/\/www.europesays.com\/no\/wp-json\/wp\/v2\/posts\/36566\/revisions"}],"wp:featuredmedia":[{"embeddable":true,"href":"https:\/\/www.europesays.com\/no\/wp-json\/wp\/v2\/media\/36567"}],"wp:attachment":[{"href":"https:\/\/www.europesays.com\/no\/wp-json\/wp\/v2\/media?parent=36566"}],"wp:term":[{"taxonomy":"category","embeddable":true,"href":"https:\/\/www.europesays.com\/no\/wp-json\/wp\/v2\/categories?post=36566"},{"taxonomy":"post_tag","embeddable":true,"href":"https:\/\/www.europesays.com\/no\/wp-json\/wp\/v2\/tags?post=36566"}],"curies":[{"name":"wp","href":"https:\/\/api.w.org\/{rel}","templated":true}]}}