{"id":36568,"date":"2025-09-16T06:53:14","date_gmt":"2025-09-16T06:53:14","guid":{"rendered":"https:\/\/www.europesays.com\/no\/36568\/"},"modified":"2025-09-16T06:53:14","modified_gmt":"2025-09-16T06:53:14","slug":"russisk-storangrep-kreml-hevder-nato-er-i-krig-med-russland","status":"publish","type":"post","link":"https:\/\/www.europesays.com\/no\/36568\/","title":{"rendered":"Russisk storangrep \u2013 Kreml hevder NATO er \u00abi krig\u00bb med Russland"},"content":{"rendered":"<p><strong>Russiske styrker gjennomf\u00f8rte natt til tirsdag et massivt angrep mot den s\u00f8r\u00f8stlige ukrainske byen Zaporizjzja.<\/strong><\/p>\n<p>If\u00f8lge <a href=\"https:\/\/www.reuters.com\/world\/massive-russian-attack-ukraines-zaporizhzhia-kills-one-injures-seven-2025-09-15\/\" rel=\"nofollow noopener\" target=\"_blank\">Reuters<\/a> ble \u00e9n person drept og sju skadet, deriblant et barn. Guvern\u00f8r Ivan Fedorov opplyste at flere branner br\u00f8t ut i private hjem og bygninger etter rakettangrepene, og delte bilder og video p\u00e5 <a href=\"https:\/\/t.me\/s\/ivan_fedorov_zp\" rel=\"nofollow\">Telegram<\/a> av brannmannskaper som kjempet mot flammene.<\/p>\n<p>The Kyiv Independent <a href=\"https:\/\/kyivindependent.com\/1-killed-7-injured-including-child-in-russian-strike-on-zaporizhzhia\/\" rel=\"nofollow noopener\" target=\"_blank\">skriver<\/a> at angrepet startet sent mandag og at til sammen ni personer ble s\u00e5ret, inkludert en fire \u00e5r gammel jente. Fedorov opplyste at byen ble rammet av minst ti treff, b\u00e5de mot boliger og andre bygninger.<\/p>\n<p>\u2013 Barnets liv er ikke i fare, men redningsmannskaper leter fortsatt etter mulige ofre under ruinene, sa guvern\u00f8ren if\u00f8lge avisen.<\/p>\n<p>Samtidig trappet <a href=\"https:\/\/kyivindependent.com\/kremlin-claims-nato-at-war-with-russia\/\" rel=\"nofollow noopener\" target=\"_blank\">Kreml opp retorikken etter helgens<\/a> droneangrep mot Polen.<\/p>\n<p>\u2013 NATO er i krig med Russland; dette er \u00e5penbart og trenger ingen bevis, sa Kremls talsperson Dmitrij Peskov. Han gjentok Moskvas p\u00e5stand om at vestlig st\u00f8tte til Ukraina utgj\u00f8r direkte deltakelse i krigen.<\/p>\n<p>Polske myndigheter og analytikere hevder p\u00e5 sin side om at slike utsagn er en del av en koordinert desinformasjonskampanje. EU og NATO har ford\u00f8mt de russiske droneangrepene som en \u00abfarlig eskalering\u00bb, men understreker at det bare er Russland som f\u00f8rer krig i Ukraina.<\/p>\n","protected":false},"excerpt":{"rendered":"Russiske styrker gjennomf\u00f8rte natt til tirsdag et massivt angrep mot den s\u00f8r\u00f8stlige ukrainske byen Zaporizjzja. If\u00f8lge Reuters ble&hellip;\n","protected":false},"author":2,"featured_media":36569,"comment_status":"","ping_status":"","sticky":false,"template":"","format":"standard","meta":{"footnotes":""},"categories":[12],"tags":[20,21,24,25,15,179,22,23,233,13,30,28,29,14,16,3603,188,26,27,42,43,44,45],"class_list":{"0":"post-36568","1":"post","2":"type-post","3":"status-publish","4":"format-standard","5":"has-post-thumbnail","7":"category-verden","8":"tag-breaking-news","9":"tag-breakingnews","10":"tag-featured-news","11":"tag-featurednews","12":"tag-headlines","13":"tag-krigen-i-ukraina","14":"tag-latest-news","15":"tag-latestnews","16":"tag-nato","17":"tag-news","18":"tag-no","19":"tag-norge","20":"tag-norway","21":"tag-nyheter","22":"tag-overskrifter","23":"tag-polen","24":"tag-russland","25":"tag-top-stories","26":"tag-topstories","27":"tag-verden","28":"tag-world","29":"tag-world-news","30":"tag-worldnews"},"share_on_mastodon":{"url":"","error":""},"_links":{"self":[{"href":"https:\/\/www.europesays.com\/no\/wp-json\/wp\/v2\/posts\/36568","targetHints":{"allow":["GET"]}}],"collection":[{"href":"https:\/\/www.europesays.com\/no\/wp-json\/wp\/v2\/posts"}],"about":[{"href":"https:\/\/www.europesays.com\/no\/wp-json\/wp\/v2\/types\/post"}],"author":[{"embeddable":true,"href":"https:\/\/www.europesays.com\/no\/wp-json\/wp\/v2\/users\/2"}],"replies":[{"embeddable":true,"href":"https:\/\/www.europesays.com\/no\/wp-json\/wp\/v2\/comments?post=36568"}],"version-history":[{"count":0,"href":"https:\/\/www.europesays.com\/no\/wp-json\/wp\/v2\/posts\/36568\/revisions"}],"wp:featuredmedia":[{"embeddable":true,"href":"https:\/\/www.europesays.com\/no\/wp-json\/wp\/v2\/media\/36569"}],"wp:attachment":[{"href":"https:\/\/www.europesays.com\/no\/wp-json\/wp\/v2\/media?parent=36568"}],"wp:term":[{"taxonomy":"category","embeddable":true,"href":"https:\/\/www.europesays.com\/no\/wp-json\/wp\/v2\/categories?post=36568"},{"taxonomy":"post_tag","embeddable":true,"href":"https:\/\/www.europesays.com\/no\/wp-json\/wp\/v2\/tags?post=36568"}],"curies":[{"name":"wp","href":"https:\/\/api.w.org\/{rel}","templated":true}]}}