{"id":36570,"date":"2025-09-16T06:54:08","date_gmt":"2025-09-16T06:54:08","guid":{"rendered":"https:\/\/www.europesays.com\/no\/36570\/"},"modified":"2025-09-16T06:54:08","modified_gmt":"2025-09-16T06:54:08","slug":"netflix-dokumentaren-om-martha-louise-og-durek-far-to-terninger-av-the-guardian","status":"publish","type":"post","link":"https:\/\/www.europesays.com\/no\/36570\/","title":{"rendered":"Netflix-dokumentaren om M\u00e4rtha Louise og Durek f\u00e5r to terninger av The Guardian"},"content":{"rendered":"\n<p class=\"_lead_ew2ao_2 _lead_xtcu6_50 layout-component text-serif-m layout-normal text-serif-l layout-component layout-wide layout-padded _wide_17hqh_1 layout-padded\">Den engelske avisen The Guardian gir Netflix-dokumentaren \u00abRebel Royals: An Unlikely Love Story\u00bb karakter to av fem.<\/p>\n<p><img alt=\" Bilde fra dokumentaren \u00abRebel Royals \u2013 An Unlikely Love Story\u00bb Durek Verret og M\u00e4rtha Louise. Foto: Netflix\" class=\"_image_qp4xg_65 layout-component layout-wide\" data-fullscreen- data-track-element-type=\"Article image fullscreen\" data-track-name=\"ImageFullscreen\" fetchpriority=\"high\" decoding=\"sync\" loading=\"eager\" height=\"2160\" itemprop=\"image\"  src=\"https:\/\/www.europesays.com\/no\/wp-content\/uploads\/2025\/09\/32c40a52-c967-45e2-ba05-f12530e68aca\"  style=\"object-position:0% 0%\" width=\"3840\"\/> Bilde fra dokumentaren \u00abRebel Royals \u2013 An Unlikely Love Story\u00bb Durek Verret og M\u00e4rtha Louise. Foto: Netflix<\/p>\n<ul aria-hidden=\"true\" class=\"_images_1y6fe_106\">\n<li><a class=\"_link_1y6fe_111\" href=\"https:\/\/www.vg.no\/forfatter\/hanne-kretuz-hansen\" style=\"z-index:1\" title=\"Hanne Kreutz-Hansen\" rel=\"nofollow noopener\" target=\"_blank\"><img alt=\"Bilde av Hanne Kreutz-Hansen\" class=\"_image_1y6fe_88\" fetchpriority=\"low\" loading=\"lazy\" decoding=\"async\" itemprop=\"image\"  src=\"https:\/\/www.europesays.com\/no\/wp-content\/uploads\/2025\/09\/91499188-43f5-43fa-b038-5716eac94ffb\"  width=\"480\"\/><\/a><\/li>\n<\/ul>\n<p> Oppdatert tirsdag 16. september kl. 08:39    <\/p>\n<ul class=\"_list_ew2ao_3 _list_64s2r_85 _unordered_ew2ao_99 text-sans-m\">\n<li class=\"_item_ew2ao_30\">The Guardian gir Netflix-dokumentaren \u00abRebel Royals: An Unlikely Love Story\u00bb terningkast to.<\/li>\n<li class=\"_item_ew2ao_30\">Anmelderen kaller filmen overfladisk og lite uavhengig, og mener sp\u00f8rsm\u00e5l om Verretts fortid og p\u00e5stander om seksuell trakassering forblir ubesvart.<\/li>\n<\/ul>\n<p>Vis mer <\/p>\n<p class=\"_paragraph_ew2ao_4 _paragraph_xtcu6_10 layout-component text-serif-m layout-normal text-serif-m layout-padded\"><a href=\"https:\/\/www.theguardian.com\/tv-and-radio\/2025\/sep\/16\/rebel-royals-an-unlikely-love-story-review-the-one-about-the-princess-and-the-soul-sexual-shaman\" class=\"_link_ew2ao_39\" rel=\"nofollow noopener\" target=\"_blank\">Avisen<\/a> er f\u00f8rst ute med \u00e5 anmelde <a href=\"https:\/\/www.vg.no\/tag\/netflix?utm_source=vg-article&amp;utm_medium=auto-tagger&amp;utm_campaign=o3XOm0\" class=\"_link_ew2ao_39\" rel=\"nofollow noopener\" target=\"_blank\">Netflix<\/a>-dokumentaren om M\u00e4rtha Louise og Dureks Verretts \u00absjokkerende ekteskap\u00bb, som anmelderen skriver.<\/p>\n<p class=\"_paragraph_ew2ao_4 _paragraph_xtcu6_10 layout-component text-serif-m layout-normal text-serif-m layout-padded\">Avisen bryter dermed sperrefristen som er klokken 09.00 i dag.<\/p>\n<p class=\"_paragraph_ew2ao_4 _paragraph_xtcu6_10 layout-component text-serif-m layout-normal text-serif-m layout-padded\">Anmelderen Hannah J Davis mener dokumentaren tilbyr flere interessante godbiter som at Verrett kaller seg \u00absjelseksuell\u00bb og at han tidligere trodde han skulle ende opp med en mannlig partner.<\/p>\n<p>\u2013 Overflatisk<\/p>\n<p class=\"_paragraph_ew2ao_4 _paragraph_xtcu6_10 layout-component text-serif-m layout-normal text-serif-m layout-padded\">\u2013 Men egentlig f\u00f8les alt her uunng\u00e5elig overfladisk med sine overstr\u00f8mmende kommentarer fra filmens personer, tabloidoverskrifter om at Verrett hjernevasker M\u00e4rtha Louise, og sp\u00f8rsm\u00e5l fra norske medier som forblir ubesvart, mener anmelderen.<\/p>\n<p class=\"_paragraph_ew2ao_4 _paragraph_xtcu6_10 layout-component text-serif-m layout-normal text-serif-m layout-padded\">Hun mener filmen b\u00e6rer preg av \u00e5 ha en ensidig fremstilling av paret og ikke v\u00e6re redaksjonelt uavhengig.<\/p>\n<p><img alt=\"Prinsesse M\u00e4rtha Louise og Durek Verrett p\u00e5 r\u00f8d l\u00f8per p\u00e5 ELLE-fest i sommer.   Foto: Naina Hel\u00e9n J\u00e5ma \/ VG\" class=\"_image_qp4xg_65 layout-component layout-normal\" data-fullscreen- data-track-element-type=\"Article image fullscreen\" data-track-name=\"ImageFullscreen\" decoding=\"async\" loading=\"lazy\" height=\"7792\" itemprop=\"image\"  src=\"https:\/\/www.europesays.com\/no\/wp-content\/uploads\/2025\/09\/f127dfa8-7a97-49f0-b466-69db64e3ebaf\"  style=\"object-position:0% 0%\" width=\"5195\"\/>Prinsesse M\u00e4rtha Louise og Durek Verrett p\u00e5 r\u00f8d l\u00f8per p\u00e5 ELLE-fest i sommer.   Foto: Naina Hel\u00e9n J\u00e5ma \/ VG<\/p>\n<p class=\"_paragraph_ew2ao_4 _paragraph_xtcu6_10 layout-component text-serif-m layout-normal text-serif-m layout-padded\">\u2013 \u00c5 si at Durek Verrett ikke var det den norske offentligheten hadde i tankene ville v\u00e6re en underdrivelse, skriver anmelderen, som likevel mener at denne Netflix-dokumentaren viser at prinsessen og sjaman har mye til felles.<\/p>\n<p class=\"_paragraph_ew2ao_4 _paragraph_xtcu6_10 layout-component text-serif-m layout-normal text-serif-m layout-padded\">\u2013\u00abM\u00e4rtha Louise er kanskje en prinsesse, men hun er utrolig \u00abcrunchy\u00bb (spr\u00f8), fortsetter anmelderen og viser til at prinsessen allerede hadde snakket med engler og undervist om healing i mange \u00e5r da paret m\u00f8ttes. <\/p>\n<p class=\"_paragraph_ew2ao_4 _paragraph_xtcu6_10 layout-component text-serif-m layout-normal text-serif-m layout-padded\">I tillegg til at paret mener de har m\u00f8ttes i et tidligere liv.<\/p>\n<p>Svindelp\u00e5stand<\/p>\n<p class=\"_paragraph_ew2ao_4 _paragraph_xtcu6_10 layout-component text-serif-m layout-normal text-serif-m layout-padded\">Anmelderen p\u00e5peker at kongehusekspert Tove Taalesen mener at Verrett \u00abkanskje er en svindler\u00bb, noe Verrett benekter. Derimot ser han enhver kritikk mot ham som en form for svertekampanje fra en pressen som ikke liker at prinsessen dere skal gifte seg med en svart og bifil mann.<\/p>\n<p class=\"_paragraph_ew2ao_4 _paragraph_xtcu6_10 layout-component text-serif-m layout-normal text-serif-m layout-padded\">\u2013 Det kan godt v\u00e6re tilfelle, skriver anmelderen, som mener filmen etterlater noen blanke ark n\u00e5r det gjelder Verretts fortid. Han f\u00e5r heller ingen direkte sp\u00f8rsm\u00e5l om anklagene om seksuell trakassering mot en klient, p\u00e5peker hun og etterlyser Verretts forklaring p\u00e5 hvorfor han tror noen sykdommer kan kureres med sjamanistiske metoder,  og skulle gjerne m\u00f8tt en forn\u00f8yd kunde eller to. I stedet opplever hun at Verrett benytter anledningen til \u00e5 beskrive seg selv som \u00aben s\u00e5ret helbreder\u00bb, skriver hun og avslutter:<\/p>\n<p class=\"_paragraph_ew2ao_4 _paragraph_xtcu6_10 layout-component text-serif-m layout-normal text-serif-m layout-padded\">Kanskje burde paret ha g\u00e5tt rett til reality TV-i stedet for?<\/p>\n","protected":false},"excerpt":{"rendered":"Den engelske avisen The Guardian gir Netflix-dokumentaren \u00abRebel Royals: An Unlikely Love Story\u00bb karakter to av fem. Bilde&hellip;\n","protected":false},"author":2,"featured_media":36571,"comment_status":"","ping_status":"","sticky":false,"template":"","format":"standard","meta":{"footnotes":""},"categories":[10],"tags":[20,21,2858,24,25,15,22,23,220,13,30,28,29,14,16,403,26,27],"class_list":{"0":"post-36570","1":"post","2":"type-post","3":"status-publish","4":"format-standard","5":"has-post-thumbnail","7":"category-norge","8":"tag-breaking-news","9":"tag-breakingnews","10":"tag-durek-verrett","11":"tag-featured-news","12":"tag-featurednews","13":"tag-headlines","14":"tag-latest-news","15":"tag-latestnews","16":"tag-netflix","17":"tag-news","18":"tag-no","19":"tag-norge","20":"tag-norway","21":"tag-nyheter","22":"tag-overskrifter","23":"tag-prinsesse","24":"tag-top-stories","25":"tag-topstories"},"share_on_mastodon":{"url":"","error":""},"_links":{"self":[{"href":"https:\/\/www.europesays.com\/no\/wp-json\/wp\/v2\/posts\/36570","targetHints":{"allow":["GET"]}}],"collection":[{"href":"https:\/\/www.europesays.com\/no\/wp-json\/wp\/v2\/posts"}],"about":[{"href":"https:\/\/www.europesays.com\/no\/wp-json\/wp\/v2\/types\/post"}],"author":[{"embeddable":true,"href":"https:\/\/www.europesays.com\/no\/wp-json\/wp\/v2\/users\/2"}],"replies":[{"embeddable":true,"href":"https:\/\/www.europesays.com\/no\/wp-json\/wp\/v2\/comments?post=36570"}],"version-history":[{"count":0,"href":"https:\/\/www.europesays.com\/no\/wp-json\/wp\/v2\/posts\/36570\/revisions"}],"wp:featuredmedia":[{"embeddable":true,"href":"https:\/\/www.europesays.com\/no\/wp-json\/wp\/v2\/media\/36571"}],"wp:attachment":[{"href":"https:\/\/www.europesays.com\/no\/wp-json\/wp\/v2\/media?parent=36570"}],"wp:term":[{"taxonomy":"category","embeddable":true,"href":"https:\/\/www.europesays.com\/no\/wp-json\/wp\/v2\/categories?post=36570"},{"taxonomy":"post_tag","embeddable":true,"href":"https:\/\/www.europesays.com\/no\/wp-json\/wp\/v2\/tags?post=36570"}],"curies":[{"name":"wp","href":"https:\/\/api.w.org\/{rel}","templated":true}]}}