{"id":36612,"date":"2025-09-16T08:15:09","date_gmt":"2025-09-16T08:15:09","guid":{"rendered":"https:\/\/www.europesays.com\/no\/36612\/"},"modified":"2025-09-16T08:15:09","modified_gmt":"2025-09-16T08:15:09","slug":"kjaeresten-kan-flytte-til-usa","status":"publish","type":"post","link":"https:\/\/www.europesays.com\/no\/36612\/","title":{"rendered":"Kj\u00e6resten kan flytte til USA"},"content":{"rendered":"\n<p class=\"_lead_ew2ao_2 _lead_xtcu6_50 layout-component text-serif-m layout-normal text-serif-l layout-component layout-wide layout-padded _wide_17hqh_1 layout-padded\">Dennis Hauger (22) har god tro p\u00e5 at det skal bli opprykk til IndyCar i 2026. N\u00e5 kan kj\u00e6resten Julie Sletten (27) flytte til USA.<\/p>\n<p><img alt=\"Dennis Hauger og kj\u00e6resten Julie Sletten under Porsche Carrera Cupen p\u00e5 Rudskogen sist helg. Foto: Ole Kristian Str\u00f8m \/ VG\" class=\"_image_qp4xg_65 layout-component layout-wide\" data-fullscreen- data-track-element-type=\"Article image fullscreen\" data-track-name=\"ImageFullscreen\" fetchpriority=\"high\" decoding=\"sync\" loading=\"eager\" height=\"4284\" itemprop=\"image\"  src=\"https:\/\/www.europesays.com\/no\/wp-content\/uploads\/2025\/09\/67a887a9-fbec-4d1e-ab66-bb62952073b3\"  style=\"object-position:0% 0%\" width=\"5712\"\/>Dennis Hauger og kj\u00e6resten Julie Sletten under Porsche Carrera Cupen p\u00e5 Rudskogen sist helg. Foto: Ole Kristian Str\u00f8m \/ VG<\/p>\n<ul aria-hidden=\"true\" class=\"_images_1y6fe_106\">\n<li><a class=\"_link_1y6fe_111\" href=\"https:\/\/www.vg.no\/forfatter\/ole-kristian-stroem\" style=\"z-index:1\" title=\"Ole Kristian Str\u00f8m\" rel=\"nofollow noopener\" target=\"_blank\"><img alt=\"Bilde av Ole Kristian Str\u00f8m\" class=\"_image_1y6fe_88\" fetchpriority=\"low\" loading=\"lazy\" decoding=\"async\" itemprop=\"image\"  src=\"https:\/\/www.europesays.com\/no\/wp-content\/uploads\/2025\/09\/dd65a725-93c8-4bec-9c8b-df4ed88aa4f8\"  width=\"480\"\/><\/a><\/li>\n<\/ul>\n<p> Oppdatert tirsdag 16. september kl. 09:45    <\/p>\n<ul class=\"_list_ew2ao_3 _list_64s2r_85 _unordered_ew2ao_99 text-sans-m\">\n<li class=\"_item_ew2ao_30\">Dennis Hauger (22) er Indy NXT-mester i debutsesongen og sikter mot IndyCar i 2026.<\/li>\n<li class=\"_item_ew2ao_30\">Premiepotten p\u00e5 9 millioner kroner skal sikre to l\u00f8p, inkludert Indy 500, men han jakter fulltidssete i 2026.<\/li>\n<li class=\"_item_ew2ao_30\">Kj\u00e6resten Julie Sletten (27) vurderer \u00e5 flytte til med til USA.<\/li>\n<\/ul>\n<p>Vis mer <\/p>\n<p class=\"_paragraph_ew2ao_4 _paragraph_xtcu6_10 layout-component text-serif-m layout-normal text-serif-m layout-padded\">Aurskog-karen er blitt mester i Indy NXT-serien i sin f\u00f8rste sesong, og det er gode muligheter for at han blir \u00e5 finne i den amerikanske Formel 1-varianten IndyCar neste \u00e5r.<\/p>\n<p class=\"_paragraph_ew2ao_4 _paragraph_xtcu6_10 layout-component text-serif-m layout-normal text-serif-m layout-padded\">\u2013 Det har v\u00e6rt syv lange m\u00e5neder fra hverandre, men det har g\u00e5tt overraskende bra. Vi er vant til tid borte fra hverandre slik at vi begge kan fokusere p\u00e5 v\u00e5rt, sier Sletten n\u00e5r VG m\u00f8ter dem p\u00e5 Rudskogen Motorsenter, der Hauger nettopp har g\u00e5tt til topps som gjest i den skandinaviske Porsche Carrera-cupen.<\/p>\n<p class=\"_paragraph_ew2ao_4 _paragraph_xtcu6_10 layout-component text-serif-m layout-normal text-serif-m layout-padded\"><strong class=\"_strong_ew2ao_25\">\u2013 Vi f\u00e5r se hva som skjer med Dennis, men jeg vil tenke over om jeg skal flytte med til USA, sier Julie Sletten.<\/strong><\/p>\n<p class=\"_paragraph_ew2ao_4 _paragraph_xtcu6_10 layout-component text-serif-m layout-normal text-serif-m layout-padded\">Hun er for mange kjent som en profil p\u00e5 <a href=\"https:\/\/www.instagram.com\/juliesletten\/\" class=\"_link_ew2ao_39\" rel=\"nofollow noopener\" target=\"_blank\">Instagram<\/a>, men jobber n\u00e5 som salgssjef i Unifon, som driver med telefonil\u00f8sninger mot bedriftsmarkedet.<\/p>\n<p class=\"_paragraph_ew2ao_4 _paragraph_xtcu6_10 layout-component text-serif-m layout-normal text-serif-m layout-padded\">Haugers mestertittel ga 850.000 dollar &#8211; rundt ni millioner kroner &#8211; i premie. Disse pengene er \u00f8remerket til blant annet \u00e5 kj\u00f8re to IndyCar-l\u00f8p i 2026, hvorav legendariske Indy 500 er \u00e9n av dem.<\/p>\n<p class=\"_paragraph_ew2ao_4 _paragraph_xtcu6_10 layout-component text-serif-m layout-normal text-serif-m layout-padded\">Men mesterskapet best\u00e5r av totalt 17 l\u00f8p, og Haugers m\u00e5l er \u00e5 kj\u00f8re samtlige.<\/p>\n<p class=\"_paragraph_ew2ao_4 _paragraph_xtcu6_10 layout-component text-serif-m layout-normal text-serif-m layout-padded\">\u2013 Det er det vi jobber mot, og det ser lysere og lysere ut. Det jobbes p\u00e5, men jeg kan ikke bekrefte noe enn\u00e5, sier han med et lurt smil.<\/p>\n<p class=\"_paragraph_ew2ao_4 _paragraph_xtcu6_10 layout-component text-serif-m layout-normal text-serif-m layout-padded\">\u2013 Ni millioner kroner er selvf\u00f8lgelig en god start uansett. Du f\u00e5r en premie hvis du presterer, og vi ser muligheten i det. N\u00e5 jobber vi selvf\u00f8lgelig for at jeg skal f\u00e5 et fulltidssete i IndyCar. <\/p>\n<p class=\"_paragraph_ew2ao_4 _paragraph_xtcu6_10 layout-component text-serif-m layout-normal text-serif-m layout-padded\">\u2013 Har selvtilliten vokst bra i l\u00f8pet av 2025?<\/p>\n<p class=\"_paragraph_ew2ao_4 _paragraph_xtcu6_10 layout-component text-serif-m layout-normal text-serif-m layout-padded\">\u2013 Jeg f\u00f8ler selvtilliten har alltid v\u00e6rt der. Det har ikke st\u00e5tt p\u00e5 det. Det har selvf\u00f8lgelig v\u00e6rt tunge tider, det har v\u00e6rt gode tider. Det \u00e5 f\u00e5 en f\u00f8lelse med bil og team, der ting stemmer liksom, og ting f\u00f8les riktig, det har bare v\u00e6rt veldig, veldig godt. Det er de tunge tidene man l\u00e6rer av. S\u00e5nn er det hele veien!<\/p>\n<p class=\"_paragraph_ew2ao_4 _paragraph_xtcu6_10 layout-component text-serif-m layout-normal text-serif-m layout-padded\">Kj\u00e6resten Julie Sletten har v\u00e6rt en god st\u00f8tte i \u00e5rene f\u00f8r, der Formel 2 ikke ble den suksessen for Hauger som han hadde h\u00e5pet p\u00e5. Formel 1-dr\u00f8mmen er over &#8211; i hvert fall forel\u00f8pig.<\/p>\n<p><img alt=\"UNDER TAK: Dennis Hauger vant i helgen de to l\u00f8pene i Porsche Carrera Cup p\u00e5 Rudskogen i \u00d8stfold.\" class=\"_image_qp4xg_65 layout-component layout-normal\" data-fullscreen- data-track-element-type=\"Article image fullscreen\" data-track-name=\"ImageFullscreen\" decoding=\"async\" loading=\"lazy\" height=\"359\" itemprop=\"image\"  src=\"https:\/\/www.europesays.com\/no\/wp-content\/uploads\/2025\/09\/7de5e6a0-f622-4db1-80a1-90f403f71594\"  style=\"object-position:0% 0%\" width=\"836\"\/>UNDER TAK: Dennis Hauger vant i helgen de to l\u00f8pene i Porsche Carrera Cup p\u00e5 Rudskogen i \u00d8stfold.<\/p>\n<p class=\"_paragraph_ew2ao_4 _paragraph_xtcu6_10 layout-component text-serif-m layout-normal text-serif-m layout-padded\">\u2013 Hvordan har det v\u00e6rt \u00e5 komme fra Formel 2 og til en helt ny verden i USA?<\/p>\n<p class=\"_paragraph_ew2ao_4 _paragraph_xtcu6_10 layout-component text-serif-m layout-normal text-serif-m layout-padded\">\u2013 Veldig kult og veldig \u00abfresh\u00bb! Et nytt milj\u00f8 med nye mennesker. Det har v\u00e6rt veldig, veldig deilig og motiverende. S\u00e5 har det selvf\u00f8lgelig v\u00e6rt rart \u00e5 bo \u00abover dammen\u00bb hele \u00e5ret, men det var det som m\u00e5tte til. Jeg m\u00e5tte bli kjent med alt mulig der borte. Det er mye som er annerledes enn i Europa. Og s\u00e5 er jeg glad for at jeg kunne avslutte sesongen p\u00e5 topp.<\/p>\n<p class=\"_paragraph_ew2ao_4 _paragraph_xtcu6_10 layout-component text-serif-m layout-normal text-serif-m layout-padded\">\u2013 Det klarte du jo ganske enkelt &#8230;<\/p>\n<p class=\"_paragraph_ew2ao_4 _paragraph_xtcu6_10 layout-component text-serif-m layout-normal text-serif-m layout-padded\">\u2013 Det gikk veldig bra, det gjorde det. Det har v\u00e6rt et kjempegodt \u00e5r. Jeg visste jo ikke helt hva jeg kunne forvente. En ting er \u00e5 h\u00e5pe og tro, men en annen ting er \u00e5 gj\u00f8re det. <\/p>\n<p class=\"_paragraph_ew2ao_4 _paragraph_xtcu6_10 layout-component text-serif-m layout-normal text-serif-m layout-padded\">\u2013 Kommer du til \u00e5 ha en link til Andretti-teamet ogs\u00e5 i 2026?<\/p>\n<p class=\"_paragraph_ew2ao_4 _paragraph_xtcu6_10 layout-component text-serif-m layout-normal text-serif-m layout-padded\">\u2013 Forh\u00e5pentligvis. Vi f\u00e5r se hva som \u00e5pner seg. Time will tell.<\/p>\n<p class=\"_paragraph_ew2ao_4 _paragraph_xtcu6_10 layout-component text-serif-m layout-normal text-serif-m layout-padded\">\u2013 Men Andretti-teamet har ingen ledige seter selv?<\/p>\n<p class=\"_paragraph_ew2ao_4 _paragraph_xtcu6_10 layout-component text-serif-m layout-normal text-serif-m layout-padded\">\u2013 Nei, de tre plassene der er fylt ut 2026-sesongen.<\/p>\n<p>       <script async src=\"\/\/www.instagram.com\/embed.js\"><\/script><\/p>\n","protected":false},"excerpt":{"rendered":"Dennis Hauger (22) har god tro p\u00e5 at det skal bli opprykk til IndyCar i 2026. N\u00e5 kan&hellip;\n","protected":false},"author":2,"featured_media":36613,"comment_status":"","ping_status":"","sticky":false,"template":"","format":"standard","meta":{"footnotes":""},"categories":[59],"tags":[1119,1120,30,28,29,83,82],"class_list":{"0":"post-36612","1":"post","2":"type-post","3":"status-publish","4":"format-standard","5":"has-post-thumbnail","7":"category-sport","8":"tag-dennis-hauger","9":"tag-motorsport","10":"tag-no","11":"tag-norge","12":"tag-norway","13":"tag-sport","14":"tag-sports"},"share_on_mastodon":{"url":"","error":""},"_links":{"self":[{"href":"https:\/\/www.europesays.com\/no\/wp-json\/wp\/v2\/posts\/36612","targetHints":{"allow":["GET"]}}],"collection":[{"href":"https:\/\/www.europesays.com\/no\/wp-json\/wp\/v2\/posts"}],"about":[{"href":"https:\/\/www.europesays.com\/no\/wp-json\/wp\/v2\/types\/post"}],"author":[{"embeddable":true,"href":"https:\/\/www.europesays.com\/no\/wp-json\/wp\/v2\/users\/2"}],"replies":[{"embeddable":true,"href":"https:\/\/www.europesays.com\/no\/wp-json\/wp\/v2\/comments?post=36612"}],"version-history":[{"count":0,"href":"https:\/\/www.europesays.com\/no\/wp-json\/wp\/v2\/posts\/36612\/revisions"}],"wp:featuredmedia":[{"embeddable":true,"href":"https:\/\/www.europesays.com\/no\/wp-json\/wp\/v2\/media\/36613"}],"wp:attachment":[{"href":"https:\/\/www.europesays.com\/no\/wp-json\/wp\/v2\/media?parent=36612"}],"wp:term":[{"taxonomy":"category","embeddable":true,"href":"https:\/\/www.europesays.com\/no\/wp-json\/wp\/v2\/categories?post=36612"},{"taxonomy":"post_tag","embeddable":true,"href":"https:\/\/www.europesays.com\/no\/wp-json\/wp\/v2\/tags?post=36612"}],"curies":[{"name":"wp","href":"https:\/\/api.w.org\/{rel}","templated":true}]}}