{"id":36627,"date":"2025-09-16T08:28:51","date_gmt":"2025-09-16T08:28:51","guid":{"rendered":"https:\/\/www.europesays.com\/no\/36627\/"},"modified":"2025-09-16T08:28:51","modified_gmt":"2025-09-16T08:28:51","slug":"nyhende-husnes-opnar-dorene-for-publikum-gler-oss-til-a-sja-dykk","status":"publish","type":"post","link":"https:\/\/www.europesays.com\/no\/36627\/","title":{"rendered":"Nyhende, Husnes | Opnar d\u00f8rene for publikum: \u2013 Gler oss til \u00e5 sj\u00e5 dykk"},"content":{"rendered":"\n<p>D\u00e5 inviterer nemleg Kvinnherad brann og redning til open dag p\u00e5 Husnes.<\/p>\n<p>\u2013 Her kan ein f\u00e5 sj\u00e5 p\u00e5 brannbilar, utstyr og gjerne f\u00e5 spylt litt med brannslangane v\u00e5re. Det vert demonstrasjon av komfyrbrann, det blir rebusl\u00f8ype med moglegheit til \u00e5 vinna kjekke premiar. I tillegg kjem ambulanse og det lokale el-tilsynet p\u00e5 bes\u00f8k, skriv Kvinnherad brann og redning.<\/p>\n<p>Dei har invitert fleire som kanskje ogs\u00e5 tar turen innom.<\/p>\n<p>\u2013 Me gler oss til \u00e5 sj\u00e5 dykk, sluttar dei.<\/p>\n<p>  <a href=\"https:\/\/www.kvinnheringen.no\/5-27-600517\" class=\"related-teaser has-image default-story-teaser article--c-eRUmMG article--c-eRUmMG-jKCPdD-design-default\" rel=\"nofollow noopener\" target=\"_blank\"><\/p>\n<p>    <img decoding=\"async\" loading=\"lazy\"  src=\"https:\/\/www.europesays.com\/no\/wp-content\/uploads\/2025\/09\/r_at_astrid_treng_ein_ny_1.jpg\" alt=\"\" class=\"brick-c-cFOWSL\" style=\"\"\/><\/p>\n<p>\n            Les ogs\u00e5<\/p>\n<p>              Tilbyr \u00e5 erstatta plastb\u00e5ten i Bondhusvatnet\n        <\/p>\n<p>  <\/a><\/p>\n<p>Les meir om: artikkelemnene<\/p>\n","protected":false},"excerpt":{"rendered":"D\u00e5 inviterer nemleg Kvinnherad brann og redning til open dag p\u00e5 Husnes. \u2013 Her kan ein f\u00e5 sj\u00e5&hellip;\n","protected":false},"author":2,"featured_media":36628,"comment_status":"","ping_status":"","sticky":false,"template":"","format":"standard","meta":{"footnotes":""},"categories":[10],"tags":[601,36,20,21,24,25,15,5649,22,23,13,30,28,29,4966,14,16,1510,26,27],"class_list":{"0":"post-36627","1":"post","2":"type-post","3":"status-publish","4":"format-standard","5":"has-post-thumbnail","7":"category-norge","8":"tag-arrangement","9":"tag-art","10":"tag-breaking-news","11":"tag-breakingnews","12":"tag-featured-news","13":"tag-featurednews","14":"tag-headlines","15":"tag-husnes","16":"tag-latest-news","17":"tag-latestnews","18":"tag-news","19":"tag-no","20":"tag-norge","21":"tag-norway","22":"tag-nyhende","23":"tag-nyheter","24":"tag-overskrifter","25":"tag-story","26":"tag-top-stories","27":"tag-topstories"},"share_on_mastodon":{"url":"","error":""},"_links":{"self":[{"href":"https:\/\/www.europesays.com\/no\/wp-json\/wp\/v2\/posts\/36627","targetHints":{"allow":["GET"]}}],"collection":[{"href":"https:\/\/www.europesays.com\/no\/wp-json\/wp\/v2\/posts"}],"about":[{"href":"https:\/\/www.europesays.com\/no\/wp-json\/wp\/v2\/types\/post"}],"author":[{"embeddable":true,"href":"https:\/\/www.europesays.com\/no\/wp-json\/wp\/v2\/users\/2"}],"replies":[{"embeddable":true,"href":"https:\/\/www.europesays.com\/no\/wp-json\/wp\/v2\/comments?post=36627"}],"version-history":[{"count":0,"href":"https:\/\/www.europesays.com\/no\/wp-json\/wp\/v2\/posts\/36627\/revisions"}],"wp:featuredmedia":[{"embeddable":true,"href":"https:\/\/www.europesays.com\/no\/wp-json\/wp\/v2\/media\/36628"}],"wp:attachment":[{"href":"https:\/\/www.europesays.com\/no\/wp-json\/wp\/v2\/media?parent=36627"}],"wp:term":[{"taxonomy":"category","embeddable":true,"href":"https:\/\/www.europesays.com\/no\/wp-json\/wp\/v2\/categories?post=36627"},{"taxonomy":"post_tag","embeddable":true,"href":"https:\/\/www.europesays.com\/no\/wp-json\/wp\/v2\/tags?post=36627"}],"curies":[{"name":"wp","href":"https:\/\/api.w.org\/{rel}","templated":true}]}}