{"id":36647,"date":"2025-09-16T08:57:09","date_gmt":"2025-09-16T08:57:09","guid":{"rendered":"https:\/\/www.europesays.com\/no\/36647\/"},"modified":"2025-09-16T08:57:09","modified_gmt":"2025-09-16T08:57:09","slug":"israel-begar-folkemord-i-gaza","status":"publish","type":"post","link":"https:\/\/www.europesays.com\/no\/36647\/","title":{"rendered":"Israel beg\u00e5r folkemord i Gaza"},"content":{"rendered":"\n<p class=\"_lead_ew2ao_2 _lead_xtcu6_50 layout-component text-serif-m layout-normal text-serif-l layout-component layout-wide layout-padded _wide_17hqh_1 layout-padded\">Israel beg\u00e5r folkemord i Gaza, konkluderer FNs uavhengige unders\u00f8kelseskommisjon for de okkuperte palestinske omr\u00e5dene. Israel kaller rapporten \u00ab\u00e6rekrenkende\u00bb.<\/p>\n<ul class=\"_gallery_1qa3s_23\" tabindex=\"0\">\n<li class=\"_item_1qa3s_37\" data-index=\"0\"><img fetchpriority=\"high\" decoding=\"async\" class=\"_image_foru8_23 _introGallery_foru8_43\" data-fullscreen- width=\"2395\" height=\"1597\" itemprop=\"image\" loading=\"eager\"  src=\"https:\/\/www.europesays.com\/no\/wp-content\/uploads\/2025\/09\/beef46f3-b979-413e-a5d8-cf2d5e9dfe44\"  style=\"object-position:50% 50%;aspect-ratio:var(--gallery-aspect-ratio, 16 \/ 9)\"\/>Statsminister Benjamin Netanyahu og flere andre israelske ledere har oppfordret til folkemord p\u00e5 palestinerne i Gaza, sl\u00e5r FNs uavhengige unders\u00f8kelseskommisjon for de okkuperte palestinske omr\u00e5dene fast.  Foto: AP \/ NTB<\/li>\n<li class=\"_item_1qa3s_37\" data-index=\"1\"><img decoding=\"async\" class=\"_image_foru8_23 _introGallery_foru8_43\" data-fullscreen- width=\"7784\" height=\"5190\" itemprop=\"image\" loading=\"lazy\"  src=\"https:\/\/www.europesays.com\/no\/wp-content\/uploads\/2025\/09\/80ac40ab-af54-43fb-b9f1-df701bb2eed7\"  style=\"object-position:50% 50%;aspect-ratio:var(--gallery-aspect-ratio, 16 \/ 9)\"\/>Over 65.000 mennesker er if\u00f8lge palestinske helsemyndigheter drept i israelske angrep p\u00e5 Gazastripen siden oktober 2023, og navnelister fra sykehusene viser at flertallet er barn og kvinner.  Foto: Jehad Alshrafi \/ AP \/ NTB<\/li>\n<li class=\"_item_1qa3s_37\" data-index=\"2\"><img decoding=\"async\" class=\"_image_foru8_23 _introGallery_foru8_43\" data-fullscreen- width=\"8640\" height=\"5760\" itemprop=\"image\" loading=\"lazy\"  src=\"https:\/\/www.europesays.com\/no\/wp-content\/uploads\/2025\/09\/22ea0e37-59d4-4d94-9180-d3af89d932bd\"  style=\"object-position:50% 50%;aspect-ratio:var(--gallery-aspect-ratio, 16 \/ 9)\"\/>Israel har lagt store deler av Gazastripen i grus siden oktober 2023.  Foto: Jehad Alshrafi \/ AP \/ NTB<\/li>\n<\/ul>\n<p>Statsminister Benjamin Netanyahu og flere andre israelske ledere har oppfordret til folkemord p\u00e5 palestinerne i Gaza, sl\u00e5r FNs uavhengige unders\u00f8kelseskommisjon for de okkuperte palestinske omr\u00e5dene fast.  Foto: AP \/ NTB<\/p>\n<ul aria-hidden=\"true\" class=\"_images_1y6fe_106\">\n<li><a class=\"_link_1y6fe_111\" href=\"https:\/\/www.vg.no\/forfatter\/ntb\" style=\"z-index:1\" title=\"NTB\" rel=\"nofollow noopener\" target=\"_blank\"><img alt=\"Bilde av NTB\" class=\"_image_1y6fe_88\" fetchpriority=\"low\" loading=\"lazy\" decoding=\"async\" itemprop=\"image\"  src=\"https:\/\/www.europesays.com\/no\/wp-content\/uploads\/2025\/09\/1758013029_579_c33980b0-5d07-4027-84a1-813f90a7c8d6\"  width=\"480\"\/><\/a><\/li>\n<\/ul>\n<p> Oppdatert tirsdag 16. september kl. 10:55     <\/p>\n<p class=\"_paragraph_ew2ao_4 _paragraph_xtcu6_10 layout-component text-serif-m layout-normal text-serif-m layout-padded\">Unders\u00f8kelseskommisjonen ble opprettet av FNs menneskerettsr\u00e5d i 2021 og ledes av FNs tidligere h\u00f8ykommiss\u00e6r for menneskerettigheter, s\u00f8rafrikanske Navi Pillay.<\/p>\n<p class=\"_paragraph_ew2ao_4 _paragraph_xtcu6_10 layout-component text-serif-m layout-normal text-serif-m layout-padded\">\u2013 Vi har kommet fram til at det p\u00e5g\u00e5r et folkemord i <a href=\"https:\/\/www.vg.no\/tag\/gaza?utm_source=vg-article&amp;utm_medium=auto-tagger&amp;utm_campaign=B0gLM0\" class=\"_link_ew2ao_39\" rel=\"nofollow noopener\" target=\"_blank\">Gaza<\/a> og at ansvaret ligger hos staten Israel, sier Pillay, som tidligere ogs\u00e5 har v\u00e6rt dommer ved Den internasjonale straffedomstolen (ICC) og ved Det internasjonale tribunalet etter folkemordet i Rwanda. <\/p>\n<p class=\"_paragraph_ew2ao_4 _paragraph_xtcu6_10 layout-component text-serif-m layout-normal text-serif-m layout-padded\">\u2013 Det er tydelig at det foreligger en hensikt om \u00e5 \u00f8delegge palestinerne i Gaza gjennom handlinger som oppfyller kriteriene fastsatt i Folkemordkonvensjonen, sier hun. <\/p>\n<p>Israelske ledere<\/p>\n<p class=\"_paragraph_ew2ao_4 _paragraph_xtcu6_10 layout-component text-serif-m layout-normal text-serif-m layout-padded\">FN-granskernes 72 sider lange rapport \u00abkonkluderer med at Israels president Isaac Herzog, statsminister Benjamin Netanyahu og dav\u00e6rende forsvarsminister Yoav Gallant har oppfordret til \u00e5 beg\u00e5 folkemord, og at israelske myndigheter har unnlatt \u00e5 straffe dem for \u00e5 ha kommet med denne oppfordringen\u00bb.<\/p>\n<p class=\"_paragraph_ew2ao_4 _paragraph_xtcu6_10 layout-component text-serif-m layout-normal text-serif-m layout-padded\">FNs uavhengige unders\u00f8kelseskommisjon ber verdenssamfunnet f\u00e5 en slutt p\u00e5 folkemordet i Gaza og s\u00f8rge for at de ansvarlige blir straffet.<\/p>\n<p class=\"_paragraph_ew2ao_4 _paragraph_xtcu6_10 layout-component text-serif-m layout-normal text-serif-m layout-padded\">FN har enn\u00e5 ikke brukt begrepet folkemord, men er under \u00f8kende press for \u00e5 gj\u00f8re det.<\/p>\n<p>\u2013 Forvrengt<\/p>\n<p class=\"_paragraph_ew2ao_4 _paragraph_xtcu6_10 layout-component text-serif-m layout-normal text-serif-m layout-padded\">Israel kaller FN-granskernes rapport \u00abforvrengt og falsk\u00bb og \u00aben \u00e6rekrenkende tirade\u00bb. <\/p>\n<p class=\"_paragraph_ew2ao_4 _paragraph_xtcu6_10 layout-component text-serif-m layout-normal text-serif-m layout-padded\">\u2013 Israel avviser kategorisk denne forvrengte og falske rapporten og krever at denne granskingskommisjonen oppl\u00f8ses umiddelbart, heter det i en uttalelse fra israelsk UD. <\/p>\n<p class=\"_paragraph_ew2ao_4 _paragraph_xtcu6_10 layout-component text-serif-m layout-normal text-serif-m layout-padded\">Pillay og de \u00f8vrige medlemmene av FN-kommisjonen anklages videre for \u00e5 l\u00f8pe Hamas&#8217; \u00e6rend, og for \u00e5 v\u00e6re \u00abberyktede for sine \u00e5penlyst antisemittiske holdninger\u00bb.<\/p>\n<p class=\"_paragraph_ew2ao_4 _paragraph_xtcu6_10 layout-component text-serif-m layout-normal text-serif-m layout-padded\">\u2013 Rapporten bygger utelukkende p\u00e5 usannheter fra Hamas, hevder israelsk UD. <\/p>\n<p class=\"_paragraph_ew2ao_4 _paragraph_xtcu6_10 layout-component text-serif-m layout-normal text-serif-m layout-padded\">Netanyahu og Gallant er fra f\u00f8r etterlyst av ICC, anklaget for medvirkning til krigsforbrytelser og forbrytelser mot menneskeheten i Gaza.<\/p>\n<p>Etterlyst av ICC<\/p>\n<p class=\"_paragraph_ew2ao_4 _paragraph_xtcu6_10 layout-component text-serif-m layout-normal text-serif-m layout-padded\">Netanyahu og Gallant er fra f\u00f8r etterlyst av ICC, anklaget for medvirkning til krigsforbrytelser og forbrytelser mot menneskeheten i Gaza.<\/p>\n<p class=\"_paragraph_ew2ao_4 _paragraph_xtcu6_10 layout-component text-serif-m layout-normal text-serif-m layout-padded\">If\u00f8lge Pillay har FN-kommisjonen samarbeidet tett med ICC.<\/p>\n<p class=\"_paragraph_ew2ao_4 _paragraph_xtcu6_10 layout-component text-serif-m layout-normal text-serif-m layout-padded\">\u2013 Vi har delt tusenvis av informasjonsbiter med dem, sier hun.<\/p>\n<p>Enorme tap<\/p>\n<p class=\"_paragraph_ew2ao_4 _paragraph_xtcu6_10 layout-component text-serif-m layout-normal text-serif-m layout-padded\">Minst 65.000 mennesker er if\u00f8lge palestinske helsemyndigheter drept og over 160.000 er s\u00e5ret i israelske angrep p\u00e5 Gazastripen siden oktober 2023, flertallet av dem barn og kvinner. <\/p>\n<p class=\"_paragraph_ew2ao_4 _paragraph_xtcu6_10 layout-component text-serif-m layout-normal text-serif-m layout-padded\">Store deler av Gazastripen er ogs\u00e5 lagt i grus, og FN har tidligere konkludert med at Israels n\u00f8dhjelpsblokade har resultert i hungersn\u00f8d. <\/p>\n<p class=\"_paragraph_ew2ao_4 _paragraph_xtcu6_10 layout-component text-serif-m layout-normal text-serif-m layout-padded\">Israel har nektet \u00e5 samarbeide med FN-kommisjonen, president Donald Trump trakk tidligere i \u00e5r USA ut av FNs menneskerettsr\u00e5d. <\/p>\n","protected":false},"excerpt":{"rendered":"Israel beg\u00e5r folkemord i Gaza, konkluderer FNs uavhengige unders\u00f8kelseskommisjon for de okkuperte palestinske omr\u00e5dene. Israel kaller rapporten \u00ab\u00e6rekrenkende\u00bb.&hellip;\n","protected":false},"author":2,"featured_media":36648,"comment_status":"","ping_status":"","sticky":false,"template":"","format":"standard","meta":{"footnotes":""},"categories":[12],"tags":[20,21,24,25,53,15,52,22,23,13,30,28,29,14,16,26,27,42,43,44,45],"class_list":{"0":"post-36647","1":"post","2":"type-post","3":"status-publish","4":"format-standard","5":"has-post-thumbnail","7":"category-verden","8":"tag-breaking-news","9":"tag-breakingnews","10":"tag-featured-news","11":"tag-featurednews","12":"tag-gaza","13":"tag-headlines","14":"tag-israel","15":"tag-latest-news","16":"tag-latestnews","17":"tag-news","18":"tag-no","19":"tag-norge","20":"tag-norway","21":"tag-nyheter","22":"tag-overskrifter","23":"tag-top-stories","24":"tag-topstories","25":"tag-verden","26":"tag-world","27":"tag-world-news","28":"tag-worldnews"},"share_on_mastodon":{"url":"","error":""},"_links":{"self":[{"href":"https:\/\/www.europesays.com\/no\/wp-json\/wp\/v2\/posts\/36647","targetHints":{"allow":["GET"]}}],"collection":[{"href":"https:\/\/www.europesays.com\/no\/wp-json\/wp\/v2\/posts"}],"about":[{"href":"https:\/\/www.europesays.com\/no\/wp-json\/wp\/v2\/types\/post"}],"author":[{"embeddable":true,"href":"https:\/\/www.europesays.com\/no\/wp-json\/wp\/v2\/users\/2"}],"replies":[{"embeddable":true,"href":"https:\/\/www.europesays.com\/no\/wp-json\/wp\/v2\/comments?post=36647"}],"version-history":[{"count":0,"href":"https:\/\/www.europesays.com\/no\/wp-json\/wp\/v2\/posts\/36647\/revisions"}],"wp:featuredmedia":[{"embeddable":true,"href":"https:\/\/www.europesays.com\/no\/wp-json\/wp\/v2\/media\/36648"}],"wp:attachment":[{"href":"https:\/\/www.europesays.com\/no\/wp-json\/wp\/v2\/media?parent=36647"}],"wp:term":[{"taxonomy":"category","embeddable":true,"href":"https:\/\/www.europesays.com\/no\/wp-json\/wp\/v2\/categories?post=36647"},{"taxonomy":"post_tag","embeddable":true,"href":"https:\/\/www.europesays.com\/no\/wp-json\/wp\/v2\/tags?post=36647"}],"curies":[{"name":"wp","href":"https:\/\/api.w.org\/{rel}","templated":true}]}}