{"id":36814,"date":"2025-09-16T12:32:10","date_gmt":"2025-09-16T12:32:10","guid":{"rendered":"https:\/\/www.europesays.com\/no\/36814\/"},"modified":"2025-09-16T12:32:10","modified_gmt":"2025-09-16T12:32:10","slug":"robert-redford-er-dod-89-ar-gammel","status":"publish","type":"post","link":"https:\/\/www.europesays.com\/no\/36814\/","title":{"rendered":"Robert Redford er d\u00f8d, 89 \u00e5r gammel"},"content":{"rendered":"\n<p class=\"_lead_ew2ao_2 _lead_xtcu6_50 layout-component text-serif-m layout-normal text-serif-l layout-component layout-wide layout-padded _wide_17hqh_1 layout-padded\">Filmlegenden d\u00f8de tirsdag i sitt hjem i Utah, skriver The New York Times.<\/p>\n<p><img alt=\" Foto: Danny Moloshok \/ Ap\" class=\"_image_qp4xg_65 layout-component layout-wide\" data-fullscreen- data-track-element-type=\"Article image fullscreen\" data-track-name=\"ImageFullscreen\" fetchpriority=\"high\" decoding=\"sync\" loading=\"eager\" height=\"2769\" itemprop=\"image\"  src=\"https:\/\/www.europesays.com\/no\/wp-content\/uploads\/2025\/09\/2be4989b-10e0-4ebf-b2ea-cf61a3e9e644\"  style=\"object-position:0% 0%\" width=\"2466\"\/> Foto: Danny Moloshok \/ Ap<\/p>\n<ul aria-hidden=\"true\" class=\"_images_1y6fe_106\">\n<li><a class=\"_link_1y6fe_111\" href=\"https:\/\/www.vg.no\/forfatter\/vilde-elgaaen\" style=\"z-index:2\" title=\"Vilde Elgaaen\" rel=\"nofollow noopener\" target=\"_blank\"><img alt=\"Bilde av Vilde Elgaaen\" class=\"_image_1y6fe_88\" fetchpriority=\"low\" loading=\"lazy\" decoding=\"async\" itemprop=\"image\"  src=\"https:\/\/www.europesays.com\/no\/wp-content\/uploads\/2025\/09\/1758025928_973_d7abc11e-e453-4b15-b473-933209ff5fea\"  width=\"480\"\/><\/a><\/li>\n<li><a class=\"_link_1y6fe_111\" href=\"https:\/\/www.vg.no\/forfatter\/stella-bugge\" style=\"z-index:1\" title=\"Stella Bugge\" rel=\"nofollow noopener\" target=\"_blank\"><img alt=\"Bilde av Stella Bugge\" class=\"_image_1y6fe_88\" fetchpriority=\"low\" loading=\"lazy\" decoding=\"async\" itemprop=\"image\"  src=\"https:\/\/www.europesays.com\/no\/wp-content\/uploads\/2025\/09\/1758025928_77_c673ac82-f3e7-47d3-aa1d-79bb6eca457a\"  width=\"480\"\/><\/a><\/li>\n<\/ul>\n<p> Oppdatert tirsdag 16. september kl. 14:25     <\/p>\n<p class=\"_paragraph_ew2ao_4 _paragraph_xtcu6_10 layout-component text-serif-m layout-normal text-serif-m layout-padded\">Skuespiller og regiss\u00f8r Robert Redford d\u00f8de tirsdag morgen i hjemmet sitt i Utah, melder <a href=\"https:\/\/www.nytimes.com\/2025\/01\/21\/movies\/robert-redford-dead.html\" class=\"_link_ew2ao_39\" rel=\"nofollow noopener\" target=\"_blank\">The New York Times<\/a>. Han ble 89 \u00e5r gammel.<\/p>\n<p class=\"_paragraph_ew2ao_4 _paragraph_xtcu6_10 layout-component text-serif-m layout-normal text-serif-m layout-padded\">Han var en av Hollywoods st\u00f8rste stjerner gjennom flere ti\u00e5r, og var ogs\u00e5 grunnleggeren av den store filmfestivalen Sundance.<\/p>\n<p class=\"_paragraph_ew2ao_4 _paragraph_xtcu6_10 layout-component text-serif-m layout-normal text-serif-m layout-padded\">Redford d\u00f8de i s\u00f8vne, opplyser Cindi Berger fra PR-firmaet Rogers &amp; Cowan PMK til avisen. Hun oppgir ikke noen spesifikk d\u00f8ds\u00e5rsak.<\/p>\n<p class=\"_paragraph_ew2ao_4 _paragraph_xtcu6_10 layout-component text-serif-m layout-normal text-serif-m layout-padded\">Han etterlater seg kona Sibylle Szaggars og to d\u00f8tre.<\/p>\n<p class=\"_paragraph_ew2ao_4 _paragraph_xtcu6_10 layout-component text-serif-m layout-normal text-serif-m layout-padded\">Redford er kjent fra filmer som \u00abButch Cassidy and the Sundance Kid\u00bb (1969), \u00abStikket\u00bb (1973) og \u00abAlle presidentens menn\u00bb (1976) hvor han spilte journalisten Bob Woodward.<\/p>\n<p class=\"_paragraph_ew2ao_4 _paragraph_xtcu6_10 layout-component text-serif-m layout-normal text-serif-m layout-padded\">Foruten at han var en kjent skuespiller har han ogs\u00e5 jobbet som regiss\u00f8r og produsent.<\/p>\n<p class=\"_paragraph_ew2ao_4 _paragraph_xtcu6_10 layout-component text-serif-m layout-normal text-serif-m layout-padded\">I 1980 vant han Oscar for regien p\u00e5 \u00abOrdinary People\u00bb. Hollywood-ikonet ble ogs\u00e5 tildelt en Oscar-\u00e6respris i 2002.<\/p>\n<p class=\"_paragraph_ew2ao_4 _paragraph_xtcu6_10 layout-component text-serif-m layout-normal text-serif-m layout-padded\">Redford var ogs\u00e5 grunnlegger av Sundance-instituttet og Sundance Film Festival. I \u00abThe Old Man &amp; the Gun\u00bb spiller han mot blant andre Sissy Spacek, Danny Glover, Tom Waits og Casey Affleck.<\/p>\n<p class=\"_paragraph_ew2ao_4 _paragraph_xtcu6_10 layout-component text-serif-m layout-normal text-serif-m layout-padded\">I 2018 <a href=\"https:\/\/www.vg.no\/rampelys\/i\/21AbVR\/robert-redford-81-pensjonerer-seg-fra-skuespill\" data-track-element-type=\"Link\" data-track-id=\"link:21AbVR\" class=\"_link_ew2ao_39\" rel=\"nofollow noopener\" target=\"_blank\">pensjonerte han seg fra skuespill.<\/a><\/p>\n<p class=\"_paragraph_ew2ao_4 _paragraph_xtcu6_10 layout-component text-serif-m layout-normal text-serif-m layout-padded\">\u2013 Man skal aldri si aldri, men jeg har konkludert med at dette nok er slutten for meg n\u00e5r det gjelder skuespill, og at det g\u00e5r mot pensjonisttilv\u00e6relse, sa han i et intervju den gang. <\/p>\n<p class=\"_paragraph_ew2ao_4 _paragraph_xtcu6_10 layout-component text-serif-m layout-normal text-serif-m layout-padded\">\u00abThe Old man &amp; the Gun\u00bb ble Redfords siste film. Da hadde han v\u00e6rt i bransjen siden han var 21 \u00e5r gammel. <\/p>\n<p class=\"_paragraph_ew2ao_4 _paragraph_xtcu6_10 layout-component text-serif-m layout-normal text-serif-m layout-padded\"><strong class=\"_strong_ew2ao_25\">\u2013 Jeg tenkte \u00abVel, det holder.\u00bb Og hvorfor ikke gi seg med noe som er veldig oppl\u00f8ftende og positivt, sa han. <\/strong><\/p>\n<p class=\"_paragraph_ew2ao_4 _paragraph_xtcu6_10 layout-component text-serif-m layout-normal text-serif-m layout-padded\">Stjernen var ogs\u00e5 ivrig milj\u00f8aktivist. I 2005 grunnla han organisasjonen The Redford Center, som fokuserer p\u00e5 \u00e5 bruke film og media som verkt\u00f8y for \u00e5 skape bevissthet og handling rundt milj\u00f8sp\u00f8rsm\u00e5l. <\/p>\n<p>    <img decoding=\"async\" alt=\"Tips oss illustrasjon\" width=\"62px\" height=\"auto\" src=\"https:\/\/www.europesays.com\/no\/wp-content\/uploads\/2025\/08\/1754784428_95_W9avJzE.png\"\/>    <\/p>\n<p class=\"title-serif-s\">Har du tips til oss?<\/p>\n<p class=\"text-sans-m\">Send oss informasjon, bilder eller video<\/p>\n<p>  <a href=\"https:\/\/www.vg.no\/tips-oss\" rel=\"nofollow noopener\" target=\"_blank\"> Tips oss <\/a>      <\/p>\n","protected":false},"excerpt":{"rendered":"Filmlegenden d\u00f8de tirsdag i sitt hjem i Utah, skriver The New York Times. Foto: Danny Moloshok \/ Ap&hellip;\n","protected":false},"author":2,"featured_media":36815,"comment_status":"","ping_status":"","sticky":false,"template":"","format":"standard","meta":{"footnotes":""},"categories":[5],"tags":[31,20,21,24,25,15,19,22,23,17,18,13,30,28,29,14,16,26,27],"class_list":{"0":"post-36814","1":"post","2":"type-post","3":"status-publish","4":"format-standard","5":"has-post-thumbnail","7":"category-overskrifter","8":"tag-breaking","9":"tag-breaking-news","10":"tag-breakingnews","11":"tag-featured-news","12":"tag-featurednews","13":"tag-headlines","14":"tag-hovedoppslag","15":"tag-latest-news","16":"tag-latestnews","17":"tag-main-news","18":"tag-mainnews","19":"tag-news","20":"tag-no","21":"tag-norge","22":"tag-norway","23":"tag-nyheter","24":"tag-overskrifter","25":"tag-top-stories","26":"tag-topstories"},"share_on_mastodon":{"url":"","error":""},"_links":{"self":[{"href":"https:\/\/www.europesays.com\/no\/wp-json\/wp\/v2\/posts\/36814","targetHints":{"allow":["GET"]}}],"collection":[{"href":"https:\/\/www.europesays.com\/no\/wp-json\/wp\/v2\/posts"}],"about":[{"href":"https:\/\/www.europesays.com\/no\/wp-json\/wp\/v2\/types\/post"}],"author":[{"embeddable":true,"href":"https:\/\/www.europesays.com\/no\/wp-json\/wp\/v2\/users\/2"}],"replies":[{"embeddable":true,"href":"https:\/\/www.europesays.com\/no\/wp-json\/wp\/v2\/comments?post=36814"}],"version-history":[{"count":0,"href":"https:\/\/www.europesays.com\/no\/wp-json\/wp\/v2\/posts\/36814\/revisions"}],"wp:featuredmedia":[{"embeddable":true,"href":"https:\/\/www.europesays.com\/no\/wp-json\/wp\/v2\/media\/36815"}],"wp:attachment":[{"href":"https:\/\/www.europesays.com\/no\/wp-json\/wp\/v2\/media?parent=36814"}],"wp:term":[{"taxonomy":"category","embeddable":true,"href":"https:\/\/www.europesays.com\/no\/wp-json\/wp\/v2\/categories?post=36814"},{"taxonomy":"post_tag","embeddable":true,"href":"https:\/\/www.europesays.com\/no\/wp-json\/wp\/v2\/tags?post=36814"}],"curies":[{"name":"wp","href":"https:\/\/api.w.org\/{rel}","templated":true}]}}