{"id":36869,"date":"2025-09-16T13:42:08","date_gmt":"2025-09-16T13:42:08","guid":{"rendered":"https:\/\/www.europesays.com\/no\/36869\/"},"modified":"2025-09-16T13:42:08","modified_gmt":"2025-09-16T13:42:08","slug":"trump-sier-det-er-inngatt-en-avtale-om-kjop-av-tiktok","status":"publish","type":"post","link":"https:\/\/www.europesays.com\/no\/36869\/","title":{"rendered":"Trump sier det er inng\u00e5tt en avtale om kj\u00f8p av Tiktok"},"content":{"rendered":"\n<p class=\"_lead_ew2ao_2 _lead_xtcu6_50 layout-component text-serif-m layout-normal text-serif-l layout-component layout-wide layout-padded _wide_17hqh_1 layout-padded\">President Donald Trump sa mandag at USA og Kina har en avtale som vil holde kortvideoappen TikTok i drift.<\/p>\n<p><img alt=\" Foto: Ken Cedeno \/ Reuters \/ NTB\" class=\"_image_qp4xg_65 layout-component layout-wide\" data-fullscreen- data-track-element-type=\"Article image fullscreen\" data-track-name=\"ImageFullscreen\" fetchpriority=\"high\" decoding=\"sync\" loading=\"eager\" height=\"3533\" itemprop=\"image\"  src=\"https:\/\/www.europesays.com\/no\/wp-content\/uploads\/2025\/09\/f31dd882-ef17-48b0-8e17-4ba46b1441be\"  style=\"object-position:0% 0%\" width=\"5300\"\/> Foto: Ken Cedeno \/ Reuters \/ NTB<\/p>\n<ul aria-hidden=\"true\" class=\"_images_1y6fe_106\">\n<li><a class=\"_link_1y6fe_111\" href=\"https:\/\/www.vg.no\/forfatter\/hannah-solstad-klepp\" style=\"z-index:2\" title=\"Hannah Solstad Klepp\" rel=\"nofollow noopener\" target=\"_blank\"><img alt=\"Bilde av Hannah Solstad Klepp\" class=\"_image_1y6fe_88\" fetchpriority=\"low\" loading=\"lazy\" decoding=\"async\" itemprop=\"image\"  src=\"https:\/\/www.europesays.com\/no\/wp-content\/uploads\/2025\/09\/1758030128_630_f811f9c1-64f7-4c50-9133-b5735831a650\"  width=\"480\"\/><\/a><\/li>\n<li><a class=\"_link_1y6fe_111\" href=\"https:\/\/www.vg.no\/forfatter\/ntb\" style=\"z-index:1\" title=\"NTB\" rel=\"nofollow noopener\" target=\"_blank\"><img alt=\"Bilde av NTB\" class=\"_image_1y6fe_88\" fetchpriority=\"low\" loading=\"lazy\" decoding=\"async\" itemprop=\"image\"  src=\"https:\/\/www.europesays.com\/no\/wp-content\/uploads\/2025\/09\/1758030128_759_c33980b0-5d07-4027-84a1-813f90a7c8d6\"  width=\"480\"\/><\/a><\/li>\n<\/ul>\n<p> Oppdatert tirsdag 16. september kl. 15:40     <\/p>\n<p class=\"_paragraph_ew2ao_4 _paragraph_xtcu6_10 layout-component text-serif-m layout-normal text-serif-m layout-padded\">Avtalen skal sikre at den popul\u00e6re videodelingsappen kan fortsette \u00e5 operere i USA, men n\u00e5 under amerikansk kontroll. <\/p>\n<p class=\"_paragraph_ew2ao_4 _paragraph_xtcu6_10 layout-component text-serif-m layout-normal text-serif-m layout-padded\">Den inneb\u00e6rer at TikToks amerikanske virksomhet overf\u00f8res fra det kinesiske selskapet ByteDance til amerikanske eiere, og kan dermed sette punktum for en langvarig konflikt mellom de to stormaktene.<\/p>\n<p class=\"_paragraph_ew2ao_4 _paragraph_xtcu6_10 layout-component text-serif-m layout-normal text-serif-m layout-padded\">Dette melder Reuters. <\/p>\n<p class=\"_paragraph_ew2ao_4 _paragraph_xtcu6_10 layout-component text-serif-m layout-normal text-serif-m layout-padded\">TikTok, som har 170 millioner brukere i USA, har v\u00e6rt midtpunktet i en dragkamp mellom Washington og Beijing. <\/p>\n<p class=\"_paragraph_ew2ao_4 _paragraph_xtcu6_10 layout-component text-serif-m layout-normal text-serif-m layout-padded\">Amerikanske myndigheter har fryktet at kinesiske myndigheter kan f\u00e5 tilgang til brukernes data, og dermed bruke appen til spionasje eller p\u00e5virkningsoperasjoner.<\/p>\n<p class=\"_paragraph_ew2ao_4 _paragraph_xtcu6_10 layout-component text-serif-m layout-normal layout-padded\"><strong class=\"_strong_ew2ao_25\">Les ogs\u00e5:<\/strong> <a href=\"https:\/\/www.vg.no\/i\/25Q7oa\" data-track-element-type=\"Link\" data-track-id=\"link:25Q7oa\" class=\"_link_ew2ao_39\" rel=\"nofollow noopener\" target=\"_blank\">Trump saks\u00f8ker New York Times for 15 milliarder dollar<\/a><\/p>\n<p class=\"_paragraph_ew2ao_4 _paragraph_xtcu6_10 layout-component text-serif-m layout-normal text-serif-m layout-padded\">Trump har ikke g\u00e5tt ut med detaljer om avtalen, men det er ventet at den m\u00e5 godkjennes av Kongressen f\u00f8r den kan tre i kraft. If\u00f8lge CNBC ventes avtalen \u00e5 bli sluttf\u00f8rt i l\u00f8pet av de neste 30 til 45 dagene, og b\u00e5de eksisterende investorer i ByteDance og nye amerikanske investorer skal v\u00e6re involvert. <\/p>\n<p class=\"_paragraph_ew2ao_4 _paragraph_xtcu6_10 layout-component text-serif-m layout-normal text-serif-m layout-padded\">Reuters har ikke f\u00e5tt bekreftet disse opplysningene uavhengig.<\/p>\n<p class=\"_paragraph_ew2ao_4 _paragraph_xtcu6_10 layout-component text-serif-m layout-normal text-serif-m layout-padded\">Tidligere i \u00e5r var det ogs\u00e5 forhandlinger om \u00e5 skille ut TikToks amerikanske virksomhet i et nytt, amerikansk-eid selskap, men disse planene ble lagt p\u00e5 is etter at Kina protesterte mot Trumps varslede toll\u00f8kninger p\u00e5 kinesiske varer.<\/p>\n<p class=\"_paragraph_ew2ao_4 _paragraph_xtcu6_10 layout-component text-serif-m layout-normal text-serif-m layout-padded\">If\u00f8lge USAs finansminister Scott Bessent er m\u00e5let med rammeavtalen at videoappen skal f\u00e5 amerikanske eiere, og at USAs president <a href=\"https:\/\/www.vg.no\/tag\/donald-trump-2?utm_source=vg-article&amp;utm_medium=auto-tagger&amp;utm_campaign=nypobL\" class=\"_link_ew2ao_39\" rel=\"nofollow noopener\" target=\"_blank\">Donald Trump<\/a> og Kinas president Xi Jinping fredag skal sluttf\u00f8re avtalen.<\/p>\n","protected":false},"excerpt":{"rendered":"President Donald Trump sa mandag at USA og Kina har en avtale som vil holde kortvideoappen TikTok i&hellip;\n","protected":false},"author":2,"featured_media":36870,"comment_status":"","ping_status":"","sticky":false,"template":"","format":"standard","meta":{"footnotes":""},"categories":[12],"tags":[20,21,55,24,25,15,22,23,13,30,28,29,14,16,2046,26,27,42,43,44,45],"class_list":{"0":"post-36869","1":"post","2":"type-post","3":"status-publish","4":"format-standard","5":"has-post-thumbnail","7":"category-verden","8":"tag-breaking-news","9":"tag-breakingnews","10":"tag-donald-trump","11":"tag-featured-news","12":"tag-featurednews","13":"tag-headlines","14":"tag-latest-news","15":"tag-latestnews","16":"tag-news","17":"tag-no","18":"tag-norge","19":"tag-norway","20":"tag-nyheter","21":"tag-overskrifter","22":"tag-tiktok","23":"tag-top-stories","24":"tag-topstories","25":"tag-verden","26":"tag-world","27":"tag-world-news","28":"tag-worldnews"},"share_on_mastodon":{"url":"","error":""},"_links":{"self":[{"href":"https:\/\/www.europesays.com\/no\/wp-json\/wp\/v2\/posts\/36869","targetHints":{"allow":["GET"]}}],"collection":[{"href":"https:\/\/www.europesays.com\/no\/wp-json\/wp\/v2\/posts"}],"about":[{"href":"https:\/\/www.europesays.com\/no\/wp-json\/wp\/v2\/types\/post"}],"author":[{"embeddable":true,"href":"https:\/\/www.europesays.com\/no\/wp-json\/wp\/v2\/users\/2"}],"replies":[{"embeddable":true,"href":"https:\/\/www.europesays.com\/no\/wp-json\/wp\/v2\/comments?post=36869"}],"version-history":[{"count":0,"href":"https:\/\/www.europesays.com\/no\/wp-json\/wp\/v2\/posts\/36869\/revisions"}],"wp:featuredmedia":[{"embeddable":true,"href":"https:\/\/www.europesays.com\/no\/wp-json\/wp\/v2\/media\/36870"}],"wp:attachment":[{"href":"https:\/\/www.europesays.com\/no\/wp-json\/wp\/v2\/media?parent=36869"}],"wp:term":[{"taxonomy":"category","embeddable":true,"href":"https:\/\/www.europesays.com\/no\/wp-json\/wp\/v2\/categories?post=36869"},{"taxonomy":"post_tag","embeddable":true,"href":"https:\/\/www.europesays.com\/no\/wp-json\/wp\/v2\/tags?post=36869"}],"curies":[{"name":"wp","href":"https:\/\/api.w.org\/{rel}","templated":true}]}}