{"id":36954,"date":"2025-09-16T15:25:08","date_gmt":"2025-09-16T15:25:08","guid":{"rendered":"https:\/\/www.europesays.com\/no\/36954\/"},"modified":"2025-09-16T15:25:08","modified_gmt":"2025-09-16T15:25:08","slug":"niklas-baarli-har-sett-seg-lei-av-grining-i-tv2-programmet","status":"publish","type":"post","link":"https:\/\/www.europesays.com\/no\/36954\/","title":{"rendered":"Niklas Baarli har sett seg lei av grining i TV2-programmet."},"content":{"rendered":"<p class=\"kicker \" style=\"\">Niklas Baarli:\u00a0<\/p>\n<p>  Programlederen fyrer l\u00f8s mot TV 2-programmet \u00abKokkeskolen\u00bb.\u00a0<\/p>\n<p>\n    PROGRAMLEDER: Niklas Baarli har ledet flere store produksjoner, blant annet TV2-programmet \u00abFarmen\u00bb. Foto: Anton Soggiu \/ NTB\n  <\/p>\n<p>Den velkjente duoen Eyvind Hellstr\u00f8m (76) og Truls Svendsen (52) har v\u00e6rt \u00e5 se sammen i flere sesonger av \u00abKokkeskolen\u00bb p\u00e5 TV 2.\u00a0<\/p>\n<p>    <a itemprop=\"url\" href=\"https:\/\/www.seher.no\/kjendis\/kongelig-tv-boom\/83586245\" rel=\"nofollow noopener\" target=\"_blank\"><\/p>\n<p>      <img loading=\"lazy\" decoding=\"async\" src=\"https:\/\/www.europesays.com\/no\/wp-content\/uploads\/2025\/09\/83597048.webp\" width=\"980\" height=\"441\" title=\"Kongelig TV-boom\" alt=\"\" class=\"lazyload\" style=\"--aspect-ratio-image: 2.22; \"\/><\/p>\n<p>        Kongelig TV-boom<\/p>\n<p>    <\/a><\/p>\n<p>I 2017 tok Hellstr\u00f8m med seg komiker Truls inn i\u00a0 \u00abkokkosf\u00e6ren\u00bb, gjennom programmet \u00abTruls \u00e0 la Hellstr\u00f8m\u00bb.\u00a0<\/p>\n<p><a href=\"https:\/\/www.kk.no\/mat\/jeg-lagde-det-samme-om-og-om-igjen\/83082912\" rel=\"nofollow noopener\" target=\"_blank\">Siden har de to fortsatt med \u00e5 lage matprogrammer sammen.<\/a>\u00a0N\u00e5 ruller sesong 3 av \u00abKokkeskolen\u00bb p\u00e5 skjermen. Mens Svendsen har rollen som jovial sosiall\u00e6rer, er Hellstr\u00f8m den strenge l\u00e6remesteren.\u00a0<\/p>\n<p>          <img loading=\"lazy\" decoding=\"async\" src=\"https:\/\/www.europesays.com\/no\/wp-content\/uploads\/2025\/09\/83598695.webp\" width=\"686\" height=\"522\" title=\"DUO: Den joviale duoen har trollbundet norske seere med flere mat-programmer. Foto: NTB\" alt=\"\" class=\"\" style=\"--aspect-ratio-image: 1.31; \"\/><\/p>\n<p>\n          DUO: Den joviale duoen har trollbundet norske seere med flere mat-programmer. Foto: NTB\n      <\/p>\n<p> Blant kjendisene finner vi ansikter TV-seerne trolig har sett mange ganger f\u00f8r. Kathrine S\u00f8rland (45), Terje Sporsem (49) og Anne Lindmo (55) er noen av deltakerne som skal bryne seg p\u00e5 kokkekunst i denne sesongen.<\/p>\n<p> Programmet vekker b\u00e5de latter og t\u00e5rer, fra skuffelse til mestring hos deltakerne.\u00a0<\/p>\n<p>        SVARER: Tirsdag har dokumentaren \u00abRebel Royals: An Unlikely Love Story premiere p\u00e5 Netflix. Kronprinsesse Mette-Marit er usikker p\u00e5 om hun skal se den.<\/p>\n<p>Men n\u00e5 mener programleder og TV-profil Niklas Baarli (36) at det har g\u00e5tt for langt. <\/p>\n<p class=\"italic m-italic\" data-lab-italic=\"italic\"><a href=\"https:\/\/www.tv2.no\/underholdning\/stikk-til-kokkeskolen-na-er-det-nok\/18102286\/\" rel=\"nofollow noopener\" target=\"_blank\">TV 2 omtalte saken f\u00f8rst<\/a>.<\/p>\n<p> I NRJs morgensending fortalte han at han f\u00f8rst hadde sansen for programmet, men at gr\u00e5tingen startet allerede i sesong to.\u00a0<\/p>\n<p>        PROVOSERER: Traileren til M\u00e4rtha Louise og Durek Verretts bryllupsdokumentar har satt sinnene i kok. Video: Netflix \/ Trailer: \u00abRebel Royals: An Unlikely Love Story\u00bb \/\/ Reporter: H\u00e5vard Bj\u00f8rnerem<\/p>\n<p>Noe han mener ikke var fordi deltakerne r\u00f8yk ut, men fordi de ble s\u00e5 begeistret av \u00e5 lage mat ved siden av legenden Eyvind Hellstr\u00f8m. <\/p>\n<p>          <img loading=\"lazy\" decoding=\"async\" src=\"https:\/\/www.europesays.com\/no\/wp-content\/uploads\/2025\/09\/83598732.webp\" width=\"686\" height=\"1091\" title=\"NYTT RADIOPROGRAM: P\u00e5 mandag hadde storsatsingen \u00abNRJ Morgen\u00bb premiere. Programmet ledes av Marte Bratberg og Niklas Baarli. Foto: Andreas Fadum\" alt=\"\" class=\"\" style=\"--aspect-ratio-image: 0.63; \"\/><\/p>\n<p>\n          NYTT RADIOPROGRAM: P\u00e5 mandag hadde storsatsingen \u00abNRJ Morgen\u00bb premiere. Programmet ledes av Marte Bratberg og Niklas Baarli. Foto: Andreas Fadum\n      <\/p>\n<p>&#8211; Det grines over en lav sko. Og det grines ikke fordi folk g\u00e5r ut eller fordi det skjer noe galt, det grines fordi folk synes det er s\u00e5 forbanna stas \u00e5 lage mat for Eyvind Hellstr\u00f8m, sa Baarli. <\/p>\n<p>Han la til at utviklingen bare har forsterket seg i den nyeste sesongen, og reagerte s\u00e6rlig p\u00e5 at ogs\u00e5 Hellstr\u00f8m har begynt \u00e5 felle t\u00e5rer. If\u00f8lge Baarli gikk det for langt da Hellstr\u00f8m ble r\u00f8rt til t\u00e5rer over Terje Sporsems improviserte kveiterett.<\/p>\n<p>        DUKKER OPP: Til tross for kongehusets reservasjon fra \u00e5 bli filmet av Netflix, viser filmen kronprins Haakon Magnus i samtale med Durek Verrett inne p\u00e5 den lukkede festen. Video: Netflix \/ R\u00f8d L\u00f8per<\/p>\n<p>&#8211; En liten beskjed til dere som lager \u00abKokkeskolen\u00bb: N\u00e5 slutter dere, n\u00e5 er det nok! Man griner ikke av kveite, sa han i sendingen.<\/p>\n<p> <a href=\"https:\/\/www.tv2.no\/underholdning\/stikk-til-kokkeskolen-na-er-det-nok\/18102286\/\" rel=\"nofollow noopener\" target=\"_blank\">Til TV 2<\/a> forteller Baarli at utsagnet var ment \u00ablitt artig\u00bb, men at det er \u00abnoe voldsomt med gr\u00e5t i programmet\u00bb. <\/p>\n","protected":false},"excerpt":{"rendered":"Niklas Baarli:\u00a0 Programlederen fyrer l\u00f8s mot TV 2-programmet \u00abKokkeskolen\u00bb.\u00a0 PROGRAMLEDER: Niklas Baarli har ledet flere store produksjoner, blant&hellip;\n","protected":false},"author":2,"featured_media":36955,"comment_status":"","ping_status":"","sticky":false,"template":"","format":"standard","meta":{"footnotes":""},"categories":[58],"tags":[71,4528,479,2543,3999,5389,30,28,29,2431,72],"class_list":{"0":"post-36954","1":"post","2":"type-post","3":"status-publish","4":"format-standard","5":"has-post-thumbnail","7":"category-underholdning","8":"tag-entertainment","9":"tag-eyvind-hellstrom","10":"tag-kjendis","11":"tag-kjendisdesken","12":"tag-kokkeskolen","13":"tag-niklas-baarli","14":"tag-no","15":"tag-norge","16":"tag-norway","17":"tag-truls-svendsen","18":"tag-underholdning"},"share_on_mastodon":{"url":"","error":""},"_links":{"self":[{"href":"https:\/\/www.europesays.com\/no\/wp-json\/wp\/v2\/posts\/36954","targetHints":{"allow":["GET"]}}],"collection":[{"href":"https:\/\/www.europesays.com\/no\/wp-json\/wp\/v2\/posts"}],"about":[{"href":"https:\/\/www.europesays.com\/no\/wp-json\/wp\/v2\/types\/post"}],"author":[{"embeddable":true,"href":"https:\/\/www.europesays.com\/no\/wp-json\/wp\/v2\/users\/2"}],"replies":[{"embeddable":true,"href":"https:\/\/www.europesays.com\/no\/wp-json\/wp\/v2\/comments?post=36954"}],"version-history":[{"count":0,"href":"https:\/\/www.europesays.com\/no\/wp-json\/wp\/v2\/posts\/36954\/revisions"}],"wp:featuredmedia":[{"embeddable":true,"href":"https:\/\/www.europesays.com\/no\/wp-json\/wp\/v2\/media\/36955"}],"wp:attachment":[{"href":"https:\/\/www.europesays.com\/no\/wp-json\/wp\/v2\/media?parent=36954"}],"wp:term":[{"taxonomy":"category","embeddable":true,"href":"https:\/\/www.europesays.com\/no\/wp-json\/wp\/v2\/categories?post=36954"},{"taxonomy":"post_tag","embeddable":true,"href":"https:\/\/www.europesays.com\/no\/wp-json\/wp\/v2\/tags?post=36954"}],"curies":[{"name":"wp","href":"https:\/\/api.w.org\/{rel}","templated":true}]}}