{"id":37056,"date":"2025-09-16T17:27:27","date_gmt":"2025-09-16T17:27:27","guid":{"rendered":"https:\/\/www.europesays.com\/no\/37056\/"},"modified":"2025-09-16T17:27:27","modified_gmt":"2025-09-16T17:27:27","slug":"sarpsborg-08-fotball-tidlig-start-og-lang-vm-pause-slik-blir-fotballsesongen-2026","status":"publish","type":"post","link":"https:\/\/www.europesays.com\/no\/37056\/","title":{"rendered":"Sarpsborg 08, Fotball | Tidlig start og lang VM-pause. Slik blir fotballsesongen 2026."},"content":{"rendered":"\n<p>Serie\u00e5pningen g\u00e5r samtidig med at verdens beste langrennsl\u00f8pere kjemper om seier i Holmenkollen.<\/p>\n<p>Hovedterminlisten for fotballsesongen 2026 ble besluttet p\u00e5 det siste m\u00f8tet til styret i Norges Fotballforbund.<\/p>\n<p>Den inneholder flere varslede grep, i tillegg til at enkelte beslutninger tvinges seg fram som f\u00f8lge av blant annet fotball-VM i USA, Canada og Mexico.<\/p>\n<p>\u2013 2026 blir et krevende \u00e5r p\u00e5 grunn av lang pause under VM. Videre vil 2026 fortsatt v\u00e6re et overgangs\u00e5r etter at NM er snudd, sier Nils Fisketj\u00f8nn, leder av NFFs konkurranseavdeling.<\/p>\n<p>Han p\u00e5peker at terminlistene er diskutert bredt og forankret godt med de ulike interessegrupperingene og rettighetshaver TV 2.<\/p>\n<p>Avsluttes 6. desember<\/p>\n<p>Eliteserien starter opp allerede helgen 14 .- og 15. mars. Det er ikke rekordtidlig, men vinteridrettene er fortsatt godt i gang med sine konkurranser. Samme helg er langrennseliten i Holmenkollen for \u00e5 g\u00e5 femmil.<\/p>\n<p>Selve fotballsesongen starter imidlertid allerede enda \u00e9n uke tidligere, p\u00e5 kvinnedagen 8. mars, med 4. runde i cupen for menn. Det har sammenheng med at cupen fra og med 2025\/2026-utgaven spilles med finale p\u00e5 v\u00e5ren. Cupfinalen spilles 9. mai.<\/p>\n<p>  <a href=\"https:\/\/www.sa.no\/5-46-1867585\" class=\"related-teaser has-image default-story-teaser article--c-eRUmMG article--c-eRUmMG-jKCPdD-design-default\" rel=\"nofollow noopener\" target=\"_blank\"><\/p>\n<p>    <img decoding=\"async\" loading=\"lazy\"  src=\"https:\/\/www.europesays.com\/no\/wp-content\/uploads\/2025\/09\/cueres_scp-mangler_navn_2cijvyMpFEs.jpg\" alt=\"\" class=\"brick-c-cFOWSL\" style=\"\"\/><\/p>\n<p>\n            Les ogs\u00e5<\/p>\n<p>              LSK og Sarpsborg reagerer: \u2013 Cupvinneren m\u00e5 f\u00e5 plass i europacupen\n        <\/p>\n<p>  <\/a><\/p>\n<p>Bakgrunnen for den tidlige eliteseriestarten er at det skal holdes pause i forbindelse med VM-perioden i juni og juli. Norge har for f\u00f8rste gang p\u00e5 26 \u00e5r en gyllen mulighet til \u00e5 kvalifisere seg til et internasjonalt sluttspill.<\/p>\n<p>Eliteserien avsluttes 6. desember, og deretter er det lagt opp til kvalifiseringskamper. Den avgj\u00f8rende kampen for laget som ender p\u00e5 kvalifiseringsplassen p\u00e5 tabellen spilles 13. desember.<\/p>\n<p>Neste \u00e5rs 1.-divisjonssesong for menn begynner 6. april. Det er 2. p\u00e5skedag.<\/p>\n<p>Playoffkamp?<\/p>\n<p>Cupomleggingen, som gir cupfinale p\u00e5 v\u00e5ren neste \u00e5r, inneb\u00e6rer ogs\u00e5 at det kan bli n\u00f8dvendig \u00e5 spille en playoffkamp mellom cupvinneren i 2025 og cupvinneren i 2026 om en plass i europaligaen i 2026\/27-sesongen. Den kampen er det gjort plass til siste helgen i mai.<\/p>\n<p>Kvalifiseringen til 2026\/27-utgaven av fotball-NM starter f\u00f8rste helg i juni. Planen er if\u00f8lge NFF at kampene trekkes kretsvis og spilles samlet p\u00e5 et toppfotballanlegg i kretsen.<\/p>\n<p>P\u00e5 kvinnesiden i norsk fotball blir sesongen 2026 den f\u00f8rste med et justert turneringsformat i Toppserien. Ligaen utvides til 12 lag, og m\u00e5let er 14 i framtiden.<\/p>\n<p>I den nye utgaven av Toppserien skal lagene m\u00f8tes to ganger hver (hjemme og borte), slik at det blir 22 serierunder mot dagens 27. To lag vil rykke direkte ned til 1.-divisjon ved endt serie, mens ett lag havner i kvalifisering.<\/p>\n<p>Cupfinale i september<\/p>\n<p>Toppserien 2026 sparkes i gang 21. mars og avsluttes 22. november. Det legges inn en pause i hele juli. Nytt er det ogs\u00e5 at det ikke spilles kamper i midtuker. Det gj\u00f8res etter \u00f8nske fra klubbene.<\/p>\n<p>Cupfinalen for kvinner er lagt til 5. september.<\/p>\n<p>Samtidig skal ogs\u00e5 NM for kvinner legges om p\u00e5 samme m\u00e5te som for menn. Dermed starter 2026\/27-utgaven av turneringen med to runder allerede neste h\u00f8st. Dette gj\u00f8r det mulig med en finale i slutten av mai 2027. (NTB)<\/p>\n<p>  <a href=\"https:\/\/www.sa.no\/5-46-1884534\" class=\"related-teaser has-image default-story-teaser article--c-eRUmMG article--c-eRUmMG-jKCPdD-design-default\" rel=\"nofollow noopener\" target=\"_blank\"><\/p>\n<p>    <img decoding=\"async\" loading=\"lazy\"  src=\"https:\/\/www.europesays.com\/no\/wp-content\/uploads\/2025\/09\/cueres_scp-mangler_navn_OR9nWFXAjxM.jpg\" alt=\"\" class=\"brick-c-cFOWSL\" style=\"\"\/><\/p>\n<p>\n            Les ogs\u00e5<\/p>\n<p>              Sarpsborg 08-spiller oppdaget alvorlig nyresvikt: \u2013 Et kjempesjokk for meg\n        <\/p>\n<p>  <\/a><\/p>\n<p>  <a href=\"https:\/\/www.sa.no\/5-46-1880948\" class=\"related-teaser has-image default-story-teaser article--c-eRUmMG article--c-eRUmMG-jKCPdD-design-default\" rel=\"nofollow noopener\" target=\"_blank\"><\/p>\n<p>    <img decoding=\"async\" loading=\"lazy\"  src=\"https:\/\/www.europesays.com\/no\/wp-content\/uploads\/2025\/09\/39CDB27C-6F86-4AD3-8BBD-6F751A9D1BE8_1_105_c.jpeg\" alt=\"\" class=\"brick-c-cFOWSL\" style=\"\"\/><\/p>\n<p>\n            Les ogs\u00e5<\/p>\n<p>              \u2013 Skuddet fra Peter Lorimer ga meg bl\u00e5merker i flere uker\n        <\/p>\n<p>  <\/a><\/p>\n","protected":false},"excerpt":{"rendered":"Serie\u00e5pningen g\u00e5r samtidig med at verdens beste langrennsl\u00f8pere kjemper om seier i Holmenkollen. Hovedterminlisten for fotballsesongen 2026 ble&hellip;\n","protected":false},"author":2,"featured_media":37057,"comment_status":"","ping_status":"","sticky":false,"template":"","format":"standard","meta":{"footnotes":""},"categories":[59],"tags":[36,92,30,28,29,133,83,82,1510],"class_list":{"0":"post-37056","1":"post","2":"type-post","3":"status-publish","4":"format-standard","5":"has-post-thumbnail","7":"category-sport","8":"tag-art","9":"tag-fotball","10":"tag-no","11":"tag-norge","12":"tag-norway","13":"tag-sarpsborg-08","14":"tag-sport","15":"tag-sports","16":"tag-story"},"share_on_mastodon":{"url":"","error":""},"_links":{"self":[{"href":"https:\/\/www.europesays.com\/no\/wp-json\/wp\/v2\/posts\/37056","targetHints":{"allow":["GET"]}}],"collection":[{"href":"https:\/\/www.europesays.com\/no\/wp-json\/wp\/v2\/posts"}],"about":[{"href":"https:\/\/www.europesays.com\/no\/wp-json\/wp\/v2\/types\/post"}],"author":[{"embeddable":true,"href":"https:\/\/www.europesays.com\/no\/wp-json\/wp\/v2\/users\/2"}],"replies":[{"embeddable":true,"href":"https:\/\/www.europesays.com\/no\/wp-json\/wp\/v2\/comments?post=37056"}],"version-history":[{"count":0,"href":"https:\/\/www.europesays.com\/no\/wp-json\/wp\/v2\/posts\/37056\/revisions"}],"wp:featuredmedia":[{"embeddable":true,"href":"https:\/\/www.europesays.com\/no\/wp-json\/wp\/v2\/media\/37057"}],"wp:attachment":[{"href":"https:\/\/www.europesays.com\/no\/wp-json\/wp\/v2\/media?parent=37056"}],"wp:term":[{"taxonomy":"category","embeddable":true,"href":"https:\/\/www.europesays.com\/no\/wp-json\/wp\/v2\/categories?post=37056"},{"taxonomy":"post_tag","embeddable":true,"href":"https:\/\/www.europesays.com\/no\/wp-json\/wp\/v2\/tags?post=37056"}],"curies":[{"name":"wp","href":"https:\/\/api.w.org\/{rel}","templated":true}]}}