{"id":37058,"date":"2025-09-16T17:28:15","date_gmt":"2025-09-16T17:28:15","guid":{"rendered":"https:\/\/www.europesays.com\/no\/37058\/"},"modified":"2025-09-16T17:28:15","modified_gmt":"2025-09-16T17:28:15","slug":"takket-nei-til-jakten-pa-kjaerligheten","status":"publish","type":"post","link":"https:\/\/www.europesays.com\/no\/37058\/","title":{"rendered":"Takket nei til Jakten p\u00e5 kj\u00e6rligheten"},"content":{"rendered":"<p class=\"kicker \" style=\"\">Ole Baldishol<\/p>\n<p>  Ole Baldishol tok Norge med storm da han deltok i \u00abKompani Lauritzen Tropp 3\u00bb &#8211; n\u00e5 er han klar for nytt tv-program.<\/p>\n<p>\n    TV-AKTUELL: Ole Baldishol blir atter \u00e5 se p\u00e5 en skjerm n\u00e6r deg denne senh\u00f8sten. Foto: Shad Madian \/ FOTOMAD \/ Se og H\u00f8r\n  <\/p>\n<p>Snart et \u00e5r har g\u00e5tt siden Ole Baldishol (26), gutten med Norges kanskje bredeste hedmarksdialekt, tok hele Norge med storm da han deltok i TV 2 programmet \u00abKompani Lauritzen: Tropp 3\u00bb.<\/p>\n<p>Denne h\u00f8sten blir han igjen \u00e5 se p\u00e5 tv, i TV 2 sin nye julekalender, \u00abRampenissen\u00bb.\u00a0<\/p>\n<p>I det kanalen beskriver som et humoristisk julespill, f\u00e5r 25 deltakere oppgaver fra \u00abRampenissen\u00bb &#8211; en utspekulert j\u00e6vel hvis spill det blir om \u00e5 gj\u00f8re \u00e5 man\u00f8vrere seg best rundt.<\/p>\n<p>Deltakerne er imidlertid intetanende om at det sitter tre hemmelige kjendiser p\u00e5 et bakrom og saboterer for dem underveis &#8230;<\/p>\n<p>    <a itemprop=\"url\" href=\"https:\/\/www.kk.no\/livet\/jeg-hadde-sekssifret-manedslonn\/83596626\" rel=\"nofollow noopener\" target=\"_blank\"><\/p>\n<p>      <img loading=\"lazy\" decoding=\"async\" src=\"https:\/\/www.europesays.com\/no\/wp-content\/uploads\/2025\/09\/83597102.webp\" width=\"980\" height=\"441\" title=\"- Jeg hadde sekssifret m\u00e5nedsl\u00f8nn\" alt=\"\" class=\"lazyload\" style=\"--aspect-ratio-image: 2.22; \"\/><\/p>\n<p>        &#8211; Jeg hadde sekssifret m\u00e5nedsl\u00f8nn<\/p>\n<p>    <\/a><\/p>\n<p>&#8211; Det ble kaos og overtenking\t<\/p>\n<p>&#8211; Det var spennende fordi ingen har sett det f\u00f8r. Jeg pr\u00f8vde \u00e5 stille med et \u00e5pent sinn, forteller Baldishol om deltakelsen da KK ringer.<\/p>\n<p class=\"italic m-italic\" data-lab-italic=\"italic\">&#8211; Hva fikk dere vite p\u00e5 forh\u00e5nd? Fikk dere vite at det var noen ukjente som saboterte for dere underveis?<\/p>\n<p>          <img loading=\"lazy\" decoding=\"async\" src=\"https:\/\/www.europesays.com\/no\/wp-content\/uploads\/2025\/09\/83597307.webp\" width=\"686\" height=\"618\" title=\"\u00abRAMPENISSEN: Slik presenteres Ole Baldishol i det som h\u00f8res ut som en spinnvill ny julekalender - Rampenissen\u00bb som kommer 1. desember p\u00e5 TV 2. Foto: TV 2\" alt=\"\" class=\"\" style=\"--aspect-ratio-image: 1.11; \"\/><\/p>\n<p>\n          \u00abRAMPENISSEN: Slik presenteres Ole Baldishol i det som h\u00f8res ut som en spinnvill ny julekalender &#8211; Rampenissen\u00bb som kommer 1. desember p\u00e5 TV 2. Foto: TV 2\n      <\/p>\n<p>&#8211; Nei, vi fikk bare vite at vi skulle l\u00f8se oppgaver.<\/p>\n<p class=\"italic m-italic\" data-lab-italic=\"italic\">&#8211; Ble du forvirra da, eller?<\/p>\n<p>&#8211; Det var g\u00f8llet, fastsl\u00e5r Baldishol p\u00e5 sin aller bredeste dialekt.<\/p>\n<p class=\"italic m-italic\" data-lab-italic=\"italic\">&#8211; G\u00f8llet? Og det betyr?<\/p>\n<p>          <img loading=\"lazy\" decoding=\"async\" src=\"https:\/\/www.europesays.com\/no\/wp-content\/uploads\/2025\/09\/83597311.webp\" width=\"686\" height=\"392\" title=\"RAMPEGJENG: 25 kjentfolk blir utsatt for Rampenissen i TV 2 sin nye julekalender. Foto: TV 2\" alt=\"\" class=\"\" style=\"--aspect-ratio-image: 1.75; \"\/><\/p>\n<p>\n          RAMPEGJENG: 25 kjentfolk blir utsatt for Rampenissen i TV 2 sin nye julekalender. Foto: TV 2\n      <\/p>\n<p>&#8211; Ugreit kan du si.<\/p>\n<p class=\"italic m-italic\" data-lab-italic=\"italic\">&#8211; Jeg tror jeg hadde blitt forvirra og litt paranoid, sier vi, som for \u00e5 tilby Baldishol litt flere ord \u00e5 beskrive opplevelsen med.<\/p>\n<p>&#8211; Paranoid, ja! Det ble kaos og overtenking, men jeg er ikke s\u00e5 spekulerende av meg &#8211; da trekker jeg meg heller litt tilbake.<\/p>\n<p class=\"italic m-italic\" data-lab-italic=\"italic\">&#8211; Hva sitter du igjen med etter deltakelsen?<\/p>\n<p>&#8211; Mange nye trivelige bekjentskap, fastsl\u00e5r Baldishol i kjent, ordknapp stil.<\/p>\n<p class=\"italic m-italic\" data-lab-italic=\"italic\">&#8211; L\u00e6rte du noe nytt om deg selv?<\/p>\n<p>&#8211; Nei.<\/p>\n<p>    <a itemprop=\"url\" href=\"https:\/\/www.kk.no\/video\/se-de-forste-bildene\/0YMMqADJ\" rel=\"nofollow noopener\" target=\"_blank\"><\/p>\n<p>      <img loading=\"lazy\" decoding=\"async\" src=\"https:\/\/www.europesays.com\/no\/wp-content\/uploads\/2025\/09\/1758043692_426_83596165.webp\" width=\"980\" height=\"441\" title=\"Se de f\u00f8rste bildene\" alt=\"\" class=\"lazyload\" style=\"--aspect-ratio-image: 2.22; \"\/><\/p>\n<p>        Se de f\u00f8rste bildene<\/p>\n<p>    <\/a><\/p>\n<p>Litt lei av og til\t<\/p>\n<p class=\"italic m-italic\" data-lab-italic=\"italic\">&#8211; Hvordan har tiden v\u00e6rt etter Tropp 3? Du ble jo rikskjendis over natta?<\/p>\n<p>&#8211; Det har v\u00e6rt kjempeartig. Du blir jo litt lei av og til, om det er veldig mye som skjer, men da bor jeg heldigvis slik til, at jeg ikke trenger \u00e5 sj\u00e5 folk p\u00e5 ei ukes tid.<\/p>\n<p>          <img loading=\"lazy\" decoding=\"async\" src=\"https:\/\/www.europesays.com\/no\/wp-content\/uploads\/2025\/09\/83023989.webp\" width=\"686\" height=\"522\" title=\"TV-\u00d8YEBLIKK: Ole Baldishol b\u00f8d p\u00e5 mange gyldne tv-\u00f8yeblikk som deltaker i \u00abTropp 3\u00bb i fjor h\u00f8st. Foto: TV 2 \/ Matti Bernitz Pedersen\" alt=\"\" class=\"\" style=\"--aspect-ratio-image: 1.31; \"\/><\/p>\n<p>\n          TV-\u00d8YEBLIKK: Ole Baldishol b\u00f8d p\u00e5 mange gyldne tv-\u00f8yeblikk som deltaker i \u00abTropp 3\u00bb i fjor h\u00f8st. Foto: TV 2 \/ Matti Bernitz Pedersen\n      <\/p>\n<p>&#8211; Jeg har blitt spurt om \u00e5 v\u00e6re med p\u00e5 fryktelig mye. Det beste har v\u00e6rt \u00e5 bli kjent med mange nye folk som jeg har med meg videre i nettverket mitt. Men du skal jo rekke \u00e5 drive med det du egentlig driver med \u00f2g, fastsl\u00e5r Baldishol, som i tillegg til \u00e5 v\u00e6re ungkar og spellemann, om det er lov \u00e5 si, ogs\u00e5 er b\u00e5de bonde og t\u00f8mrer.<\/p>\n<p class=\"italic m-italic\" data-lab-italic=\"italic\">&#8211; Hva gj\u00f8r du n\u00e5 om dagen da?<\/p>\n<p>&#8211; Jeg bygger nytt pumpehus nede p\u00e5 fjorden, det skal nytt tak p\u00e5 klokkehuset, jeg skal kle en vegg inne hos meg og bytte noen vinduer. Alt som har hengt over meg, det blir gjort n\u00e5.<\/p>\n<p>    <a itemprop=\"url\" href=\"https:\/\/www.kk.no\/livet\/han-later-aldri-som-at-han-er-en-annen\/82153771\" rel=\"nofollow noopener\" target=\"_blank\"><\/p>\n<p>      <img loading=\"lazy\" decoding=\"async\" src=\"https:\/\/www.europesays.com\/no\/wp-content\/uploads\/2025\/09\/82155726.webp\" width=\"980\" height=\"441\" title=\"- Han later aldri som at han er en annen\" alt=\"\" class=\"lazyload\" style=\"--aspect-ratio-image: 2.22; \"\/><\/p>\n<p>        &#8211; Han later aldri som at han er en annen<\/p>\n<p>    <\/a><\/p>\n<p>Takket nei til\u00ab Jakten p\u00e5 kj\u00e6rligheten\u00bb\t<\/p>\n<p class=\"italic m-italic\" data-lab-italic=\"italic\">&#8211; Hva med kj\u00e6rleiken?<\/p>\n<p>&#8211; Jeg har lett for \u00e5 prioritere det jeg skulle hatt gjort. Jeg har det travelt. Vi f\u00e5r se utover h\u00f8sten &#8211; det blir bedre tid n\u00e5r vinteren kommer og arbeidslysta ikke er s\u00e5 stor.<\/p>\n<p class=\"italic m-italic\" data-lab-italic=\"italic\">&#8211; Men hvorfor er ikke du med i \u00abJakten p\u00e5 kj\u00e6rligheten\u00bb denne h\u00f8sten?<\/p>\n<p>&#8211; Jeg ble spurt, men takka nei.<\/p>\n<p class=\"italic m-italic\" data-lab-italic=\"italic\">&#8211; Hvorfor takka du nei?<\/p>\n<p>&#8211; Det er for tidlig. Jeg synes det er artigere \u00e5 se p\u00e5 n\u00e5r det er ordentlige g\u00e5rdbrukere med og ikke bare odelsgutter.<\/p>\n<p>Baldishol er selv i odelsgutt-kategorien &#8211; men datoen for n\u00e5r han skal kj\u00f8pe og overta g\u00e5rden er satt:<\/p>\n<p>&#8211; 1. februar i 2028 skal jeg kj\u00f8pe, fastsl\u00e5r hedmarkingen og legger til:<\/p>\n<p>&#8211; Har jeg ikke m\u00f8tt noen innen den tid, f\u00e5r jeg bli med i \u00abJakten p\u00e5 kj\u00e6rligheten.\u00bb<\/p>\n","protected":false},"excerpt":{"rendered":"Ole Baldishol Ole Baldishol tok Norge med storm da han deltok i \u00abKompani Lauritzen Tropp 3\u00bb &#8211; n\u00e5&hellip;\n","protected":false},"author":2,"featured_media":37059,"comment_status":"","ping_status":"","sticky":false,"template":"","format":"standard","meta":{"footnotes":""},"categories":[58],"tags":[71,2176,30,28,29,4738,5720,72],"class_list":{"0":"post-37058","1":"post","2":"type-post","3":"status-publish","4":"format-standard","5":"has-post-thumbnail","7":"category-underholdning","8":"tag-entertainment","9":"tag-kompani-lauritzen","10":"tag-no","11":"tag-norge","12":"tag-norway","13":"tag-ole-baldishol","14":"tag-rampenissen","15":"tag-underholdning"},"share_on_mastodon":{"url":"","error":""},"_links":{"self":[{"href":"https:\/\/www.europesays.com\/no\/wp-json\/wp\/v2\/posts\/37058","targetHints":{"allow":["GET"]}}],"collection":[{"href":"https:\/\/www.europesays.com\/no\/wp-json\/wp\/v2\/posts"}],"about":[{"href":"https:\/\/www.europesays.com\/no\/wp-json\/wp\/v2\/types\/post"}],"author":[{"embeddable":true,"href":"https:\/\/www.europesays.com\/no\/wp-json\/wp\/v2\/users\/2"}],"replies":[{"embeddable":true,"href":"https:\/\/www.europesays.com\/no\/wp-json\/wp\/v2\/comments?post=37058"}],"version-history":[{"count":0,"href":"https:\/\/www.europesays.com\/no\/wp-json\/wp\/v2\/posts\/37058\/revisions"}],"wp:featuredmedia":[{"embeddable":true,"href":"https:\/\/www.europesays.com\/no\/wp-json\/wp\/v2\/media\/37059"}],"wp:attachment":[{"href":"https:\/\/www.europesays.com\/no\/wp-json\/wp\/v2\/media?parent=37058"}],"wp:term":[{"taxonomy":"category","embeddable":true,"href":"https:\/\/www.europesays.com\/no\/wp-json\/wp\/v2\/categories?post=37058"},{"taxonomy":"post_tag","embeddable":true,"href":"https:\/\/www.europesays.com\/no\/wp-json\/wp\/v2\/tags?post=37058"}],"curies":[{"name":"wp","href":"https:\/\/api.w.org\/{rel}","templated":true}]}}