{"id":37168,"date":"2025-09-16T20:02:09","date_gmt":"2025-09-16T20:02:09","guid":{"rendered":"https:\/\/www.europesays.com\/no\/37168\/"},"modified":"2025-09-16T20:02:09","modified_gmt":"2025-09-16T20:02:09","slug":"triatlon-ironman-vm-helten-ble-feiret-pa-flesland-det-er-surrealistisk","status":"publish","type":"post","link":"https:\/\/www.europesays.com\/no\/37168\/","title":{"rendered":"Triatlon, Ironman | VM-helten ble feiret p\u00e5 Flesland: \u2013 Det er surrealistisk"},"content":{"rendered":"\n<p>S\u00f8ndag tok Casper Stornes (28) fra Ask\u00f8y seieren i Ironman i Nice. I det offisielle verdensmesterskapet krysset han m\u00e5lstreken p\u00e5 syv timer, 51 minutter og 36 sekunder. Forel\u00f8pig har det ikke falt inn for ham.\u00a0<\/p>\n<p>\u2013 Jeg har tenkt p\u00e5 det, men det er surrealistisk. Jeg trener meg Gustav og Kristian hver dag, og vet hvor gode mange av ut\u00f8verne er. Jeg hadde troen p\u00e5 meg selv, men det skal s\u00e5 mye til. Det er rart \u00e5 tenke p\u00e5 at jeg er verdensmester, men ogs\u00e5 en veldig god f\u00f8lelse.\u00a0<\/p>\n<p>Bare det hadde v\u00e6rt stort i seg selv \u2013 men p\u00e5 de to andre pallplassene <a rel=\"Follow nofollow noopener\" href=\"https:\/\/www.ba.no\/norsk-storeslem-i-vm-i-ironman-casper-stornes-tok-gullet\/s\/5-8-3156276\" target=\"_blank\">sto ikke bare to nordmenn, men to fra bergensomr\u00e5det<\/a>.<\/p>\n<p>Bak Stornes l\u00f8p Gustav Iden (29) inn til andreplass, og Kristian Blummenfelt (31) sikret tredjeplassen.<\/p>\n<p>Tirsdag kveld landet gullvinneren p\u00e5 Flesland, og ble m\u00f8tt av Nystemten og full jubel.<\/p>\n<p>\u2013 Jeg ble tatt litt p\u00e5 sengen, sier verdensmesteren til BA med et smil.<\/p>\n<p>   <img decoding=\"async\" width=\"6192\" height=\"4128\" fetchpriority=\"low\"  loading=\"lazy\"  src=\"https:\/\/www.europesays.com\/no\/wp-content\/uploads\/2025\/09\/DSC_9019.JPG\" alt=\"\" class=\"brick-c-cFOWSL\" style=\"--brick-image-ratio: 6192 \/ 4128;\"\/><\/p>\n<p>    Fansen er p\u00e5 plass.<br \/>\n    Foto: ANDERS KJ\u00d8LEN\n  <\/p>\n<p>  \u2013 En uke fri\u00a0<\/p>\n<p>Selv om han nettopp har blitt verdens beste i idretten, kommer han ikke til \u00e5 ligge p\u00e5 latsiden for \u00e5 feire triumfen. I l\u00f8pet av dagene etter han vant VM, forteller han at det kun har v\u00e6rt tid til en time p\u00e5 stranden i Nice.\u00a0<\/p>\n<p>\u2013 N\u00e5 skal jeg ha en uke der jeg gj\u00f8r litt det jeg vil, s\u00e5 er det tilbake i arbeid neste uke. Jeg har VM i 70,3 i november s\u00e5 det blir ikke tid til s\u00e5 mye hvile, sier han.\u00a0<\/p>\n<p>\u2013 Hvordan er det \u00e5 st\u00e5 her som verdensmester?\u00a0<\/p>\n<p>\u2013 Det er veldig rart, men veldig godt. Vi legger s\u00e5 ekstremt mye tid og energi i dette, og det er noe jeg har dr\u00f8mt om s\u00e5 lenge. Siden januar har \u00e5 l\u00f8pe alene langs promenaden i Nice \u00e5 ta det m\u00e5lb\u00e5ndet g\u00e5tt p\u00e5 repeat i hodet mitt, sier han.\u00a0<\/p>\n<p>   <img decoding=\"async\" width=\"6192\" height=\"4128\" fetchpriority=\"low\"  loading=\"lazy\"  src=\"https:\/\/www.europesays.com\/no\/wp-content\/uploads\/2025\/09\/DSC_9045.JPG\" alt=\"\" class=\"brick-c-cFOWSL\" style=\"--brick-image-ratio: 6192 \/ 4128;\"\/><\/p>\n<p>    Casper Stornes fikk en varm velkomst p\u00e5 Flesland.<br \/>\n    Foto: ANDERS KJ\u00d8LEN\n  <\/p>\n<p>Han bruker ogs\u00e5 litt tid til \u00e5 hylle de to andre nordmennene p\u00e5 pallen.\u00a0<\/p>\n<p>\u2013 Gustav og Kristian er mine to beste venner utenfor sporten ogs\u00e5, og det har de v\u00e6rt siden jeg begynte med det. Det \u00e5 f\u00e5 v\u00e6re med de har hatt en enormt stor betydning for min idrettskarriere. \u00c5 ha et s\u00e5 tett forhold, og s\u00e5 gode kompiser har gjort at vi bygger hverandre opp p\u00e5 en veldig god m\u00e5te.<\/p>\n<p>Lokal storeslem<\/p>\n<p>For de som ikke kjenner triatlon, regnes det som en av de mest krevende utholdenhetskonkurransene i verden. Konkurransen starter med 3,8 kilometer sv\u00f8mming, f\u00f8r deltakerne sykler 180 kilometer. Som om ikke det var nok, avsluttes det hele med et maraton p\u00e5 42,2 kilometer l\u00f8ping.<\/p>\n<p>Etter den f\u00f8rste etappen l\u00e5 Stornes p\u00e5 10. plass, mens Blummenfelt var p\u00e5 13. plass. Iden hadde en jobb \u00e5 gj\u00f8re for \u00e5 hente seg inn, da han l\u00e5 p\u00e5 21. plass, nesten to minutter bak Stornes.<\/p>\n<p>Etter rundt fire og en halv time p\u00e5 sykkelen hadde nordmennene kjempet seg opp til andre-, fjerde- og femteplass.<\/p>\n<p>I l\u00f8pet av maratonet, som Stornes fullf\u00f8rte p\u00e5 to timer, 29 minutter og 22 sekunder, l\u00f8p han seg helt opp til toppen av feltet. Tre minutter etter kom Iden, f\u00f8r Blummenfelt fulgte ytterligere to og et halvt minutt bak.<\/p>\n<p>\n          Stopp video<br \/>\n          Sl\u00e5 p\u00e5 lyd<br \/>\n          <video data-standalone=\"false\" preload=\"none\" muted=\"\" loop=\"\" playsinline=\"\" autoplay=\"\"><\/p>\n<p>          <\/video>\n        <\/p>\n","protected":false},"excerpt":{"rendered":"S\u00f8ndag tok Casper Stornes (28) fra Ask\u00f8y seieren i Ironman i Nice. I det offisielle verdensmesterskapet krysset han&hellip;\n","protected":false},"author":2,"featured_media":37169,"comment_status":"","ping_status":"","sticky":false,"template":"","format":"standard","meta":{"footnotes":""},"categories":[59],"tags":[36,4254,5615,5614,3009,5613,30,28,29,14,83,82,1510,3008],"class_list":{"0":"post-37168","1":"post","2":"type-post","3":"status-publish","4":"format-standard","5":"has-post-thumbnail","7":"category-sport","8":"tag-art","9":"tag-bergen-lufthavn-flesland","10":"tag-casper-stornes","11":"tag-gustav-iden","12":"tag-ironman","13":"tag-kristian-blummenfelt","14":"tag-no","15":"tag-norge","16":"tag-norway","17":"tag-nyheter","18":"tag-sport","19":"tag-sports","20":"tag-story","21":"tag-triatlon"},"share_on_mastodon":{"url":"","error":""},"_links":{"self":[{"href":"https:\/\/www.europesays.com\/no\/wp-json\/wp\/v2\/posts\/37168","targetHints":{"allow":["GET"]}}],"collection":[{"href":"https:\/\/www.europesays.com\/no\/wp-json\/wp\/v2\/posts"}],"about":[{"href":"https:\/\/www.europesays.com\/no\/wp-json\/wp\/v2\/types\/post"}],"author":[{"embeddable":true,"href":"https:\/\/www.europesays.com\/no\/wp-json\/wp\/v2\/users\/2"}],"replies":[{"embeddable":true,"href":"https:\/\/www.europesays.com\/no\/wp-json\/wp\/v2\/comments?post=37168"}],"version-history":[{"count":0,"href":"https:\/\/www.europesays.com\/no\/wp-json\/wp\/v2\/posts\/37168\/revisions"}],"wp:featuredmedia":[{"embeddable":true,"href":"https:\/\/www.europesays.com\/no\/wp-json\/wp\/v2\/media\/37169"}],"wp:attachment":[{"href":"https:\/\/www.europesays.com\/no\/wp-json\/wp\/v2\/media?parent=37168"}],"wp:term":[{"taxonomy":"category","embeddable":true,"href":"https:\/\/www.europesays.com\/no\/wp-json\/wp\/v2\/categories?post=37168"},{"taxonomy":"post_tag","embeddable":true,"href":"https:\/\/www.europesays.com\/no\/wp-json\/wp\/v2\/tags?post=37168"}],"curies":[{"name":"wp","href":"https:\/\/api.w.org\/{rel}","templated":true}]}}