{"id":37218,"date":"2025-09-16T21:33:11","date_gmt":"2025-09-16T21:33:11","guid":{"rendered":"https:\/\/www.europesays.com\/no\/37218\/"},"modified":"2025-09-16T21:33:11","modified_gmt":"2025-09-16T21:33:11","slug":"ber-om-dodsstraff-for-siktede-etter-charlie-kirk-drapet","status":"publish","type":"post","link":"https:\/\/www.europesays.com\/no\/37218\/","title":{"rendered":"Ber om d\u00f8dsstraff for siktede etter Charlie Kirk-drapet"},"content":{"rendered":"\n<p class=\"_lead_ew2ao_2 _lead_xtcu6_50 layout-component text-serif-m layout-normal text-serif-l layout-component layout-wide layout-padded _wide_17hqh_1 layout-padded\">Under en pressekonferanse tirsdag kveld kommer p\u00e5talemyndigheten med nye detaljer om drapet som har rystet USA. <\/p>\n<p> <img class=\"_image_qp4xg_65 layout-component layout-wide\" data-fullscreen- data-track-element-type=\"Article image fullscreen\" data-track-name=\"ImageFullscreen\" fetchpriority=\"high\" decoding=\"sync\" loading=\"eager\" height=\"181\" itemprop=\"image\"  src=\"https:\/\/www.europesays.com\/no\/wp-content\/uploads\/2025\/09\/749d96501594ccf7b8801aa556cc173e.jpg\"  style=\"object-position:50% 50%;aspect-ratio:1.75;height:auto;object-fit:cover;width:100%\" width=\"102\"\/>  <\/p>\n<ul aria-hidden=\"true\" class=\"_images_1y6fe_106\">\n<li><a class=\"_link_1y6fe_111\" href=\"https:\/\/www.vg.no\/forfatter\/harpreet-kaur-nijjer\" style=\"z-index:1\" title=\"Harpreet Kaur Nijjer\" rel=\"nofollow noopener\" target=\"_blank\"><img alt=\"Bilde av Harpreet Kaur Nijjer\" class=\"_image_1y6fe_88\" fetchpriority=\"low\" loading=\"lazy\" decoding=\"async\" itemprop=\"image\"  src=\"https:\/\/www.europesays.com\/no\/wp-content\/uploads\/2025\/09\/1758058388_411_9915841b-33cb-470f-8ab4-1d1650cff10e\"  width=\"480\"\/><\/a><\/li>\n<\/ul>\n<p> Oppdatert tirsdag 16. september kl. 21:34     <\/p>\n<p class=\"_paragraph_ew2ao_4 _paragraph_xtcu6_10 layout-component text-serif-m layout-normal text-serif-m layout-padded\">\u2013 <a href=\"https:\/\/www.vg.no\/tag\/drapet-paa-charlie-kirk?utm_source=vg-article&amp;utm_medium=auto-tagger&amp;utm_campaign=jQRWve\" class=\"_link_ew2ao_39\" rel=\"nofollow noopener\" target=\"_blank\">Drapet p\u00e5 Charlie Kirk<\/a> er en amerikansk tragedie. <\/p>\n<p class=\"_paragraph_ew2ao_4 _paragraph_xtcu6_10 layout-component text-serif-m layout-normal text-serif-m layout-padded\">Slik innleder fylkesadvokat Jeff Gray i Utah pressekonferansen. <\/p>\n<p class=\"_paragraph_ew2ao_4 _paragraph_xtcu6_10 layout-component text-serif-m layout-normal text-serif-m layout-padded\"><strong class=\"_strong_ew2ao_25\">Han sier at han vil s\u00f8ke om \u00e5 f\u00e5 innvilget d\u00f8dsstraff for Tyler Robinson, som er blitt siktet for drapet. <\/strong><\/p>\n<p class=\"_paragraph_ew2ao_4 _paragraph_xtcu6_10 layout-component text-serif-m layout-normal text-serif-m layout-padded\">Charlie Kirk, en politisk aktivist og leder for Turning Point USA, ble skutt og drept mens han holdt et foredrag ved Utah Valley University forrige uke. <\/p>\n<p><img alt=\"Foto: \u2013 \/ AFP \/ NTB\" class=\"_image_qp4xg_65 layout-component layout-normal\" data-fullscreen- data-track-element-type=\"Article image fullscreen\" data-track-name=\"ImageFullscreen\" decoding=\"async\" loading=\"lazy\" height=\"2400\" itemprop=\"image\"  src=\"https:\/\/www.europesays.com\/no\/wp-content\/uploads\/2025\/09\/c0f8724d-8ecb-4545-a88d-12e78e742ba7\"  style=\"object-position:0% 0%\" width=\"4200\"\/>Foto: \u2013 \/ AFP \/ NTB<\/p>\n<p class=\"_paragraph_ew2ao_4 _paragraph_xtcu6_10 layout-component text-serif-m layout-normal text-serif-m layout-padded\">\u2013 Jeg tar ikke lett p\u00e5 denne beslutningen. Fordi vi s\u00f8ker d\u00f8dsstraff, vil siktede fortsatt bli holdt uten kausjon i Utah County-fengselet. <\/p>\n<p class=\"_paragraph_ew2ao_4 _paragraph_xtcu6_10 layout-component text-serif-m layout-normal text-serif-m layout-padded\">Gray forklarer at beslutningen om \u00e5 begj\u00e6re d\u00f8dsstraff er utelukkende basert p\u00e5 tilgjengelige bevis, omstendigheter og forbrytelsens karakter. <\/p>\n<p>Hvem var Charlie Kirk?<\/p>\n<ul class=\"_list_ew2ao_3 _list_xtcu6_9 _list_16v91_9 _unordered_ew2ao_99 layout-component text-serif-m layout-normal text-sans-m layout-padded\">\n<li class=\"_item_ew2ao_30\">Charlie Kirk (31) var en profilert politisk aktivist i USA.<\/li>\n<li class=\"_item_ew2ao_30\">Han ble skutt og drept under et skolearrangement i Utah 10. september i det som etterforskes som et m\u00e5lrettet angrep.<\/li>\n<li class=\"_item_ew2ao_30\">Han var leder av den landsomfattende organisasjonen Turning Point USA, som han grunnla i Phoenix, Arizona i 2012.\u00a0<\/li>\n<li class=\"_item_ew2ao_30\">Turning Point beskriver seg selv som en patriotisk, konservativ studentbevegelse, som kjemper for mindre statlig kontroll, frie markeder og personlig frihet.\u00a0<\/li>\n<li class=\"_item_ew2ao_30\">Kirk hadde tette b\u00e5nd til president Donald Trump og MAGA-bevegelsen. Han hadde en n\u00e6r relasjon til Trumps f\u00f8rstef\u00f8dte s\u00f8nn Don. jr. og til visepresident JD Vance.<\/li>\n<li class=\"_item_ew2ao_30\">Turning Point og Kirk holdt skoledebatter og mobiliserte unge velgere. Han var en selverkl\u00e6rt forkjemper for ytringsfriheten, og inviterte meningsmotstandere til debatt.<\/li>\n<li class=\"_item_ew2ao_30\">Kirk ble gitt noe av \u00e6ren for at Trump vant vippestaten Arizona i presidentvalget i 2024. Han skal ha v\u00e6rt sentral i \u00e5 velge ut medlemmer til Trumps nye administrasjon.<\/li>\n<li class=\"_item_ew2ao_30\">Kirk var evangelikal kristen og tilh\u00f8rte den religi\u00f8se h\u00f8yresiden i amerikansk politikk. I USA er dette en stor, konservativ bevegelse, som vektlegger bibeltro, personlig omvendelse og misjon. Siden 1970-tallet har evangelikale blitt sterkere knyttet til deler av Det republikanske partiet, og det siste ti\u00e5ret til Trumps MAGA-bevegelse.<\/li>\n<li class=\"_item_ew2ao_30\">Kirk kjempet for kristen-evangelikale verdier, mente at selvbestemt abort var drap og var imot skeives rettigheter.<\/li>\n<li class=\"_item_ew2ao_30\">Kirk kritiserte borgerrettighetsbevegelsen, og var en sterk motstander av offentlige mangfolds- og inkluderingstiltak.<\/li>\n<li class=\"_item_ew2ao_30\">Han fremmet omstridte syn p\u00e5 v\u00e5penlovene, og var en sterk tilhenger av retten til \u00e5 eie v\u00e5pen.<\/li>\n<\/ul>\n<p class=\"_paragraph_ew2ao_4 _paragraph_xtcu6_10 _paragraph_16v91_10 layout-component text-serif-m layout-normal text-sans-m layout-padded\">Kilder: <a href=\"https:\/\/tpusa.com\/\" class=\"_link_ew2ao_39\" rel=\"nofollow noopener\" target=\"_blank\">Turning Point USA<\/a>, <a href=\"https:\/\/www.nytimes.com\/2025\/09\/11\/us\/charlie-kirk-views-guns-gender-climate.html\" class=\"_link_ew2ao_39\" rel=\"nofollow noopener\" target=\"_blank\">New York Times<\/a>, <a href=\"https:\/\/www.bbc.com\/news\/articles\/cdxqnkwerj7o\" class=\"_link_ew2ao_39\" rel=\"nofollow noopener\" target=\"_blank\">BBC<\/a>, <a href=\"https:\/\/en.wikipedia.org\/wiki\/Evangelicalism_in_the_United_States\" class=\"_link_ew2ao_39\" rel=\"nofollow noopener\" target=\"_blank\">Wikipedia<\/a><\/p>\n<p>Vis mer<\/p>\n<p class=\"_paragraph_ew2ao_4 _paragraph_xtcu6_10 layout-component text-serif-m layout-normal text-serif-m layout-padded\">Tyler Robinson er siktet for blant annet grovt overlagt drap, for ulovlig bruk av skytev\u00e5pen som for\u00e5rsaket alvorlig kroppsskade, for \u00e5 ha fors\u00f8kt \u00e5 p\u00e5virke et vitne og for \u00e5 hindre etterforskernes arbeid. <\/p>\n<p><img alt=\"Foto: Tess Crowley \/ AP \/ NTB\" class=\"_image_qp4xg_65 layout-component layout-normal\" data-fullscreen- data-track-element-type=\"Article image fullscreen\" data-track-name=\"ImageFullscreen\" decoding=\"async\" loading=\"lazy\" height=\"2000\" itemprop=\"image\"  src=\"https:\/\/www.europesays.com\/no\/wp-content\/uploads\/2025\/09\/4e284c0c-5158-4827-8637-d53567e8a864\"  style=\"object-position:0% 0%\" width=\"3000\"\/>Foto: Tess Crowley \/ AP \/ NTBSkal ha innr\u00f8mmet drapet overfor romkameraten <\/p>\n<p class=\"_paragraph_ew2ao_4 _paragraph_xtcu6_10 layout-component text-serif-m layout-normal text-serif-m layout-padded\">Gray sier at Robinson skal ha instruert romkameraten sin til \u00e5 tie dersom politiet stilte sp\u00f8rsm\u00e5l. <\/p>\n<p class=\"_paragraph_ew2ao_4 _paragraph_xtcu6_10 layout-component text-serif-m layout-normal text-serif-m layout-padded\"><strong class=\"_strong_ew2ao_25\">If\u00f8lge Reuters skal Robinson ha fortalt romkameraten at han hadde beg\u00e5tt drapet p\u00e5 Kirk, fordi han hadde f\u00e5tt \u00abnok av hatet hans\u00bb. <\/strong><\/p>\n<p class=\"_paragraph_ew2ao_4 _paragraph_xtcu6_10 layout-component text-serif-m layout-normal text-serif-m layout-padded\">Robinson skal ogs\u00e5 ha sagt at han \u00f8nsket \u00e5 holde drapsgjerningen hemmelig frem til han d\u00f8de. <\/p>\n<p><img alt=\"Foto: Jim Urquhart \/ Reuters \/ NTB\" class=\"_image_qp4xg_65 layout-component layout-normal\" data-fullscreen- data-track-element-type=\"Article image fullscreen\" data-track-name=\"ImageFullscreen\" decoding=\"async\" loading=\"lazy\" height=\"4335\" itemprop=\"image\"  src=\"https:\/\/www.europesays.com\/no\/wp-content\/uploads\/2025\/09\/54c36b7c-9f36-4e35-bbdd-6f813def9666\"  style=\"object-position:0% 0%\" width=\"6500\"\/>Foto: Jim Urquhart \/ Reuters \/ NTB<\/p>\n<p class=\"_paragraph_ew2ao_4 _paragraph_xtcu6_10 layout-component text-serif-m layout-normal text-serif-m layout-padded\">Under etterforskningen skal det ha kommet frem at Robinson i stigende grad hadde blitt kritisk til Kirk og hans politiske meninger. I samtaler med familien sin skal han ha uttrykt misn\u00f8yen og anklaget Kirk for \u00e5 spre hat. <\/p>\n<p class=\"_paragraph_ew2ao_4 _paragraph_xtcu6_10 layout-component text-serif-m layout-normal layout-padded\"><strong class=\"_strong_ew2ao_25\">Les ogs\u00e5:<\/strong> <a href=\"https:\/\/www.vg.no\/i\/rPo1k0\" data-track-element-type=\"Link\" data-track-id=\"link:rPo1k0\" class=\"_link_ew2ao_39\" rel=\"nofollow noopener\" target=\"_blank\">Guvern\u00f8r om Charlie Kirk-mistenkt: \u2013 Kj\u00e6resten fikk sjokk<\/a><\/p>\n<p class=\"_paragraph_ew2ao_4 _paragraph_xtcu6_10 layout-component text-serif-m layout-normal text-serif-m layout-padded\">Det var Robinsons far som identifiserte s\u00f8nnen sin p\u00e5 bildene som FBI hadde publisert mens de lette etter gjerningspersonen. FBI utlovet en dus\u00f8r p\u00e5 100.000 dollar til den som kunne gi tips av en viss verdi.<\/p>\n<p class=\"_paragraph_ew2ao_4 _paragraph_xtcu6_10 layout-component text-serif-m layout-normal text-serif-m layout-padded\">Robinsons foreldre skal ha klart \u00e5 overtale ham til \u00e5 m\u00f8te dem hjemme. <\/p>\n<p class=\"_paragraph_ew2ao_4 _paragraph_xtcu6_10 layout-component text-serif-m layout-normal text-serif-m layout-padded\">\u2013 Mens de snakket om situasjonen, antydet Robinson at det var han som hadde v\u00e6rt skytteren, at han ikke kunne havne i fengsel og at han bare ville f\u00e5 slutt p\u00e5 det hele, sier Gray.<\/p>\n<p class=\"_paragraph_ew2ao_4 _paragraph_xtcu6_10 layout-component text-serif-m layout-normal layout-padded\"><strong class=\"_strong_ew2ao_25\">Les ogs\u00e5:<\/strong> <a href=\"https:\/\/www.vg.no\/i\/Oo4d11\" data-track-element-type=\"Link\" data-track-id=\"link:Oo4d11\" class=\"_link_ew2ao_39\" rel=\"nofollow noopener\" target=\"_blank\">Vance i Charlie Kirk-podkast: Truer med \u00e5 g\u00e5 etter \u00abliberale grupper\u00bb<\/a><\/p>\n<p class=\"_paragraph_ew2ao_4 _paragraph_xtcu6_10 layout-component text-serif-m layout-normal text-serif-m layout-padded\">\u2013 Da han ble spurt om hvorfor han hadde gjort det, forklarte Robinson at det er for mye ondskap i verden, og at fyren \u2013 med henvisning til Charlie Kirk \u2013 sprer for mye hat.<\/p>\n<p>N\u00e6r st\u00f8ttespiller av Donald Trump <\/p>\n<p class=\"_paragraph_ew2ao_4 _paragraph_xtcu6_10 layout-component text-serif-m layout-normal text-serif-m layout-padded\">Charlie Kirk, som var en n\u00e6r st\u00f8ttespiller for USAs president Donald Trump og grunnla den h\u00f8yreorienterte ungdomsgruppen Turning Point USA, ble skutt og drept da han talte til studenter ved Utah Valley University. <\/p>\n<p class=\"_paragraph_ew2ao_4 _paragraph_xtcu6_10 layout-component text-serif-m layout-normal text-serif-m layout-padded\">Drapet skjedde p\u00e5 onsdag, og etter en intens jakt ble Tyler Robinson p\u00e5grepet. <\/p>\n<p class=\"_paragraph_ew2ao_4 _paragraph_xtcu6_10 layout-component text-serif-m layout-normal text-serif-m layout-padded\">Robinson skal ha forlatt omr\u00e5det etter skytingen og ble p\u00e5grepet torsdag kveld. <\/p>\n<p class=\"_paragraph_ew2ao_4 _paragraph_xtcu6_10 layout-component text-serif-m layout-normal text-serif-m layout-padded\">I kj\u00f8lvannet av drapet har det versert konspirasjonsteorier og falske nyheter. VG har gjennomg\u00e5tt <a href=\"https:\/\/www.vg.no\/nyheter\/i\/W0wBgr\/oversvoemmes-av-falske-paastander-etter-kirk-drapet-en-kamp-om-sannheten\" data-track-element-type=\"Link\" data-track-id=\"link:W0wBgr\" class=\"_link_ew2ao_39\" rel=\"nofollow noopener\" target=\"_blank\">noen av dem her. <\/a><\/p>\n<p>Rettelse<\/p>\n<p class=\"_paragraph_ew2ao_4\">I tittelen og en pushmelding sendt 16.09.2025 kl. 20.16 til denne artikkelen ble det meldt at Tyler Robinson er formelt tiltalt for drapet p\u00e5 Charlie Kirk. Det riktige skal v\u00e6re at han er formelt siktet for drapet. Feilen ble rettet 16.09.2025 kl. 20.19.<\/p>\n<p class=\"_paragraph_ew2ao_4 _paragraph_xtcu6_10 layout-component text-serif-m layout-normal layout-padded\"><strong class=\"_strong_ew2ao_25\">Les ogs\u00e5:<\/strong> <a href=\"https:\/\/www.vg.no\/i\/Avewvj\" data-track-element-type=\"Link\" data-track-id=\"link:Avewvj\" class=\"_link_ew2ao_39\" rel=\"nofollow noopener\" target=\"_blank\">Charlie Kirks kristendom<\/a><\/p>\n<p>    <img decoding=\"async\" alt=\"Tips oss illustrasjon\" width=\"62px\" height=\"auto\" src=\"https:\/\/www.europesays.com\/no\/wp-content\/uploads\/2025\/08\/1754784428_95_W9avJzE.png\"\/>    <\/p>\n<p class=\"title-serif-s\">Har du tips til oss?<\/p>\n<p class=\"text-sans-m\">Send oss informasjon, bilder eller video<\/p>\n<p>  <a href=\"https:\/\/www.vg.no\/tips-oss\" rel=\"nofollow noopener\" target=\"_blank\"> Tips oss <\/a>      <\/p>\n","protected":false},"excerpt":{"rendered":"Under en pressekonferanse tirsdag kveld kommer p\u00e5talemyndigheten med nye detaljer om drapet som har rystet USA. Oppdatert tirsdag&hellip;\n","protected":false},"author":2,"featured_media":37219,"comment_status":"","ping_status":"","sticky":false,"template":"","format":"standard","meta":{"footnotes":""},"categories":[5],"tags":[31,20,21,5133,2879,24,25,15,19,22,23,17,18,13,30,28,29,14,16,190,26,27,5095],"class_list":{"0":"post-37218","1":"post","2":"type-post","3":"status-publish","4":"format-standard","5":"has-post-thumbnail","7":"category-overskrifter","8":"tag-breaking","9":"tag-breaking-news","10":"tag-breakingnews","11":"tag-drapet-pa-charlie-kirk","12":"tag-fbi","13":"tag-featured-news","14":"tag-featurednews","15":"tag-headlines","16":"tag-hovedoppslag","17":"tag-latest-news","18":"tag-latestnews","19":"tag-main-news","20":"tag-mainnews","21":"tag-news","22":"tag-no","23":"tag-norge","24":"tag-norway","25":"tag-nyheter","26":"tag-overskrifter","27":"tag-rettet","28":"tag-top-stories","29":"tag-topstories","30":"tag-utah"},"share_on_mastodon":{"url":"","error":""},"_links":{"self":[{"href":"https:\/\/www.europesays.com\/no\/wp-json\/wp\/v2\/posts\/37218","targetHints":{"allow":["GET"]}}],"collection":[{"href":"https:\/\/www.europesays.com\/no\/wp-json\/wp\/v2\/posts"}],"about":[{"href":"https:\/\/www.europesays.com\/no\/wp-json\/wp\/v2\/types\/post"}],"author":[{"embeddable":true,"href":"https:\/\/www.europesays.com\/no\/wp-json\/wp\/v2\/users\/2"}],"replies":[{"embeddable":true,"href":"https:\/\/www.europesays.com\/no\/wp-json\/wp\/v2\/comments?post=37218"}],"version-history":[{"count":0,"href":"https:\/\/www.europesays.com\/no\/wp-json\/wp\/v2\/posts\/37218\/revisions"}],"wp:featuredmedia":[{"embeddable":true,"href":"https:\/\/www.europesays.com\/no\/wp-json\/wp\/v2\/media\/37219"}],"wp:attachment":[{"href":"https:\/\/www.europesays.com\/no\/wp-json\/wp\/v2\/media?parent=37218"}],"wp:term":[{"taxonomy":"category","embeddable":true,"href":"https:\/\/www.europesays.com\/no\/wp-json\/wp\/v2\/categories?post=37218"},{"taxonomy":"post_tag","embeddable":true,"href":"https:\/\/www.europesays.com\/no\/wp-json\/wp\/v2\/tags?post=37218"}],"curies":[{"name":"wp","href":"https:\/\/api.w.org\/{rel}","templated":true}]}}