{"id":37228,"date":"2025-09-16T21:51:10","date_gmt":"2025-09-16T21:51:10","guid":{"rendered":"https:\/\/www.europesays.com\/no\/37228\/"},"modified":"2025-09-16T21:51:10","modified_gmt":"2025-09-16T21:51:10","slug":"juventus-og-borussia-dortmund-spilte-4-4","status":"publish","type":"post","link":"https:\/\/www.europesays.com\/no\/37228\/","title":{"rendered":"Juventus og Borussia Dortmund spilte 4\u20134"},"content":{"rendered":"\n<p class=\"_lead_ew2ao_2 _lead_xtcu6_50 layout-component text-serif-m layout-normal text-serif-l layout-component layout-wide layout-padded _wide_17hqh_1 layout-padded\">Til pause sto det 0\u20130. Etter 90 minutter sto det 2\u20134. Da dommer bl\u00e5ste, sto det 4\u20134. <\/p>\n<p><img alt=\" Foto: Alberto Lingria \/ Reuters \/ NTB\" class=\"_image_qp4xg_65 layout-component layout-wide\" data-fullscreen- data-track-element-type=\"Article image fullscreen\" data-track-name=\"ImageFullscreen\" fetchpriority=\"high\" decoding=\"sync\" loading=\"eager\" height=\"2132\" itemprop=\"image\"  src=\"https:\/\/www.europesays.com\/no\/wp-content\/uploads\/2025\/09\/6e7b0d63-ba6e-4abe-ab9f-43973e7c4432\"  style=\"object-position:0% 0%\" width=\"2995\"\/> Foto: Alberto Lingria \/ Reuters \/ NTB<\/p>\n<ul aria-hidden=\"true\" class=\"_images_1y6fe_106\">\n<li><a class=\"_link_1y6fe_111\" href=\"https:\/\/www.vg.no\/forfatter\/steffen-stenersen\" style=\"z-index:2\" title=\"Steffen Stenersen\" rel=\"nofollow noopener\" target=\"_blank\"><img alt=\"Bilde av Steffen Stenersen\" class=\"_image_1y6fe_88\" fetchpriority=\"low\" loading=\"lazy\" decoding=\"async\" itemprop=\"image\"  src=\"https:\/\/www.europesays.com\/no\/wp-content\/uploads\/2025\/09\/1758059468_297_53060b84-6e6f-4eee-9b23-952f524bbbf0\"  width=\"480\"\/><\/a><\/li>\n<li><a class=\"_link_1y6fe_111\" href=\"https:\/\/www.vg.no\/forfatter\/ntb\" style=\"z-index:1\" title=\"NTB\" rel=\"nofollow noopener\" target=\"_blank\"><img alt=\"Bilde av NTB\" class=\"_image_1y6fe_88\" fetchpriority=\"low\" loading=\"lazy\" decoding=\"async\" itemprop=\"image\"  src=\"https:\/\/www.europesays.com\/no\/wp-content\/uploads\/2025\/09\/1758059468_635_c33980b0-5d07-4027-84a1-813f90a7c8d6\"  width=\"480\"\/><\/a><\/li>\n<\/ul>\n<p> Oppdatert tirsdag 16. september kl. 23:42    <\/p>\n<ul class=\"_list_ew2ao_3 _list_64s2r_85 _unordered_ew2ao_99 text-sans-m\">\n<li class=\"_item_ew2ao_30\">Juventus og Borussia Dortmund spilte 4-4 i en dramatisk kamp, hvor Dortmund ledet 4-2 da klokken passerte 90 minutter. <\/li>\n<li class=\"_item_ew2ao_30\">Kylian Mbapp\u00e9 sikret 2-1 seier for Real Madrid over Marseille med to straffem\u00e5l etter at Dani Carvajal ble utvist.<\/li>\n<li class=\"_item_ew2ao_30\">Tottenham vant knepent mot Villareal med et selvm\u00e5l i det fjerde minutt.<\/li>\n<li class=\"_item_ew2ao_30\">Andreas Schjelderup og Fredrik Aursnes opplevde tap for Benfica mot Qarabag etter en sen snuoperasjon.<\/li>\n<\/ul>\n<p>Vis mer <\/p>\n<p class=\"_paragraph_ew2ao_4 _paragraph_xtcu6_10 layout-component text-serif-m layout-normal text-serif-m layout-padded\">S\u00e5 enkelt kan kampen mellom Juventus og Borussia Dortmund oppsummeres. <\/p>\n<p class=\"_paragraph_ew2ao_4 _paragraph_xtcu6_10 layout-component text-serif-m layout-normal text-serif-m layout-padded\">Da Ramy Bensebaini la p\u00e5 til 4\u20132 til Dortmund fra straffemerket, trodde nok han og alle andre at det var spikeren i kisten for en ekstrem omgang som hadde startet med 0\u20130. <\/p>\n<p class=\"_paragraph_ew2ao_4 _paragraph_xtcu6_10 layout-component text-serif-m layout-normal text-serif-m layout-padded\">Men kampen hadde flere utrolige vendinger. <\/p>\n<p class=\"_paragraph_ew2ao_4 _paragraph_xtcu6_10 layout-component text-serif-m layout-normal text-serif-m layout-padded\">Dusan Vlahovic, som spilte en ellevill andre omgang, reduserte fire minutter p\u00e5 overtid, f\u00f8r Lloyd Kelly sikret ett poeng for italienerne seks minutter p\u00e5 overtid. <\/p>\n<p class=\"_paragraph_ew2ao_4 _paragraph_xtcu6_10 layout-component text-serif-m layout-normal text-serif-m layout-padded\">\u00abGalskap i Torino\u00bb skriver den tyske storavisen Bild. <\/p>\n<p>Foto: Alberto Lingria \/ Reuters \/ NTB<\/p>\n<p class=\"_paragraph_ew2ao_4 _paragraph_xtcu6_10 layout-component text-serif-m layout-normal text-serif-m layout-padded\">\u2013 Det er ikke s\u00e5 mange slik kamper i l\u00f8pet av ett \u00e5r, sier TV 2s Morten Langli. <\/p>\n<p class=\"_paragraph_ew2ao_4 _paragraph_xtcu6_10 layout-component text-serif-m layout-normal text-serif-m layout-padded\">\u2013 De leverte en kamp for evigheten, sier kollega Erik Thorstvedt. <\/p>\n<p class=\"_paragraph_ew2ao_4 _paragraph_xtcu6_10 layout-component text-serif-m layout-normal text-serif-m layout-padded\">B\u00e5de Juventus og Borussia Dortmund skal m\u00f8te Bod\u00f8\/Glimt i <a href=\"https:\/\/www.vg.no\/tag\/champions-league?utm_source=vg-article&amp;utm_medium=auto-tagger&amp;utm_campaign=63LORz\" class=\"_link_ew2ao_39\" rel=\"nofollow noopener\" target=\"_blank\">Champions League<\/a> senere i h\u00f8st. Glimt \u00e5pner mot Slavia Praha onsdag. <\/p>\n<p class=\"_paragraph_ew2ao_4 _paragraph_xtcu6_10 layout-component text-serif-m layout-normal text-serif-m layout-padded\">Julian Ryerson spilte hele kampen for Dortmund. <\/p>\n<p>R\u00f8dt kort og Mbappe-dobbel <\/p>\n<p class=\"_paragraph_ew2ao_4 _paragraph_xtcu6_10 layout-component text-serif-m layout-normal text-serif-m layout-padded\">Real Madrid fikk en stjerne skadet tidlig, kaptein Dani Carvajal utvist og havnet under mot Marseille, men to straffespark fra Kylian Mbapp\u00e9 ga 2-1-seier.<\/p>\n<p class=\"_paragraph_ew2ao_4 _paragraph_xtcu6_10 layout-component text-serif-m layout-normal text-serif-m layout-padded\">Carvajal ble utvist etter VAR-sjekk for \u00e5 skalle til Marseille-keeper Geronimo Rulli da de to var i tottene p\u00e5 hverandre vel midtveis i 2. omgang. <\/p>\n<ul class=\"_gallery_1qa3s_23\" tabindex=\"0\">\n<li class=\"_item_1qa3s_37\" data-index=\"0\"><img decoding=\"async\" class=\"_image_foru8_23 _articleGallery_foru8_39\" data-fullscreen- width=\"2236\" height=\"1644\" itemprop=\"image\" loading=\"lazy\"  src=\"https:\/\/www.europesays.com\/no\/wp-content\/uploads\/2025\/09\/f4ee7f30-aa65-4b13-b64c-cf56d5d08933\"  style=\"object-position:50% 50%;aspect-ratio:var(--gallery-aspect-ratio, 16 \/ 9)\"\/>Foto: Juan Medina \/ Reuters \/ NTB<\/li>\n<li class=\"_item_1qa3s_37\" data-index=\"1\"><img decoding=\"async\" class=\"_image_foru8_23 _articleGallery_foru8_39\" data-fullscreen- width=\"3712\" height=\"2626\" itemprop=\"image\" loading=\"lazy\"  src=\"https:\/\/www.europesays.com\/no\/wp-content\/uploads\/2025\/09\/08b620a8-cb4b-4138-a4cb-9da8af6f0fed\"  style=\"object-position:50% 50%;aspect-ratio:var(--gallery-aspect-ratio, 16 \/ 9)\"\/>Foto: Juan Medina \/ Reuters \/ NTB<\/li>\n<li class=\"_item_1qa3s_37\" data-index=\"2\"><img decoding=\"async\" class=\"_image_foru8_23 _articleGallery_foru8_39\" data-fullscreen- width=\"2816\" height=\"1872\" itemprop=\"image\" loading=\"lazy\"  src=\"https:\/\/www.europesays.com\/no\/wp-content\/uploads\/2025\/09\/e1ff680e-3512-459b-813e-7037b5b5c4e6\"  style=\"object-position:50% 50%;aspect-ratio:var(--gallery-aspect-ratio, 16 \/ 9)\"\/>Foto: Daniel Gonzalez \/ EPA \/ NTB<\/li>\n<li class=\"_item_1qa3s_37\" data-index=\"3\"><img decoding=\"async\" class=\"_image_foru8_23 _articleGallery_foru8_39\" data-fullscreen- width=\"6411\" height=\"4274\" itemprop=\"image\" loading=\"lazy\"  src=\"https:\/\/www.europesays.com\/no\/wp-content\/uploads\/2025\/09\/731e3b23-c1a5-4788-b50d-8d495698bb4c\"  style=\"object-position:50% 50%;aspect-ratio:var(--gallery-aspect-ratio, 16 \/ 9)\"\/>Foto: Manu Fernandez \/ AP \/ NTB<\/li>\n<\/ul>\n<p>Foto: Juan Medina \/ Reuters \/ NTB<\/p>\n<p class=\"_paragraph_ew2ao_4 _paragraph_xtcu6_10 layout-component text-serif-m layout-normal text-serif-m layout-padded\">\u2013 S\u00e5 lenge han gj\u00f8r det der s\u00e5 st\u00e5r det i regelboken at han skal ut, sier Erik Thorstvedt i TV 2-studio. <\/p>\n<p class=\"_paragraph_ew2ao_4 _paragraph_xtcu6_10 layout-component text-serif-m layout-normal text-serif-m layout-padded\">Da s\u00e5 det m\u00f8rkt ut for Xabi Alonsos lag, men en hands av Marseille-stopper Facundo Medina ga Mbapp\u00e9 sjansen til \u00e5 score vinnerm\u00e5let p\u00e5 straffespark i det 81. minutt.<\/p>\n<p class=\"_paragraph_ew2ao_4 _paragraph_xtcu6_10 layout-component text-serif-m layout-normal text-serif-m layout-padded\">Kampen startet d\u00e5rlig for Real Madrid. F\u00f8r det var spilt fem minutter m\u00e5tte Trent Alexander-Arnold byttes ut med det som s\u00e5 ut til \u00e5 v\u00e6re en bekymringsfull hamstringskade.<\/p>\n<p class=\"_paragraph_ew2ao_4 _paragraph_xtcu6_10 layout-component text-serif-m layout-normal text-serif-m layout-padded\">Timothy Weah sendte hjemmelaget overraskende i ledelsen etter en flott kontring. <\/p>\n<p class=\"_paragraph_ew2ao_4 _paragraph_xtcu6_10 layout-component text-serif-m layout-normal text-serif-m layout-padded\">Ledelsen varte bare sju minutter f\u00f8r Kylian Mbapp\u00e9 utlignet p\u00e5 straffespark etter at Geoffrey Kondogbia felte Rodrygo.<\/p>\n<p class=\"_paragraph_ew2ao_4 _paragraph_xtcu6_10 layout-component text-serif-m layout-normal text-serif-m layout-padded\">En ny Mbapp\u00e9-straffe skulle gi hjemmelaget seieren til slutt.<strong class=\"_strong_ew2ao_25\"> <\/strong>En kontroversiell hands if\u00f8lge TV 2s eksperter. <\/p>\n<p class=\"_paragraph_ew2ao_4 _paragraph_xtcu6_10 layout-component text-serif-m layout-normal text-serif-m layout-padded\">\u2013 Det d\u00f8mmes altfor mange hands. Jeg f\u00e5r meg ikke til \u00e5 forst\u00e5 det, sier Erik Thorstvedt om straffesituasjonen. <\/p>\n<p class=\"_paragraph_ew2ao_4 _paragraph_xtcu6_10 layout-component text-serif-m layout-normal text-serif-m layout-padded\">\u2013 Jeg blir rasende av \u00e5 se dette, sier Jamie Carragher p\u00e5 engelsk tv. <\/p>\n<p>Tottenham med knepen seier <\/p>\n<p class=\"_paragraph_ew2ao_4 _paragraph_xtcu6_10 layout-component text-serif-m layout-normal text-serif-m layout-padded\">Et selvm\u00e5l av Luiz Junior i det fjerde minutt ga Tottenham seier over Villareal. <\/p>\n<p class=\"_paragraph_ew2ao_4 _paragraph_xtcu6_10 layout-component text-serif-m layout-normal text-serif-m layout-padded\">\u2013 Tottenham fant aldri rytmen i kanpen og det handlet mye om at Villareal frustrerte dem, sier tidligere spiss Chris Sutton hos BBC. <\/p>\n<p>Norsk smell <\/p>\n<p class=\"_paragraph_ew2ao_4 _paragraph_xtcu6_10 layout-component text-serif-m layout-normal text-serif-m layout-padded\">Andreas Schjelderup og Fredrik Aursnes startet begge for Benfica mot Qarabag. Portugiserne ledet oppskriftsmessig 2\u20130, men Oleksil Kashchuks scoring i det 86. minutt snudde kampen til tap for de norske guttene i Lisboa. <\/p>\n","protected":false},"excerpt":{"rendered":"Til pause sto det 0\u20130. Etter 90 minutter sto det 2\u20134. Da dommer bl\u00e5ste, sto det 4\u20134. Foto:&hellip;\n","protected":false},"author":2,"featured_media":37229,"comment_status":"","ping_status":"","sticky":false,"template":"","format":"standard","meta":{"footnotes":""},"categories":[59],"tags":[706,30,28,29,83,82],"class_list":{"0":"post-37228","1":"post","2":"type-post","3":"status-publish","4":"format-standard","5":"has-post-thumbnail","7":"category-sport","8":"tag-champions-league","9":"tag-no","10":"tag-norge","11":"tag-norway","12":"tag-sport","13":"tag-sports"},"share_on_mastodon":{"url":"","error":""},"_links":{"self":[{"href":"https:\/\/www.europesays.com\/no\/wp-json\/wp\/v2\/posts\/37228","targetHints":{"allow":["GET"]}}],"collection":[{"href":"https:\/\/www.europesays.com\/no\/wp-json\/wp\/v2\/posts"}],"about":[{"href":"https:\/\/www.europesays.com\/no\/wp-json\/wp\/v2\/types\/post"}],"author":[{"embeddable":true,"href":"https:\/\/www.europesays.com\/no\/wp-json\/wp\/v2\/users\/2"}],"replies":[{"embeddable":true,"href":"https:\/\/www.europesays.com\/no\/wp-json\/wp\/v2\/comments?post=37228"}],"version-history":[{"count":0,"href":"https:\/\/www.europesays.com\/no\/wp-json\/wp\/v2\/posts\/37228\/revisions"}],"wp:featuredmedia":[{"embeddable":true,"href":"https:\/\/www.europesays.com\/no\/wp-json\/wp\/v2\/media\/37229"}],"wp:attachment":[{"href":"https:\/\/www.europesays.com\/no\/wp-json\/wp\/v2\/media?parent=37228"}],"wp:term":[{"taxonomy":"category","embeddable":true,"href":"https:\/\/www.europesays.com\/no\/wp-json\/wp\/v2\/categories?post=37228"},{"taxonomy":"post_tag","embeddable":true,"href":"https:\/\/www.europesays.com\/no\/wp-json\/wp\/v2\/tags?post=37228"}],"curies":[{"name":"wp","href":"https:\/\/api.w.org\/{rel}","templated":true}]}}