{"id":37234,"date":"2025-09-16T22:02:10","date_gmt":"2025-09-16T22:02:10","guid":{"rendered":"https:\/\/www.europesays.com\/no\/37234\/"},"modified":"2025-09-16T22:02:10","modified_gmt":"2025-09-16T22:02:10","slug":"svalbard-russland-tankesmie-isw-russland-anklager-norge-for-a-krenke-bosettere","status":"publish","type":"post","link":"https:\/\/www.europesays.com\/no\/37234\/","title":{"rendered":"Svalbard, Russland | Tankesmie ISW: Russland anklager Norge for \u00e5 krenke bosettere"},"content":{"rendered":"<p> (<a href=\"https:\/\/www.nettavisen.no\" rel=\"nofollow noopener\" target=\"_blank\">Nettavisen<\/a>) <\/p>\n<p>Den amerikanske tankesmia Institute of Study of War (ISW) skriver i en <a href=\"https:\/\/understandingwar.org\/research\/russia-ukraine\/russian-offensive-campaign-assessment-september-15-2025\/\" rel=\"Follow nofollow noopener\" target=\"_blank\">analyse<\/a> at Kreml har trappet opp retorikken og truer Nato-land \u2013 og at det skjer parallelt med kinetisk eskalering (fysisk eskalering) i form av russiske drone-aksjoner i Polen.<\/p>\n<p>ISW viser til at b\u00e5de ekspresident Dmitrij Medvedev og Kreml-talsperson Dmitrij Peskov fremmet konkrete Nato-trusler p\u00e5 mandag. Medvedev sa at en flyforbudssone i Ukraina vil utl\u00f8se krig mellom Nato og Russland, mens Peskov sa at Nato praktisk talt er involvert i Ukraina-krigen.<\/p>\n<p>ISW skriver videre i <a href=\"https:\/\/understandingwar.org\/research\/russia-ukraine\/russian-offensive-campaign-assessment-september-15-2025\/\" rel=\"Follow nofollow noopener\" target=\"_blank\">analysen<\/a> at det alvorlige bakteppet til Medvedev- og Peskov-uttalelsene er deriblant Russlands trusler mot Nato-landet Norge:<\/p>\n<p><b>\u00abRusslands ambassad\u00f8r til Norge, Nikolaj Kortsjunov, anklaget norske myndigheter for \u00e5 krenke angivelige \u00abrussiske\u00bb bosetninger p\u00e5 suverent norsk territorium,\u00bb skriver ISW.<\/b><\/p>\n<p>ISW anses som en p\u00e5litelig kilde og brukes hyppig av seri\u00f8se vestlige medier som referanse for analyser av milit\u00e6r og sikkerhetspolitisk utvikling.<\/p>\n<p><b>Hold deg oppdatert p\u00e5 krigen i Ukraina med Ukrainapodden, en podkast fra Nettavisen <a rel=\"Follow nofollow noopener\" href=\"https:\/\/youtube.com\/playlist?list=PLi5XCpjbiAX-dweb-9t4U86DTZ4rjbWt8&amp;feature=shared\" target=\"_blank\">p\u00e5 Youtube,<\/a> <a rel=\"Follow nofollow noopener\" href=\"https:\/\/open.spotify.com\/show\/5uxBBr1NmbOgo6Eyu6iNwq\" target=\"_blank\">Spotify<\/a> og alle andre steder du pleier \u00e5 lytte til podkast.<\/b><\/p>\n<p><b>Les ogs\u00e5: <a class=\"simple-relation related-teaser article--c-eRUmMG article--c-eRUmMG-jKCPdD-design-default article--c-eRUmMG-iBPVJb-cv\" href=\"https:\/\/www.nordlys.no\/usas-eks-harsjef-for-europa-kreml-visste-at-trump-ikke-ville-reagere\/s\/5-95-2616609\" rel=\"nofollow noopener\" target=\"_blank\">USAs eks-h\u00e6rsjef for Europa: \u2013 Kreml visste at Trump ikke ville reagere<\/a><\/b><\/p>\n<p>\u2013 Ikke en p\u00e5litelig kilde<\/p>\n<p>Nettavisen sp\u00f8r Russlands ambassade i Oslo om hvilke anklager ISW viser til.<\/p>\n<p>\u2013 Ambassaden vil gjerne vise til ambassad\u00f8rens intervju med Zvezda TV og hans siste kommentar til <a href=\"https:\/\/www.bloomberg.com\/features\/2025-arctic-russia-high-north-threat\/?accessToken=eyJhbGciOiJIUzI1NiIsInR5cCI6IkpXVCJ9.eyJzb3VyY2UiOiJTdWJzY3JpYmVyR2lmdGVkQXJ0aWNsZSIsImlhdCI6MTc1NzMyMjY4NSwiZXhwIjoxNzU3OTI3NDg1LCJhcnRpY2xlSWQiOiJUMjk0R0xHUTdMNkcwMCIsImJjb25uZWN0SWQiOiI5RjE2RjI2RjMxNTA0Q0IyOTE3OEUyRjE3MzZCQTgwQiJ9.ZTJDmmybYUKpt7TIcUZSNTkaMTLItvDfNoRrF7Sb6C4\" rel=\"Follow nofollow noopener\" target=\"_blank\">Bloomberg,<\/a> som er publisert p\u00e5 <a href=\"https:\/\/norway.mid.ru\/en\/embassy\/press-centre\/news\/from_the_interviews_with_the_ambassador_of_russia_to_norway_nikolay_korchunov_for_zvezda_tv_and_bloo\/\" rel=\"Follow nofollow noopener\" target=\"_blank\">ambassadens nettsider<\/a>, skriver ambassaden i en e-post til Nettavisen.<\/p>\n<p>\u2013 Det var det siste som ble sagt fra v\u00e5r side om Spitsbergen og russiske bosetninger p\u00e5 \u00f8ygruppen. Det er viktig \u00e5 sjekke kilder og vise til ambassadens uttalelser som vanligvis publiseres p\u00e5 ambassadens nettsider og i v\u00e5re sosiale medier. The Study of War du viser til i henvendelsen er ikke en p\u00e5litelig kilde, skriver ambassaden.<\/p>\n<p>Ambassaden har selv gjengitt noe av innholdet fra Zvezda TV og Bloomberg, og oppsummerer blant annet at:<\/p>\n<ul>\n<li>Russland ser det som i sin \u00abnasjonale interesse\u00bb \u00e5 opprettholde et sterkt n\u00e6rv\u00e6r p\u00e5 Svalbard.<\/li>\n<li>Norge tolker Svalbardtraktaten annerledes og fors\u00f8ker \u00e5 \u00abstyrke sitt suverenitet\u00bb over \u00f8ygruppen.<\/li>\n<li>Dette skaper \u00abtilleggsproblemer\u00bb for russisk vitenskapelig og \u00f8konomisk aktivitet.<\/li>\n<li>EU-sanksjoner har \u00abskapt hindringer for \u00e5 forsyne de russiske bosetningene Barentsburg og Pyramiden\u00bb.<\/li>\n<\/ul>\n<p><b>Les ogs\u00e5: <a class=\"simple-relation related-teaser article--c-eRUmMG article--c-eRUmMG-jKCPdD-design-default article--c-eRUmMG-iBPVJb-cv\" href=\"https:\/\/www.nordlys.no\/krever-full-oversikt-over-russere-i-norge\/s\/5-95-2578581\" rel=\"nofollow noopener\" target=\"_blank\">Krever full oversikt over russere i Norge<\/a><\/b><\/p>\n<p>Ambassad\u00f8ren kalt inn p\u00e5 teppet<\/p>\n<p>ISW skriver ogs\u00e5 om Belarus og Russlands felles milit\u00e6r\u00f8velse Zapad-2025 i forrige uke, der russerne \u00f8vde p\u00e5 potensiell, fremtidig fysisk provokasjon mot nabolandet i Nato.<\/p>\n<p>\u00abRussiske styrker \u00f8vde b\u00e5de p\u00e5 forsvar mot og bruk av kjernefysiske kapasiteter i Barentshavet, som grenser til Nato-medlemmet Norge.\u00bb<\/p>\n<p><b>Les ogs\u00e5: <a class=\"simple-relation related-teaser article--c-eRUmMG article--c-eRUmMG-jKCPdD-design-default article--c-eRUmMG-iBPVJb-cv\" href=\"https:\/\/www.nordlys.no\/pst-vart-ansvar-a-beskytte-russere-i-norge\/s\/5-95-2581140\" rel=\"nofollow noopener\" target=\"_blank\">PST: \u2013 V\u00e5rt ansvar \u00e5 beskytte russere i Norge<\/a><\/b><\/p>\n<p>P\u00e5 mandag ble Russlands ambassad\u00f8r til Oslo kalt inn p\u00e5 teppet av Utenriksdepartementet (UD). Bakgrunnen for samtalen var Russlands krenkelse av polsk luftrom natt til onsdag 10. september.<\/p>\n<p>\u2013 Utenriksdepartementet gjentok at krenkelsene representerer uansvarlig og uakseptabel fremferd fra russisk side. Norge og allierte har uttrykt full st\u00f8tte til Polen, opplyser UD i en <a href=\"https:\/\/www.regjeringen.no\/no\/aktuelt\/kommentar-til-russlands-krenkelse-av-polsk-luftrom\/id3119013\/?utm_source=www.regjeringen.no&amp;utm_medium=rss&amp;utm_campaign=RSS-2581966-documentTypeaktuelt\/nyheter\" rel=\"Follow nofollow noopener\" target=\"_blank\">uttalelse<\/a>.<\/p>\n<p>Den russiske ambassad\u00f8ren m\u00f8tte ekspedisjonssjefen for sikkerhetspolitisk avdeling i Utenriksdepartementet.<\/p>\n","protected":false},"excerpt":{"rendered":"(Nettavisen) Den amerikanske tankesmia Institute of Study of War (ISW) skriver i en analyse at Kreml har trappet&hellip;\n","protected":false},"author":2,"featured_media":37235,"comment_status":"","ping_status":"","sticky":false,"template":"","format":"standard","meta":{"footnotes":""},"categories":[12],"tags":[36,20,21,24,25,15,22,23,233,13,30,28,29,14,16,188,1510,1644,26,27,412,42,43,44,45],"class_list":{"0":"post-37234","1":"post","2":"type-post","3":"status-publish","4":"format-standard","5":"has-post-thumbnail","7":"category-verden","8":"tag-art","9":"tag-breaking-news","10":"tag-breakingnews","11":"tag-featured-news","12":"tag-featurednews","13":"tag-headlines","14":"tag-latest-news","15":"tag-latestnews","16":"tag-nato","17":"tag-news","18":"tag-no","19":"tag-norge","20":"tag-norway","21":"tag-nyheter","22":"tag-overskrifter","23":"tag-russland","24":"tag-story","25":"tag-svalbard","26":"tag-top-stories","27":"tag-topstories","28":"tag-utenriks","29":"tag-verden","30":"tag-world","31":"tag-world-news","32":"tag-worldnews"},"share_on_mastodon":{"url":"","error":""},"_links":{"self":[{"href":"https:\/\/www.europesays.com\/no\/wp-json\/wp\/v2\/posts\/37234","targetHints":{"allow":["GET"]}}],"collection":[{"href":"https:\/\/www.europesays.com\/no\/wp-json\/wp\/v2\/posts"}],"about":[{"href":"https:\/\/www.europesays.com\/no\/wp-json\/wp\/v2\/types\/post"}],"author":[{"embeddable":true,"href":"https:\/\/www.europesays.com\/no\/wp-json\/wp\/v2\/users\/2"}],"replies":[{"embeddable":true,"href":"https:\/\/www.europesays.com\/no\/wp-json\/wp\/v2\/comments?post=37234"}],"version-history":[{"count":0,"href":"https:\/\/www.europesays.com\/no\/wp-json\/wp\/v2\/posts\/37234\/revisions"}],"wp:featuredmedia":[{"embeddable":true,"href":"https:\/\/www.europesays.com\/no\/wp-json\/wp\/v2\/media\/37235"}],"wp:attachment":[{"href":"https:\/\/www.europesays.com\/no\/wp-json\/wp\/v2\/media?parent=37234"}],"wp:term":[{"taxonomy":"category","embeddable":true,"href":"https:\/\/www.europesays.com\/no\/wp-json\/wp\/v2\/categories?post=37234"},{"taxonomy":"post_tag","embeddable":true,"href":"https:\/\/www.europesays.com\/no\/wp-json\/wp\/v2\/tags?post=37234"}],"curies":[{"name":"wp","href":"https:\/\/api.w.org\/{rel}","templated":true}]}}