{"id":37319,"date":"2025-09-17T02:31:12","date_gmt":"2025-09-17T02:31:12","guid":{"rendered":"https:\/\/www.europesays.com\/no\/37319\/"},"modified":"2025-09-17T02:31:12","modified_gmt":"2025-09-17T02:31:12","slug":"dette-er-bevisene-mot-tyler-robinson","status":"publish","type":"post","link":"https:\/\/www.europesays.com\/no\/37319\/","title":{"rendered":"Dette er bevisene mot Tyler Robinson"},"content":{"rendered":"\n<p class=\"_paragraph_ew2ao_4 _paragraph_xtcu6_10 layout-component text-serif-m layout-normal text-serif-m layout-padded\">Tyler Robinson er siktet for \u00e5 ha drept Charlie Kirk under et arrangement p\u00e5 Utah Valley University. <\/p>\n<p class=\"_paragraph_ew2ao_4 _paragraph_xtcu6_10 layout-component text-serif-m layout-normal text-serif-m layout-padded\">If\u00f8lge saksdokumenter VG har sett, ble Robinson p\u00e5grepet etter 33 timer p\u00e5 flukt, og DNA-spor p\u00e5 v\u00e5penet knytter ham til drapet.<\/p>\n<p><img alt=\"Foto: GEORGE FREY \/ AFP \/ NTB\" class=\"_image_qp4xg_65 layout-component layout-normal\" data-fullscreen- data-track-element-type=\"Article image fullscreen\" data-track-name=\"ImageFullscreen\" decoding=\"async\" loading=\"lazy\" height=\"3810\" itemprop=\"image\"  src=\"https:\/\/www.europesays.com\/no\/wp-content\/uploads\/2025\/09\/17509604-fe96-489f-9717-cb6c7bf9222e\"  style=\"object-position:0% 0%\" width=\"5715\"\/>Foto: GEORGE FREY \/ AFP \/ NTB<\/p>\n<p class=\"_paragraph_ew2ao_4 _paragraph_xtcu6_10 layout-component text-serif-m layout-normal text-serif-m layout-padded\">Den 22 \u00e5r gamle mannen er siktet for drapet p\u00e5 den konservative debattanten og influenceren, som ble skutt i halsen mens han holdt tale foran noen tusen mennesker 10. september.<\/p>\n<p class=\"_paragraph_ew2ao_4 _paragraph_xtcu6_10 layout-component text-serif-m layout-normal text-serif-m layout-padded\">Fylkesadvokat Jeff Gray har tirsdag lagt frem p\u00e5talemyndighetens bevis og <a href=\"https:\/\/www.vg.no\/nyheter\/i\/jQRWve\/paatalemyndigheten-om-siktede-etter-kirk-drapet\" data-track-element-type=\"Link\" data-track-id=\"link:jQRWve\" class=\"_link_ew2ao_39\" rel=\"nofollow noopener\" target=\"_blank\">ber om d\u00f8dsstraff<\/a>.<\/p>\n<p>Hvem var Charlie Kirk?<\/p>\n<ul class=\"_list_ew2ao_3 _list_xtcu6_9 _list_16v91_9 _unordered_ew2ao_99 layout-component text-serif-m layout-normal text-sans-m layout-padded\">\n<li class=\"_item_ew2ao_30\">Charlie Kirk (31) var en profilert politisk aktivist i USA.<\/li>\n<li class=\"_item_ew2ao_30\">Han ble skutt og drept under et skolearrangement i Utah 10. september i det som etterforskes som et m\u00e5lrettet angrep.<\/li>\n<li class=\"_item_ew2ao_30\">Han var leder av den landsomfattende organisasjonen Turning Point USA, som han grunnla i Phoenix, Arizona i 2012.\u00a0<\/li>\n<li class=\"_item_ew2ao_30\">Turning Point beskriver seg selv som en patriotisk, konservativ studentbevegelse, som kjemper for mindre statlig kontroll, frie markeder og personlig frihet.\u00a0<\/li>\n<li class=\"_item_ew2ao_30\">Kirk hadde tette b\u00e5nd til president Donald Trump og MAGA-bevegelsen. Han hadde en n\u00e6r relasjon til Trumps f\u00f8rstef\u00f8dte s\u00f8nn Don. jr. og til visepresident JD Vance.<\/li>\n<li class=\"_item_ew2ao_30\">Turning Point og Kirk holdt skoledebatter og mobiliserte unge velgere. Han var en selverkl\u00e6rt forkjemper for ytringsfriheten, og inviterte meningsmotstandere til debatt.<\/li>\n<li class=\"_item_ew2ao_30\">Kirk ble gitt noe av \u00e6ren for at Trump vant vippestaten Arizona i presidentvalget i 2024. Kirk skal ha v\u00e6rt sentral i \u00e5 velge ut medlemmer til Trumps nye administrasjon.<\/li>\n<li class=\"_item_ew2ao_30\">Kirk var evangelikal kristen og tilh\u00f8rte den religi\u00f8se h\u00f8yresiden i amerikansk politikk. I USA er dette en stor, konservativ bevegelse, som vektlegger bibeltro, personlig omvendelse og misjon. Siden 1970-tallet har evangelikale blitt sterkere knyttet til deler av Det republikanske partiet, og det siste ti\u00e5ret til Trumps MAGA-bevegelse.<\/li>\n<li class=\"_item_ew2ao_30\">Kirk kjempet for kristen-evangelikale verdier, mente at selvbestemt abort var drap og var imot skeives rettigheter.<\/li>\n<li class=\"_item_ew2ao_30\">Kirk kritiserte borgerrettighetsbevegelsen, og var en sterk motstander av offentlige mangfolds- og inkluderingstiltak.<\/li>\n<li class=\"_item_ew2ao_30\">Han fremmet omstridte syn p\u00e5 v\u00e5penlovene, og var en sterk tilhenger av retten til \u00e5 eie v\u00e5pen.<\/li>\n<\/ul>\n<p class=\"_paragraph_ew2ao_4 _paragraph_xtcu6_10 _paragraph_16v91_10 layout-component text-serif-m layout-normal text-sans-m layout-padded\">Kilder: <a href=\"https:\/\/tpusa.com\/\" class=\"_link_ew2ao_39\" rel=\"nofollow noopener\" target=\"_blank\">Turning Point USA<\/a>, <a href=\"https:\/\/www.nytimes.com\/2025\/09\/11\/us\/charlie-kirk-views-guns-gender-climate.html\" class=\"_link_ew2ao_39\" rel=\"nofollow noopener\" target=\"_blank\">New York Times<\/a>, <a href=\"https:\/\/www.bbc.com\/news\/articles\/cdxqnkwerj7o\" class=\"_link_ew2ao_39\" rel=\"nofollow noopener\" target=\"_blank\">BBC<\/a>, <a href=\"https:\/\/en.wikipedia.org\/wiki\/Evangelicalism_in_the_United_States\" class=\"_link_ew2ao_39\" rel=\"nofollow noopener\" target=\"_blank\">Wikipedia<\/a><\/p>\n<p>Vis merForeldrene gjenkjente ham<\/p>\n<p class=\"_paragraph_ew2ao_4 _paragraph_xtcu6_10 layout-component text-serif-m layout-normal text-serif-m layout-padded\">I siktelsen st\u00e5r det at Robinsons mor forklarte f\u00f8lgende til politiet: 11. september s\u00e5 hun et bilde av den antatte gjerningspersonen i nyhetene og mente vedkommende lignet s\u00f8nnen.<\/p>\n<p class=\"_paragraph_ew2ao_4 _paragraph_xtcu6_10 layout-component text-serif-m layout-normal text-serif-m layout-padded\">Moren meddelte ektemannen sin vurdering. Faren var enig.<\/p>\n<p><img alt=\"\" class=\"_image_qp4xg_65 layout-component layout-normal\" data-fullscreen- data-track-element-type=\"Article image fullscreen\" data-track-name=\"ImageFullscreen\" decoding=\"async\" loading=\"lazy\" height=\"431\" itemprop=\"image\"  src=\"https:\/\/www.europesays.com\/no\/wp-content\/uploads\/2025\/09\/c2c87569-bfc4-4b7b-8297-b11dd667c885\"  style=\"object-position:0% 0%\" width=\"313\"\/><\/p>\n<p class=\"_paragraph_ew2ao_4 _paragraph_xtcu6_10 layout-component text-serif-m layout-normal text-serif-m layout-padded\">Faren til Robinson mente ogs\u00e5 at v\u00e5penet politiet hadde funnet lignet p\u00e5 en rifle som var gitt til s\u00f8nnen som gave. <\/p>\n<p class=\"_paragraph_ew2ao_4 _paragraph_xtcu6_10 layout-component text-serif-m layout-normal text-serif-m layout-padded\">Da skal han ha bedt s\u00f8nnen sende et bilde av riflen, fikk han ikke svar, if\u00f8lge vitneforklaringen. <\/p>\n<p class=\"_paragraph_ew2ao_4 _paragraph_xtcu6_10 layout-component text-serif-m layout-normal text-serif-m layout-padded\">Senere skal Robinson ha reist hjem, hvor han overfor foreldrene innr\u00f8mmet \u00e5 v\u00e6re skytteren, if\u00f8lge forklaringen.<\/p>\n<p class=\"_paragraph_ew2ao_4 _paragraph_xtcu6_10 layout-component text-serif-m layout-normal text-serif-m layout-padded\"><strong class=\"_strong_ew2ao_25\">\u00abP\u00e5 sp\u00f8rsm\u00e5l om motiv forklarte Robinson at det finnes for mye ondskap, og at [Charlie Kirk] sprer for mye hat\u00bb, heter det i siktelsen.<\/strong><\/p>\n<p class=\"_paragraph_ew2ao_4 _paragraph_xtcu6_10 layout-component text-serif-m layout-normal text-serif-m layout-padded\">Etter samtaler om \u00e5 melde seg selv, skal Robinson via en pensjonert sheriffbetjent og p\u00e5 farens initiativ ha blitt overtalt til \u00e5 overgi seg.<\/p>\n<p><img alt=\"Robinsons foreldres hjem i Utah.  Foto: CHET STRANGE \/ AFP \/ NTB\" class=\"_image_qp4xg_65 layout-component layout-normal\" data-fullscreen- data-track-element-type=\"Article image fullscreen\" data-track-name=\"ImageFullscreen\" decoding=\"async\" loading=\"lazy\" height=\"5073\" itemprop=\"image\"  src=\"https:\/\/www.europesays.com\/no\/wp-content\/uploads\/2025\/09\/7b3df7ff-f239-4782-9490-eb6a4a4c8fb5\"  style=\"object-position:0% 0%\" width=\"7606\"\/>Robinsons foreldres hjem i Utah.  Foto: CHET STRANGE \/ AFP \/ NTB<\/p>\n<p class=\"_paragraph_ew2ao_4 _paragraph_xtcu6_10 layout-component text-serif-m layout-normal text-serif-m layout-padded\">I avh\u00f8r forklarte Robinsons mor at s\u00f8nnen det siste \u00e5ret hadde blitt mer politisk og tydeligere i sin st\u00f8tte til homofile og transpersoners rettigheter. <\/p>\n<p class=\"_paragraph_ew2ao_4 _paragraph_xtcu6_10 layout-component text-serif-m layout-normal text-serif-m layout-padded\">Hun skal ha opplyst at han innledet et forhold til sin romkamerat, \u00aben biologisk mann som var i ferd med \u00e5 gjennomg\u00e5 en kj\u00f8nnsbekreftende behandling\u00bb.<\/p>\n<p class=\"_paragraph_ew2ao_4 _paragraph_xtcu6_10 layout-component text-serif-m layout-normal text-serif-m layout-padded\"><strong class=\"_strong_ew2ao_25\">If\u00f8lge morens forklaring skal dette ha f\u00f8rt til konflikter med faren.<\/strong><\/p>\n<p class=\"_paragraph_ew2ao_4 _paragraph_xtcu6_10 layout-component text-serif-m layout-normal text-serif-m layout-padded\">F\u00f8r skytingen skal Robinson ha kommentert at Charlie Kirk skulle holde et arrangement ved UVU, som han kalte et \u00abdumt sted\u00bb.<\/p>\n<p class=\"_paragraph_ew2ao_4 _paragraph_xtcu6_10 layout-component text-serif-m layout-normal text-serif-m layout-padded\">VG ved \u00e5stedet \u2013 se video: <\/p>\n<p>   Kj\u00e6resten: \u00abDet var vel ikke du som gjorde det?\u00bb<\/p>\n<p class=\"_paragraph_ew2ao_4 _paragraph_xtcu6_10 layout-component text-serif-m layout-normal text-serif-m layout-padded\">Politiet har ogs\u00e5 avh\u00f8rt Robinsons kj\u00e6reste og romkamerat, som opplyste \u00e5 ha mottatt meldinger fra ham om skytingen og overleverte meldingene til politiet.<\/p>\n<p class=\"_paragraph_ew2ao_4 _paragraph_xtcu6_10 layout-component text-serif-m layout-normal text-serif-m layout-padded\">If\u00f8lge forklaringen mottok kj\u00e6resten 10. september en melding fra Robinson med beskjed om \u00e5 se under et tastatur. Der fant han en lapp der Robinson skrev at han hadde mulighet til \u00e5 \u00abta ut Charlie Kirk\u00bb og ville gj\u00f8re det.<\/p>\n<p><img alt=\"Foto: GEORGE FREY \/ AFP \/ NTB\" class=\"_image_qp4xg_65 layout-component layout-normal\" data-fullscreen- data-track-element-type=\"Article image fullscreen\" data-track-name=\"ImageFullscreen\" decoding=\"async\" loading=\"lazy\" height=\"3481\" itemprop=\"image\"  src=\"https:\/\/www.europesays.com\/no\/wp-content\/uploads\/2025\/09\/4b66adbb-09e6-47c5-92f0-254c53cf6c57\"  style=\"object-position:0% 0%\" width=\"5221\"\/>Foto: GEORGE FREY \/ AFP \/ NTB<\/p>\n<p class=\"_paragraph_ew2ao_4 _paragraph_xtcu6_10 layout-component text-serif-m layout-normal text-serif-m layout-padded\">Deretter fulgte denne meldingstr\u00e5den:<\/p>\n<p class=\"_paragraph_ew2ao_4 _paragraph_xtcu6_10 layout-component text-serif-m layout-normal text-serif-m layout-padded\"><strong class=\"_strong_ew2ao_25\">Romkamerat: \u00abHva?????????????? Du tuller, ikke sant????\u00bb<\/strong><\/p>\n<p class=\"_paragraph_ew2ao_4 _paragraph_xtcu6_10 layout-component text-serif-m layout-normal text-serif-m layout-padded\">Robinson: \u00abJeg har det fortsatt bra, min elskling, men jeg sitter fast i Orem litt til. Skal ikke ta lang tid f\u00f8r jeg kan komme hjem, men jeg m\u00e5 hente riflen min f\u00f8rst. \u00c6rlig talt hadde jeg h\u00e5pet \u00e5 holde dette hemmelig til jeg d\u00f8de av alderdom. Beklager \u00e5 involvere deg.\u00bb<\/p>\n<p class=\"_paragraph_ew2ao_4 _paragraph_xtcu6_10 layout-component text-serif-m layout-normal text-serif-m layout-padded\">Romkamerat: \u00abDet var vel ikke du som gjorde det, sant???\u00bb<\/p>\n<p class=\"_paragraph_ew2ao_4 _paragraph_xtcu6_10 layout-component text-serif-m layout-normal text-serif-m layout-padded\">Robinson: \u00abDet var meg, jeg beklager.\u00bb<\/p>\n<p class=\"_paragraph_ew2ao_4 _paragraph_xtcu6_10 layout-component text-serif-m layout-normal text-serif-m layout-padded\"><strong class=\"_strong_ew2ao_25\">Romkamerat: \u00abJeg trodde de hadde tatt personen?\u00bb<\/strong><\/p>\n<p class=\"_paragraph_ew2ao_4 _paragraph_xtcu6_10 layout-component text-serif-m layout-normal text-serif-m layout-padded\"><strong class=\"_strong_ew2ao_25\">Robinson: \u00abNei, de tok en gal eldre fyr og forh\u00f8rte en annen i lignende kl\u00e6r. Jeg hadde planlagt \u00e5 hente riflen fra gjemmestedet rett etterp\u00e5, men hele den delen av byen ble sperret av. Det er stille n\u00e5, nesten nok til \u00e5 komme seg ut, men \u00e9n bil henger igjen.\u00bb<\/strong><\/p>\n<p><img alt=\"Foto: Provo District Court \/ Reuters \/ NTB\" class=\"_image_qp4xg_65 layout-component layout-normal\" data-fullscreen- data-track-element-type=\"Article image fullscreen\" data-track-name=\"ImageFullscreen\" decoding=\"async\" loading=\"lazy\" height=\"2268\" itemprop=\"image\"  src=\"https:\/\/www.europesays.com\/no\/wp-content\/uploads\/2025\/09\/d713046e-bcec-49d0-825d-9a0e3483d5d3\"  style=\"object-position:0% 0%\" width=\"4032\"\/>Foto: Provo District Court \/ Reuters \/ NTB<\/p>\n<p class=\"_paragraph_ew2ao_4 _paragraph_xtcu6_10 layout-component text-serif-m layout-normal text-serif-m layout-padded\">Romkamerat: \u00abHvorfor?\u00bb<\/p>\n<p class=\"_paragraph_ew2ao_4 _paragraph_xtcu6_10 layout-component text-serif-m layout-normal text-serif-m layout-padded\">Robinson: \u00abHvorfor jeg gjorde det?\u00bb<\/p>\n<p class=\"_paragraph_ew2ao_4 _paragraph_xtcu6_10 layout-component text-serif-m layout-normal text-serif-m layout-padded\">Romkamerat: \u00abJa.\u00bb<\/p>\n<p class=\"_paragraph_ew2ao_4 _paragraph_xtcu6_10 layout-component text-serif-m layout-normal text-serif-m layout-padded\">Robinson: \u00abJeg hadde f\u00e5tt nok av hatet hans. Noe hat kan ikke forhandles bort. Hvis jeg f\u00e5r hentet riflen usett, finnes det ingen bevis. Skal pr\u00f8ve igjen, forh\u00e5pentligvis har de flyttet seg. Har ikke sett noe om at de har funnet den.\u00bb<\/p>\n<p>   Instruerte kj\u00e6resten<\/p>\n<p class=\"_paragraph_ew2ao_4 _paragraph_xtcu6_10 layout-component text-serif-m layout-normal text-serif-m layout-padded\">Romkamerat: \u00abHvor lenge har du planlagt dette?\u00bb<\/p>\n<p class=\"_paragraph_ew2ao_4 _paragraph_xtcu6_10 layout-component text-serif-m layout-normal text-serif-m layout-padded\">Robinson: \u00abLitt over en uke, tror jeg. Jeg kan komme n\u00e6r gjemmestedet, men en patruljebil st\u00e5r parkert rett ved. Jeg tror de har sjekket omr\u00e5det, men jeg vil ikke risikere det.\u00bb<\/p>\n<p class=\"_paragraph_ew2ao_4 _paragraph_xtcu6_10 layout-component text-serif-m layout-normal text-serif-m layout-padded\">[\u2026]<\/p>\n<p><img alt=\"Foto: Provo District Court \/ Reuters \/ NTB\" class=\"_image_qp4xg_65 layout-component layout-normal\" data-fullscreen- data-track-element-type=\"Article image fullscreen\" data-track-name=\"ImageFullscreen\" decoding=\"async\" loading=\"lazy\" height=\"2265\" itemprop=\"image\"  src=\"https:\/\/www.europesays.com\/no\/wp-content\/uploads\/2025\/09\/953a6902-f80a-4373-bf76-173d2ad6c846\"  style=\"object-position:0% 0%\" width=\"3397\"\/>Foto: Provo District Court \/ Reuters \/ NTB<\/p>\n<p class=\"_paragraph_ew2ao_4 _paragraph_xtcu6_10 layout-component text-serif-m layout-normal text-serif-m layout-padded\">Robinson: \u00abSkulle \u00f8nske jeg hadde snudd og hentet den med en gang jeg kom til bilen. Jeg er redd for hva faren min vil gj\u00f8re hvis jeg ikke kommer tilbake med bestefars rifle. Aner ikke engang om den hadde serienummer, men den kan ikke spores til meg.<\/p>\n<p class=\"_paragraph_ew2ao_4 _paragraph_xtcu6_10 layout-component text-serif-m layout-normal text-serif-m layout-padded\">Jeg bekymrer meg for fingeravtrykkene, m\u00e5tte legge den i en busk da jeg skiftet kl\u00e6r. Hadde ikke mulighet eller tid til \u00e5 ta den med. M\u00e5 kanskje la den ligge og h\u00e5pe de ikke finner prints. Hvordan i helvete skal jeg forklare for faren min at jeg har mistet den. Det eneste jeg etterlot meg var riflen pakket inn i et h\u00e5ndkle. Husker du jeg gravert kuler? <\/p>\n<p class=\"_paragraph_ew2ao_4 _paragraph_xtcu6_10 layout-component text-serif-m layout-normal text-serif-m layout-padded\">Meldingen er stort sett bare en meme, hvis jeg ser \u00abnotices bulge uwu\u00bb p\u00e5 Fox News f\u00e5r jeg slag. Jeg m\u00e5 la den ligge, det suger. Ut fra i dag vil jeg si bestefars rifle funker fint. Tror det var en kikkert til 2.000 dollar.\u00bb<\/p>\n<p><img alt=\"Kart: Tom Byermoen \/ VG\" class=\"_image_qp4xg_65 layout-component layout-normal\" data-fullscreen- data-track-element-type=\"Article image fullscreen\" data-track-name=\"ImageFullscreen\" decoding=\"async\" loading=\"lazy\" height=\"1042\" itemprop=\"image\"  src=\"https:\/\/www.europesays.com\/no\/wp-content\/uploads\/2025\/09\/14d40334-b1c5-47b1-8d9c-330fcb855a76\"  style=\"object-position:0% 0%\" width=\"1160\"\/>Kart: Tom Byermoen \/ VG<\/p>\n<p class=\"_paragraph_ew2ao_4 _paragraph_xtcu6_10 layout-component text-serif-m layout-normal text-serif-m layout-padded\">[\u2026]<\/p>\n<p class=\"_paragraph_ew2ao_4 _paragraph_xtcu6_10 layout-component text-serif-m layout-normal text-serif-m layout-padded\">Robinson: \u00abSlett denne meldingstr\u00e5den.\u00bb<\/p>\n<p class=\"_paragraph_ew2ao_4 _paragraph_xtcu6_10 layout-component text-serif-m layout-normal text-serif-m layout-padded\">Robinson: \u00abPappa vil ha bilder av riflen &#8230; han sier bestefar vil vite hvem som har hva. F\u00f8derale myndigheter har publisert et bilde av riflen, og den er veldig spesiell. Han ringer meg n\u00e5, jeg svarer ikke.\u00bb<\/p>\n<p class=\"_paragraph_ew2ao_4 _paragraph_xtcu6_10 layout-component text-serif-m layout-normal text-serif-m layout-padded\">[\u2026]<\/p>\n<p class=\"_paragraph_ew2ao_4 _paragraph_xtcu6_10 layout-component text-serif-m layout-normal text-serif-m layout-padded\">Robinson: \u00abSiden Trump kom til makten har [pappa] v\u00e6rt beinhard MAGA.\u00bb<\/p>\n<p class=\"_paragraph_ew2ao_4 _paragraph_xtcu6_10 layout-component text-serif-m layout-normal text-serif-m layout-padded\">[\u2026]<\/p>\n<p class=\"_paragraph_ew2ao_4 _paragraph_xtcu6_10 layout-component text-serif-m layout-normal text-serif-m layout-padded\">Robinson: \u00abJeg skal melde meg selv, en av naboene mine er sheriffbetjent.\u00bb<\/p>\n<p class=\"_paragraph_ew2ao_4 _paragraph_xtcu6_10 layout-component text-serif-m layout-normal text-serif-m layout-padded\">Robinson: \u00abDet er bare deg jeg bekymrer meg for, min elskling.\u00bb<\/p>\n<p class=\"_paragraph_ew2ao_4 _paragraph_xtcu6_10 layout-component text-serif-m layout-normal text-serif-m layout-padded\">Romkamerat: \u00abJeg er mye mer bekymret for deg.\u00bb<\/p>\n<p class=\"_paragraph_ew2ao_4 _paragraph_xtcu6_10 layout-component text-serif-m layout-normal text-serif-m layout-padded\">Robinson: \u00abIkke snakk med media. Ikke ta intervjuer eller kommenter. Hvis politiet sp\u00f8r deg om noe, be om advokat og hold kjeft.\u00bb<\/p>\n<p>Planla drapet i over en uke<\/p>\n<p class=\"_paragraph_ew2ao_4 _paragraph_xtcu6_10 layout-component text-serif-m layout-normal text-serif-m layout-padded\">Tyler James Robinson overga seg til politiet sammen med foreldrene sine kvelden 11. september, if\u00f8lge siktelsen fra p\u00e5talemyndigheten i Utah.<\/p>\n<p class=\"_paragraph_ew2ao_4 _paragraph_xtcu6_10 layout-component text-serif-m layout-normal text-serif-m layout-padded\"><strong class=\"_strong_ew2ao_25\">Politiets etterforskning viser at Robinson hadde planlagt drapet i over en uke. <\/strong><\/p>\n<ul class=\"_gallery_1qa3s_23\" tabindex=\"0\">\n<li class=\"_item_1qa3s_37\" data-index=\"0\"><img decoding=\"async\" class=\"_image_foru8_23 _articleGallery_foru8_39\" data-fullscreen- width=\"4000\" height=\"2667\" itemprop=\"image\" loading=\"lazy\"  src=\"https:\/\/www.europesays.com\/no\/wp-content\/uploads\/2025\/09\/ffba2d7b-f18b-4eeb-b90f-e7e067c6dac5\"  style=\"object-position:50% 50%;aspect-ratio:var(--gallery-aspect-ratio, 16 \/ 9)\"\/>Det var i dette teltet at Charlie Kirk ble skutt.  Foto: Trent Nelson\/The Salt Lake Tribune \/ Reuters \/ NTB<\/li>\n<li class=\"_item_1qa3s_37\" data-index=\"1\"><img decoding=\"async\" class=\"_image_foru8_23 _articleGallery_foru8_39\" data-fullscreen- width=\"4000\" height=\"2667\" itemprop=\"image\" loading=\"lazy\"  src=\"https:\/\/www.europesays.com\/no\/wp-content\/uploads\/2025\/09\/57b536b2-f8da-470d-83a6-07e2e9c33be0\"  style=\"object-position:50% 50%;aspect-ratio:var(--gallery-aspect-ratio, 16 \/ 9)\"\/>Folk la p\u00e5 sprang umiddelbart etter at skuddet falt.  Foto: Trent Nelson\/The Salt Lake Tribune \/ Reuters \/ NTB<\/li>\n<\/ul>\n<p>Det var i dette teltet at Charlie Kirk ble skutt.  Foto: Trent Nelson\/The Salt Lake Tribune \/ Reuters \/ NTB<\/p>\n<p class=\"_paragraph_ew2ao_4 _paragraph_xtcu6_10 layout-component text-serif-m layout-normal text-serif-m layout-padded\">If\u00f8lge siktelsen skal Robinson ha skutt Kirk fra et tak 160 meter unna, gjemt v\u00e5penet i et skogholt og kastet kl\u00e6rne. Politiet opplyser \u00e5 ha funnet inskripsjoner p\u00e5 ammunisjon beslaglagt i riflen:<\/p>\n<ul class=\"_list_ew2ao_3 _list_xtcu6_9 _unordered_ew2ao_99 layout-component text-serif-m layout-normal text-serif-m layout-padded\">\n<li class=\"_item_ew2ao_30\"><strong class=\"_strong_ew2ao_25\">Avfyrt patron:<\/strong> \u00abNotices bulge \u2013 owo what\u2019s this?\u00bb<\/li>\n<li class=\"_item_ew2ao_30\"><strong class=\"_strong_ew2ao_25\">Andre patron: <\/strong>\u00abHei fascist! Catch!\u00bb <\/li>\n<li class=\"_item_ew2ao_30\"><strong class=\"_strong_ew2ao_25\">Tredje patron: <\/strong>\u00abO Bella ciao, Bella ciao, Bella ciao, ciao, ciao!\u00bb \u2013 en referanse til en italiensk arbeider- og partisansang fra andre verdenskrig, et symbol p\u00e5 kampen mot fascismen.<\/li>\n<li class=\"_item_ew2ao_30\"><strong class=\"_strong_ew2ao_25\">Fjerde patron:<\/strong> \u00abHvis du leser dette, er du homo. Lmao.\u00bb<\/li>\n<\/ul>\n<p class=\"_paragraph_ew2ao_4 _paragraph_xtcu6_10 layout-component text-serif-m layout-normal text-serif-m layout-padded\">Politiet opplyser \u00e5 ha funnet DNA-spor fra Robinson p\u00e5 v\u00e5penet, ammunisjonen og h\u00e5ndkleet v\u00e5penet var pakket inn i. Robinson er siktet for syv forhold, inkludert drap.<\/p>\n<p class=\"_paragraph_ew2ao_4 _paragraph_xtcu6_10 layout-component text-serif-m layout-normal text-serif-m layout-padded\">Barn var til stede da skytingen fant sted, noe som har f\u00f8rt til en egen siktelse for vold beg\u00e5tt i n\u00e6rv\u00e6r av barn under 14 \u00e5r.<\/p>\n<p><img alt=\"Foto: Scott G Winterton \/ Reuters \/ NTB\" class=\"_image_qp4xg_65 layout-component layout-normal\" data-fullscreen- data-track-element-type=\"Article image fullscreen\" data-track-name=\"ImageFullscreen\" decoding=\"async\" loading=\"lazy\" height=\"2000\" itemprop=\"image\"  src=\"https:\/\/www.europesays.com\/no\/wp-content\/uploads\/2025\/09\/1e01d6d3-435b-4961-a6e6-4e53376bbf57\"  style=\"object-position:0% 0%\" width=\"3000\"\/>Foto: Scott G Winterton \/ Reuters \/ NTB    <\/p>\n","protected":false},"excerpt":{"rendered":"Tyler Robinson er siktet for \u00e5 ha drept Charlie Kirk under et arrangement p\u00e5 Utah Valley University. If\u00f8lge&hellip;\n","protected":false},"author":2,"featured_media":37320,"comment_status":"","ping_status":"","sticky":false,"template":"","format":"standard","meta":{"footnotes":""},"categories":[5],"tags":[1238,20,21,5133,24,25,15,19,22,23,17,18,13,30,28,29,14,16,26,27],"class_list":{"0":"post-37319","1":"post","2":"type-post","3":"status-publish","4":"format-standard","5":"has-post-thumbnail","7":"category-overskrifter","8":"tag-amerikansk-politikk","9":"tag-breaking-news","10":"tag-breakingnews","11":"tag-drapet-pa-charlie-kirk","12":"tag-featured-news","13":"tag-featurednews","14":"tag-headlines","15":"tag-hovedoppslag","16":"tag-latest-news","17":"tag-latestnews","18":"tag-main-news","19":"tag-mainnews","20":"tag-news","21":"tag-no","22":"tag-norge","23":"tag-norway","24":"tag-nyheter","25":"tag-overskrifter","26":"tag-top-stories","27":"tag-topstories"},"share_on_mastodon":{"url":"","error":""},"_links":{"self":[{"href":"https:\/\/www.europesays.com\/no\/wp-json\/wp\/v2\/posts\/37319","targetHints":{"allow":["GET"]}}],"collection":[{"href":"https:\/\/www.europesays.com\/no\/wp-json\/wp\/v2\/posts"}],"about":[{"href":"https:\/\/www.europesays.com\/no\/wp-json\/wp\/v2\/types\/post"}],"author":[{"embeddable":true,"href":"https:\/\/www.europesays.com\/no\/wp-json\/wp\/v2\/users\/2"}],"replies":[{"embeddable":true,"href":"https:\/\/www.europesays.com\/no\/wp-json\/wp\/v2\/comments?post=37319"}],"version-history":[{"count":0,"href":"https:\/\/www.europesays.com\/no\/wp-json\/wp\/v2\/posts\/37319\/revisions"}],"wp:featuredmedia":[{"embeddable":true,"href":"https:\/\/www.europesays.com\/no\/wp-json\/wp\/v2\/media\/37320"}],"wp:attachment":[{"href":"https:\/\/www.europesays.com\/no\/wp-json\/wp\/v2\/media?parent=37319"}],"wp:term":[{"taxonomy":"category","embeddable":true,"href":"https:\/\/www.europesays.com\/no\/wp-json\/wp\/v2\/categories?post=37319"},{"taxonomy":"post_tag","embeddable":true,"href":"https:\/\/www.europesays.com\/no\/wp-json\/wp\/v2\/tags?post=37319"}],"curies":[{"name":"wp","href":"https:\/\/api.w.org\/{rel}","templated":true}]}}