{"id":37390,"date":"2025-09-17T06:27:16","date_gmt":"2025-09-17T06:27:16","guid":{"rendered":"https:\/\/www.europesays.com\/no\/37390\/"},"modified":"2025-09-17T06:27:16","modified_gmt":"2025-09-17T06:27:16","slug":"flere-tusen-uten-internett-dette-er-jo-litt-irriterende-adressa-no","status":"publish","type":"post","link":"https:\/\/www.europesays.com\/no\/37390\/","title":{"rendered":"Flere tusen uten internett: &#8211; Dette er jo litt irriterende &#8211; adressa.no"},"content":{"rendered":"<ol>\n<li><a href=\"https:\/\/news.google.com\/rss\/articles\/CBMipwFBVV95cUxNY0F2bXVRQThqSkx3eFBTWjNSeC1CbkJvYndnM1hrWHBlWVdnd09hVWZnYk9YanZXNG9xLTVwSXVLMXBnbHpZTFBadnpOYXRyeDZhVnFOdXRqdWJ1eUQ4RXFCWFNCZkdaMWpWWVppVU0zdGdTTEkzZlUzaFFRR3Bpb3poQkZ3Vk13b21pNXpfLVgxNDlPMHdmcTEtV28zeUI1ekowSGxJNA?oc=5\" target=\"_blank\" rel=\"nofollow noopener\">Flere tusen uten internett: &#8211; Dette er jo litt irriterende<\/a>&nbsp;&nbsp;adressa.no<\/li>\n<li><a href=\"https:\/\/news.google.com\/rss\/articles\/CBMipwFBVV95cUxPTG95MHlBbGFOR3VqQURydlFZZURPdzl0UHNBcVNQSFI5d3FKY0RsZjQtSW1RWExEdDZuN3laM2M0enQxYVU2SVc2dkV4RHNYVTdSUldQbjh4Wm4ybUVSNHlKZHVaTHl6cVJubjhnd1J4Z2NvS3MtZEJRY09WaFRVaUNnUUNXWXFFWEl4ZHRRMkNxRnBFZ1Zfc3gxNWlxemZEaldEWHEtOA?oc=5\" target=\"_blank\" rel=\"nofollow noopener\">Jobber p\u00e5 spreng med \u00e5 f\u00e5 folk p\u00e5 nett<\/a>&nbsp;&nbsp;adressa.no<\/li>\n<li><a href=\"https:\/\/news.google.com\/rss\/articles\/CBMid0FVX3lxTE1yajRIVllkdkx6NUxyV3Y1NlZwMW9MSGdTWHdmaTM3ZXZNT2tQbTF4SThmUERiTU5KYno3d3NSRVBNaWFJTjhGS2VxdEQzclB5LS1pR0FEdTdVVDFkZWhKc2JsWW5ycVk2b1VVc2s2Y2F0QjZoaDZB?oc=5\" target=\"_blank\" rel=\"nofollow noopener\">(+) Uten nett i to arbeidsdager: \u2013 Vi skal klare oss<\/a>&nbsp;&nbsp;folkebladet.no<\/li>\n<li><a href=\"https:\/\/news.google.com\/rss\/articles\/CBMipAFBVV95cUxPZll3eWxrZVpRWkF4NXZ2VEd1MEl4eHdBMk1IUjFyUjdOcVNPRGIxaDBISnBXTnYyTXNReGdTRG8yanFBYnVkV1Q5LU5iRkk5eGNIRmF0TG9MOE9RMnAxZWsxakE1eTc3MXNlbDQ2N0NpNWkyNGY4eC1HQmUxUjhEbG9mbXp2LWYwbXdzNmFZQllyeFAwclQzUHBpaEoySUxiZHZkSQ?oc=5\" target=\"_blank\" rel=\"nofollow noopener\">Sender kilometere med kabel for \u00e5 reparere brudd: \u2013 Skadene er enorme<\/a>&nbsp;&nbsp;Digi.no<\/li>\n<li><a href=\"https:\/\/news.google.com\/rss\/articles\/CBMingFBVV95cUxONzM1dmJ3Tng0SVVqM0F5TEhUcTZQVXVKaFAyeWN5ZVZCYmJQRzJrelZzT0g4bzBjMlpMVVVPZGNZcGRMZzVfLWxOUEdNYlJhSzM4ZndhZnNGRzNIS01tTHZyUzhUN0xNZUJWVVQyVzBzcUpRUzlscUVMaGZIcGpndXAzUTdxNjA5ZzFuaXkxVXVwQnpXbGt2eFdmNU9tQQ?oc=5\" target=\"_blank\" rel=\"nofollow noopener\">Flere tusen uten internett: \u2013 I beste fall tar det en uke<\/a>&nbsp;&nbsp;mn24.no<\/li>\n<\/ol>\n","protected":false},"excerpt":{"rendered":"Flere tusen uten internett: &#8211; Dette er jo litt irriterende&nbsp;&nbsp;adressa.no Jobber p\u00e5 spreng med \u00e5 f\u00e5 folk p\u00e5&hellip;\n","protected":false},"author":2,"featured_media":37391,"comment_status":"","ping_status":"","sticky":false,"template":"","format":"standard","meta":{"footnotes":""},"categories":[10],"tags":[20,21,867,5867,5059,24,25,5868,15,5871,22,23,316,5872,5869,5873,13,30,28,29,14,16,5874,5870,1418,26,27,596,641],"class_list":{"0":"post-37390","1":"post","2":"type-post","3":"status-publish","4":"format-standard","5":"has-post-thumbnail","7":"category-norge","8":"tag-breaking-news","9":"tag-breakingnews","10":"tag-byasen","11":"tag-entra","12":"tag-entreprenor","13":"tag-featured-news","14":"tag-featurednews","15":"tag-gravemaskin","16":"tag-headlines","17":"tag-kabler","18":"tag-latest-news","19":"tag-latestnews","20":"tag-lerkendal","21":"tag-mobilabonnement","22":"tag-mobildata","23":"tag-mobilnett","24":"tag-news","25":"tag-no","26":"tag-norge","27":"tag-norway","28":"tag-nyheter","29":"tag-overskrifter","30":"tag-risvollan","31":"tag-singsaker","32":"tag-telenor","33":"tag-top-stories","34":"tag-topstories","35":"tag-trondheim","36":"tag-trondheim-kommune"},"share_on_mastodon":{"url":"","error":""},"_links":{"self":[{"href":"https:\/\/www.europesays.com\/no\/wp-json\/wp\/v2\/posts\/37390","targetHints":{"allow":["GET"]}}],"collection":[{"href":"https:\/\/www.europesays.com\/no\/wp-json\/wp\/v2\/posts"}],"about":[{"href":"https:\/\/www.europesays.com\/no\/wp-json\/wp\/v2\/types\/post"}],"author":[{"embeddable":true,"href":"https:\/\/www.europesays.com\/no\/wp-json\/wp\/v2\/users\/2"}],"replies":[{"embeddable":true,"href":"https:\/\/www.europesays.com\/no\/wp-json\/wp\/v2\/comments?post=37390"}],"version-history":[{"count":0,"href":"https:\/\/www.europesays.com\/no\/wp-json\/wp\/v2\/posts\/37390\/revisions"}],"wp:featuredmedia":[{"embeddable":true,"href":"https:\/\/www.europesays.com\/no\/wp-json\/wp\/v2\/media\/37391"}],"wp:attachment":[{"href":"https:\/\/www.europesays.com\/no\/wp-json\/wp\/v2\/media?parent=37390"}],"wp:term":[{"taxonomy":"category","embeddable":true,"href":"https:\/\/www.europesays.com\/no\/wp-json\/wp\/v2\/categories?post=37390"},{"taxonomy":"post_tag","embeddable":true,"href":"https:\/\/www.europesays.com\/no\/wp-json\/wp\/v2\/tags?post=37390"}],"curies":[{"name":"wp","href":"https:\/\/api.w.org\/{rel}","templated":true}]}}