{"id":37436,"date":"2025-09-17T07:32:08","date_gmt":"2025-09-17T07:32:08","guid":{"rendered":"https:\/\/www.europesays.com\/no\/37436\/"},"modified":"2025-09-17T07:32:08","modified_gmt":"2025-09-17T07:32:08","slug":"regjeringen-stiller-ikke-pa-norges-vm-kvalifiseringskamp-mot-israel","status":"publish","type":"post","link":"https:\/\/www.europesays.com\/no\/37436\/","title":{"rendered":"Regjeringen stiller ikke p\u00e5 Norges VM-kvalifiseringskamp mot Israel"},"content":{"rendered":"\n<p class=\"_lead_ew2ao_2 _lead_xtcu6_50 layout-component text-serif-m layout-normal text-serif-l layout-component layout-wide layout-padded _wide_17hqh_1 layout-padded\">Ingen fra regjeringen vil representere Norge i VM-kvalifiseringskampen i fotball mot Israel p\u00e5 Ullevaal 11. oktober.<\/p>\n<p><img alt=\"Lubna Jaffery og statsminister Jonas Gahr St\u00f8re (Ap) var p\u00e5 plass p\u00e5 Ullevaal da Norge m\u00f8tte Spania for to \u00e5r siden.&#10;Foto: Frederik Ringnes \/ NTB\" class=\"_image_qp4xg_65 layout-component layout-wide\" data-fullscreen- data-track-element-type=\"Article image fullscreen\" data-track-name=\"ImageFullscreen\" fetchpriority=\"high\" decoding=\"sync\" loading=\"eager\" height=\"3317\" itemprop=\"image\"  src=\"https:\/\/www.europesays.com\/no\/wp-content\/uploads\/2025\/09\/8ce4e1e1-b0da-4efb-923f-66794b5c63ac\"  style=\"object-position:0% 0%\" width=\"4975\"\/>Lubna Jaffery og statsminister Jonas Gahr St\u00f8re (Ap) var p\u00e5 plass p\u00e5 Ullevaal da Norge m\u00f8tte Spania for to \u00e5r siden.<br \/>\nFoto: Frederik Ringnes \/ NTB<\/p>\n<ul aria-hidden=\"true\" class=\"_images_1y6fe_106\">\n<li><a class=\"_link_1y6fe_111\" href=\"https:\/\/www.vg.no\/forfatter\/ntb\" style=\"z-index:1\" title=\"NTB\" rel=\"nofollow noopener\" target=\"_blank\"><img alt=\"Bilde av NTB\" class=\"_image_1y6fe_88\" fetchpriority=\"low\" loading=\"lazy\" decoding=\"async\" itemprop=\"image\"  src=\"https:\/\/www.europesays.com\/no\/wp-content\/uploads\/2025\/09\/1758094328_792_c33980b0-5d07-4027-84a1-813f90a7c8d6\"  width=\"480\"\/><\/a><\/li>\n<\/ul>\n<p> Oppdatert onsdag 17. september kl. 09:14     <\/p>\n<p class=\"_paragraph_ew2ao_4 _paragraph_xtcu6_10 layout-component text-serif-m layout-normal text-serif-m layout-padded\"> Det opplyser kultur- og likestillingsminister Lubna Jaffery i et <a href=\"https:\/\/www.stortinget.no\/no\/Saker-og-publikasjoner\/Sporsmal\/Skriftlige-sporsmal-og-svar\/Skriftlig-sporsmal\/?qnid=107692\" class=\"_link_ew2ao_39\" rel=\"nofollow noopener\" target=\"_blank\">skriftlig svar<\/a> til Stortinget.<\/p>\n<p class=\"_paragraph_ew2ao_4 _paragraph_xtcu6_10 layout-component text-serif-m layout-normal text-serif-m layout-padded\">\u00abJeg skal ikke v\u00e6re til stede p\u00e5 kampen. Ingen andre statsr\u00e5der vil representere regjeringen p\u00e5 kampen\u00bb, heter det der.<\/p>\n<p class=\"_paragraph_ew2ao_4 _paragraph_xtcu6_10 layout-component text-serif-m layout-normal text-serif-m layout-padded\">Jaffery opplyser ikke om \u00e5rsaken til at hun ikke stiller. NTB har sendt en henvendelse til Kultur- og likestillingsdepartementet for \u00e5 f\u00e5 statsr\u00e5den til \u00e5 utdype svaret.<\/p>\n<p class=\"_paragraph_ew2ao_4 _paragraph_xtcu6_10 layout-component text-serif-m layout-normal text-serif-m layout-padded\">Statsr\u00e5den opplyser videre at hun ikke har oversikt om andre statsr\u00e5der eller medlemmer av regjeringen vil delta som privatpersoner.<\/p>\n<p>Ikke for boikott<\/p>\n<p class=\"_paragraph_ew2ao_4 _paragraph_xtcu6_10 layout-component text-serif-m layout-normal text-serif-m layout-padded\">Svaret kommer p\u00e5 sp\u00f8rsm\u00e5l fra R\u00f8dts idrettspolitiske talsperson Hege Bae Nyholt.<\/p>\n<p class=\"_paragraph_ew2ao_4 _paragraph_xtcu6_10 layout-component text-serif-m layout-normal text-serif-m layout-padded\">R\u00f8dt har ment at ingen fra regjeringen b\u00f8r m\u00f8te opp p\u00e5 Ullevaal til den sv\u00e6rt viktige fotballkampen.<\/p>\n<p class=\"_paragraph_ew2ao_4 _paragraph_xtcu6_10 layout-component text-serif-m layout-normal text-serif-m layout-padded\">Kulturministeren sa i vinter at regjeringen p\u00e5 generelt grunnlag er imot boikott.<\/p>\n<p class=\"_paragraph_ew2ao_4 _paragraph_xtcu6_10 layout-component text-serif-m layout-normal text-serif-m layout-padded\">\u2013 Vi har mer tro p\u00e5 dialog og konfliktl\u00f8sning som virkemiddel. V\u00e5rt budskap til Israel og Hamas har v\u00e6rt klart og tydelig hele tiden. Konflikten i Gaza har skapt ufattelige lidelser. Norge arbeider systematisk for \u00e5 bidra til v\u00e5penhvile og frigivelse av gisler, svarte Jaffery.<\/p>\n<p class=\"_paragraph_ew2ao_4 _paragraph_xtcu6_10 layout-component text-serif-m layout-normal text-serif-m layout-padded\">Det har allerede v\u00e6rt diskusjoner rundt fotballkampen mot Israel. Sikkerheten skal blant annet forsterkes, har NFF meddelt.<\/p>\n<p>Gir bort overskuddet<\/p>\n<p class=\"_paragraph_ew2ao_4 _paragraph_xtcu6_10 layout-component text-serif-m layout-normal text-serif-m layout-padded\">Fotballpresident Lise Klaveness opplyste mandag at Norges Fotballforbund gir overskuddet fra kampen til Leger Uten Grenser.<\/p>\n<p class=\"_paragraph_ew2ao_4 _paragraph_xtcu6_10 layout-component text-serif-m layout-normal text-serif-m layout-padded\">\u2013 Det er et forferdelig bakteppe, og fotballen blir preget av den geopolitikken vi er en del av, sa Klaveness til NTB.<\/p>\n<p class=\"_paragraph_ew2ao_4 _paragraph_xtcu6_10 layout-component text-serif-m layout-normal text-serif-m layout-padded\">\u2013 Vi m\u00e5 forholde oss til at Israel er en del av konkurransen. Men vi vil ikke v\u00e6re likegyldige til de humanit\u00e6re lidelsene som utspiller seg, s\u00e6rlig de uforholdsmessige angrepene som har v\u00e6rt i Gaza i altfor lang tid, forteller hun.<\/p>\n<p class=\"_paragraph_ew2ao_4 _paragraph_xtcu6_10 layout-component text-serif-m layout-normal text-serif-m layout-padded\">Norge st\u00e5r med full pott i VM-kvalifiseringen s\u00e5 langt og ligger an til \u00e5 bli klar til sommerens VM i Mexico, USA og Canada. Oppgj\u00f8r mot Israel, Estland og Italia gjenst\u00e5r.<\/p>\n","protected":false},"excerpt":{"rendered":"Ingen fra regjeringen vil representere Norge i VM-kvalifiseringskampen i fotball mot Israel p\u00e5 Ullevaal 11. oktober. Lubna Jaffery&hellip;\n","protected":false},"author":2,"featured_media":37437,"comment_status":"","ping_status":"","sticky":false,"template":"","format":"standard","meta":{"footnotes":""},"categories":[59],"tags":[3163,52,30,28,29,83,82],"class_list":{"0":"post-37436","1":"post","2":"type-post","3":"status-publish","4":"format-standard","5":"has-post-thumbnail","7":"category-sport","8":"tag-herrelandslaget-fotball","9":"tag-israel","10":"tag-no","11":"tag-norge","12":"tag-norway","13":"tag-sport","14":"tag-sports"},"share_on_mastodon":{"url":"","error":""},"_links":{"self":[{"href":"https:\/\/www.europesays.com\/no\/wp-json\/wp\/v2\/posts\/37436","targetHints":{"allow":["GET"]}}],"collection":[{"href":"https:\/\/www.europesays.com\/no\/wp-json\/wp\/v2\/posts"}],"about":[{"href":"https:\/\/www.europesays.com\/no\/wp-json\/wp\/v2\/types\/post"}],"author":[{"embeddable":true,"href":"https:\/\/www.europesays.com\/no\/wp-json\/wp\/v2\/users\/2"}],"replies":[{"embeddable":true,"href":"https:\/\/www.europesays.com\/no\/wp-json\/wp\/v2\/comments?post=37436"}],"version-history":[{"count":0,"href":"https:\/\/www.europesays.com\/no\/wp-json\/wp\/v2\/posts\/37436\/revisions"}],"wp:featuredmedia":[{"embeddable":true,"href":"https:\/\/www.europesays.com\/no\/wp-json\/wp\/v2\/media\/37437"}],"wp:attachment":[{"href":"https:\/\/www.europesays.com\/no\/wp-json\/wp\/v2\/media?parent=37436"}],"wp:term":[{"taxonomy":"category","embeddable":true,"href":"https:\/\/www.europesays.com\/no\/wp-json\/wp\/v2\/categories?post=37436"},{"taxonomy":"post_tag","embeddable":true,"href":"https:\/\/www.europesays.com\/no\/wp-json\/wp\/v2\/tags?post=37436"}],"curies":[{"name":"wp","href":"https:\/\/api.w.org\/{rel}","templated":true}]}}