{"id":37760,"date":"2025-09-17T13:18:09","date_gmt":"2025-09-17T13:18:09","guid":{"rendered":"https:\/\/www.europesays.com\/no\/37760\/"},"modified":"2025-09-17T13:18:09","modified_gmt":"2025-09-17T13:18:09","slug":"sandnessjoen-sport-stenger-hallen-med-umiddelbar-virkning-sapass-alvorlig-at-det-ikke-er-forenelig-med-aktivitet-i-hallen","status":"publish","type":"post","link":"https:\/\/www.europesays.com\/no\/37760\/","title":{"rendered":"Sandnessj\u00f8en, Sport | Stenger hallen med umiddelbar virkning: \u2013 S\u00e5pass alvorlig at det ikke er forenelig med aktivitet i hallen"},"content":{"rendered":"\n<p>Onsdag ble det sendt ut melding fra Alstahaug kommune om at Stamneshallen er stengt.<\/p>\n<p>\u2013 \u00c5rsaken er skader p\u00e5 profiler i taket, og det er s\u00e5pass alvorlig at det ikke er forsvarlig med aktivitet i hallen, st\u00e5r det i meldingen.<\/p>\n<p>Kommunen skal ha tatt avgj\u00f8relsen sammen med AK Bygg og eiendom.<\/p>\n<p>Skadene i taket skal i hovedsak komme grunnet uvettig bruk av baller i hallen.<\/p>\n<p>\u2013 Firma er kontaktet for oppsetting av stillas og gjennomgang av hele taket i hallen, st\u00e5r det i meldingen til brukerne.<\/p>\n<p>Saken oppdateres.<\/p>\n<p>  <a href=\"https:\/\/www.isandnessjoen.no\/5-108-174449\" class=\"related-teaser has-image default-story-teaser article--c-eRUmMG article--c-eRUmMG-jKCPdD-design-default\" rel=\"nofollow noopener\" target=\"_blank\"><\/p>\n<p>    <img decoding=\"async\" loading=\"lazy\"  src=\"https:\/\/www.europesays.com\/no\/wp-content\/uploads\/2025\/09\/Alstahaug+kommune+Helgelandshallen+blir+sannsynligvis+ikke+renovert+i+sommer+%C3%98yvind+Wang+daglig.jpeg\" alt=\"\" class=\"brick-c-cFOWSL\" style=\"\"\/><\/p>\n<p>\n            Les ogs\u00e5<\/p>\n<p>              \u00d8yvind er frustert over kommunen: \u2013 Det blir nok en h\u00f8st og vinter til med stenging\n        <\/p>\n<p>  <\/a><\/p>\n<p>Les mer om: artikkelemnene<\/p>\n","protected":false},"excerpt":{"rendered":"Onsdag ble det sendt ut melding fra Alstahaug kommune om at Stamneshallen er stengt. \u2013 \u00c5rsaken er skader&hellip;\n","protected":false},"author":2,"featured_media":37761,"comment_status":"","ping_status":"","sticky":false,"template":"","format":"standard","meta":{"footnotes":""},"categories":[5],"tags":[36,20,21,24,25,15,19,410,22,23,17,18,13,30,28,29,14,16,1953,83,5993,1510,26,27],"class_list":{"0":"post-37760","1":"post","2":"type-post","3":"status-publish","4":"format-standard","5":"has-post-thumbnail","7":"category-overskrifter","8":"tag-art","9":"tag-breaking-news","10":"tag-breakingnews","11":"tag-featured-news","12":"tag-featurednews","13":"tag-headlines","14":"tag-hovedoppslag","15":"tag-kultur","16":"tag-latest-news","17":"tag-latestnews","18":"tag-main-news","19":"tag-mainnews","20":"tag-news","21":"tag-no","22":"tag-norge","23":"tag-norway","24":"tag-nyheter","25":"tag-overskrifter","26":"tag-sandnessjoen","27":"tag-sport","28":"tag-stamneshallen","29":"tag-story","30":"tag-top-stories","31":"tag-topstories"},"share_on_mastodon":{"url":"","error":""},"_links":{"self":[{"href":"https:\/\/www.europesays.com\/no\/wp-json\/wp\/v2\/posts\/37760","targetHints":{"allow":["GET"]}}],"collection":[{"href":"https:\/\/www.europesays.com\/no\/wp-json\/wp\/v2\/posts"}],"about":[{"href":"https:\/\/www.europesays.com\/no\/wp-json\/wp\/v2\/types\/post"}],"author":[{"embeddable":true,"href":"https:\/\/www.europesays.com\/no\/wp-json\/wp\/v2\/users\/2"}],"replies":[{"embeddable":true,"href":"https:\/\/www.europesays.com\/no\/wp-json\/wp\/v2\/comments?post=37760"}],"version-history":[{"count":0,"href":"https:\/\/www.europesays.com\/no\/wp-json\/wp\/v2\/posts\/37760\/revisions"}],"wp:featuredmedia":[{"embeddable":true,"href":"https:\/\/www.europesays.com\/no\/wp-json\/wp\/v2\/media\/37761"}],"wp:attachment":[{"href":"https:\/\/www.europesays.com\/no\/wp-json\/wp\/v2\/media?parent=37760"}],"wp:term":[{"taxonomy":"category","embeddable":true,"href":"https:\/\/www.europesays.com\/no\/wp-json\/wp\/v2\/categories?post=37760"},{"taxonomy":"post_tag","embeddable":true,"href":"https:\/\/www.europesays.com\/no\/wp-json\/wp\/v2\/tags?post=37760"}],"curies":[{"name":"wp","href":"https:\/\/api.w.org\/{rel}","templated":true}]}}