{"id":37770,"date":"2025-09-17T13:32:11","date_gmt":"2025-09-17T13:32:11","guid":{"rendered":"https:\/\/www.europesays.com\/no\/37770\/"},"modified":"2025-09-17T13:32:11","modified_gmt":"2025-09-17T13:32:11","slug":"vet-ikke-hvor-mitt-liv-ender","status":"publish","type":"post","link":"https:\/\/www.europesays.com\/no\/37770\/","title":{"rendered":"\u2013 Vet ikke hvor mitt liv ender"},"content":{"rendered":"\n<p class=\"_paragraph_ew2ao_4 _paragraph_xtcu6_10 layout-component text-serif-m layout-normal text-serif-m layout-padded\">Sikkerheten i rettssalen ble onsdag h\u00f8ynet da den 49 \u00e5r gamle seksbarnsfaren forklarte seg i Sarpsborg tingrett. Han er tiltalttiltaltEn person som er anklaget for \u00e5 ha beg\u00e5tt en forbrytelse og som m\u00e5 m\u00f8te i retten for \u00e5 svare p\u00e5 anklagene. i drapsfors\u00f8k-saken utenfor Mossehallen der en svensk 37-\u00e5ring ble <a href=\"https:\/\/www.vg.no\/nyheter\/i\/pQa3ow\/moss-kommune-kjent-med-en-alvorlig-hendelse\" data-track-element-type=\"Link\" data-track-id=\"link:pQa3ow\" class=\"_link_ew2ao_39\" rel=\"nofollow noopener\" target=\"_blank\">skutt mot ni ganger<\/a>. <\/p>\n<p class=\"_paragraph_ew2ao_4 _paragraph_xtcu6_10 layout-component text-serif-m layout-normal text-serif-m layout-padded\">P\u00e5talemyndighetenP\u00e5talemyndighetenDen offentlige myndigheten som har ansvar for \u00e5 etterforske forbrytelser og f\u00f8re straffesaker i retten. mener at 49-\u00e5ringen lokket 37-\u00e5ringen til Mossehallen, og at han hadde l\u00f8pende kontakt med gjengtoppen Ismail \u00abJordgubben\u00bb Abdo, som er <a href=\"https:\/\/www.vg.no\/nyheter\/i\/eM90VK\/rettssak-etter-drapsforsoek-i-moss-fire-menn-moeter-i-retten\" data-track-element-type=\"Link\" data-track-id=\"link:eM90VK\" class=\"_link_ew2ao_39\" rel=\"nofollow noopener\" target=\"_blank\">pekt ut til \u00e5 v\u00e6re oppdragsgiveren bak attentatet<\/a>. <\/p>\n<p class=\"_paragraph_ew2ao_4 _paragraph_xtcu6_10 layout-component text-serif-m layout-normal text-serif-m layout-padded\">49-\u00e5ringen nekter straffskyld. <\/p>\n<p>Dette er saken<\/p>\n<ul class=\"_list_ew2ao_3 _list_xtcu6_9 _list_16v91_9 _unordered_ew2ao_99 layout-component text-serif-m layout-normal text-sans-m layout-padded\">\n<li class=\"_item_ew2ao_30\">28. november 2023 ble det avfyrt ni skudd mot en svensk 37-\u00e5ring utenfor Mossehallen i Moss. Han ble hardt skadet, men overlevde.<\/li>\n<li class=\"_item_ew2ao_30\">P\u00e5talemyndigheten knytter skytingen til gjengkonflikten mellom Foxtrot-lederen Rawa \u00abDen kurdiske reven\u00bb og Ismail \u00abJordgubben\u00bb Abdo fra nettverket Rumba. Abdo er siktet for \u00e5 ha bestilt angrepet, men saken mot ham er stilt i bero etter p\u00e5gripelse i Tyrkia og avslag p\u00e5 utlevering. <\/li>\n<li class=\"_item_ew2ao_30\">Fire menn med tilknytning til Sverige er tiltalt. Samtlige nekter straffskyld. <\/li>\n<\/ul>\n<p>Vis mer<\/p>\n<p class=\"_paragraph_ew2ao_4 _paragraph_xtcu6_10 layout-component text-serif-m layout-normal text-serif-m layout-padded\">VG har stilt sp\u00f8rsm\u00e5l til \u00d8st politidistrikt om trusselbildet og sikkerhetsvurderingene rundt 49-\u00e5ringens forklaring i retten. De har forel\u00f8pig ikke svart. <\/p>\n<p class=\"_paragraph_ew2ao_4 _paragraph_xtcu6_10 layout-component text-serif-m layout-normal text-serif-m layout-padded\">\u2013 Trusselbildet g\u00e5r p\u00e5 at han har hjulpet Rawa Majid p\u00e5 flukt, sier 49-\u00e5ringens forsvarerforsvarerEn advokat som representerer og forsvarer en person som er anklaget for en forbrytelse i retten. \u00d8yvind Bratlien til VG. <\/p>\n<p><img alt=\"\u00d8yvind Bratlien er 49-\u00e5ringens forsvarer.  Foto: Gisle Oddstad \/ VG\" class=\"_image_qp4xg_65 layout-component layout-normal\" data-fullscreen- data-track-element-type=\"Article image fullscreen\" data-track-name=\"ImageFullscreen\" decoding=\"async\" loading=\"lazy\" height=\"5006\" itemprop=\"image\"  src=\"https:\/\/www.europesays.com\/no\/wp-content\/uploads\/2025\/09\/f5fbc88a-3ada-4066-9b6a-5cbf2d520232\"  style=\"object-position:0% 0%\" width=\"7198\"\/>\u00d8yvind Bratlien er 49-\u00e5ringens forsvarer.  Foto: Gisle Oddstad \/ VGFlukten fra Tyrkia<\/p>\n<p class=\"_paragraph_ew2ao_4 _paragraph_xtcu6_10 layout-component text-serif-m layout-normal text-serif-m layout-padded\">Rawa Majid, ogs\u00e5 kjent som \u00abDen kurdiske reven\u00bb, flyktet fra Tyrkia, via Irak, til Iran i september 2023. 49-\u00e5ringen har forklart at han hjalp Majid med \u00e5 flykte. <\/p>\n<p class=\"_paragraph_ew2ao_4 _paragraph_xtcu6_10 layout-component text-serif-m layout-normal text-serif-m layout-padded\">I sin frie forklaring i retten brukte 49-\u00e5ringen aldri Majids navn, men fortalte at han har hjulpet en person med \u00e5 ta seg fra Tyrkia til Irak.<\/p>\n<p>Dette er de tiltalte<\/p>\n<ul class=\"_list_ew2ao_3 _list_xtcu6_9 _list_16v91_9 _unordered_ew2ao_99 layout-component text-serif-m layout-normal text-sans-m layout-padded\">\n<li class=\"_item_ew2ao_30\">Syrisk statsborger (26) bosatt i Sverige. P\u00e5talemyndigheten mener at det var han som avfyrte skuddene. Han nekter straffskyld og forsvares av Marius Dietrichson.<\/li>\n<li class=\"_item_ew2ao_30\">Svensk mann (49). P\u00e5talemyndigheten mener at han lurte skuddofferet til Mossehallen, og at han hadde l\u00f8pende kontakt med Ismail \u00abJordgubben\u00bb Abdo under hendelsen. 49-\u00e5ringen nekter straffskyld og forsvares av \u00d8yvind Bratlien.<\/li>\n<li class=\"_item_ew2ao_30\">Svensk mann (22). Anklaget for \u00e5 ha v\u00e6rt sj\u00e5f\u00f8r for den angivelige skytteren f\u00f8r og etter drapsfors\u00f8ket. 22-\u00e5ringen nekter straffskyld og forsvares av Ole Magnus Str\u00f8mmen.<\/li>\n<li class=\"_item_ew2ao_30\">Svensk mann (34). P\u00e5talemyndigheten mener han bisto med transporten til og fra Norge. Han nekter straffskyld og forsvares av Gard Lind-Iversen.<\/li>\n<\/ul>\n<p>Vis mer<\/p>\n<p class=\"_paragraph_ew2ao_4 _paragraph_xtcu6_10 layout-component text-serif-m layout-normal text-serif-m layout-padded\">I politiavh\u00f8r har 49-\u00e5ringen hevdet at ogs\u00e5 at skuddofferet fra Mossehallen bisto i \u00abDen kurdiske revens\u00bb flukt. Det <a href=\"https:\/\/www.vg.no\/nyheter\/i\/wgaGjA\/rettssak-i-sarpsborg-politiet-faar-vaere-bevaepnet\" data-track-element-type=\"Link\" data-track-id=\"link:wgaGjA\" class=\"_link_ew2ao_39\" rel=\"nofollow noopener\" target=\"_blank\">nektet skuddofferet for i retten<\/a> tirsdag. <\/p>\n<p class=\"_paragraph_ew2ao_4 _paragraph_xtcu6_10 layout-component text-serif-m layout-normal text-serif-m layout-padded\"><strong class=\"_strong_ew2ao_25\">Skuddoffer (37):<\/strong> <a href=\"https:\/\/www.vg.no\/nyheter\/i\/wgaGjA\/rettssak-i-sarpsborg-politiet-faar-vaere-bevaepnet\" data-track-element-type=\"Link\" data-track-id=\"link:wgaGjA\" class=\"_link_ew2ao_39\" rel=\"nofollow noopener\" target=\"_blank\">\u2013\u2060\u00a0Det er total l\u00f8g<\/a>n<\/p>\n<p class=\"_paragraph_ew2ao_4 _paragraph_xtcu6_10 layout-component text-serif-m layout-normal text-serif-m layout-padded\">P\u00e5talemyndigheten mener dette er i kjernen av motivet for drapsfors\u00f8ket i <a href=\"https:\/\/www.vg.no\/tag\/moss?utm_source=vg-article&amp;utm_medium=auto-tagger&amp;utm_campaign=o3Xqm0\" class=\"_link_ew2ao_39\" rel=\"nofollow noopener\" target=\"_blank\">Moss<\/a>. De mener at \u00abJordgubben\u00bb bestilte attentatet for \u00e5 ramme \u00abDen kurdiske reven\u00bb. <\/p>\n<p><img alt=\"F.v: Rawa Majid og Ismail Abdo  Foto: Interpol\" class=\"_image_qp4xg_65 layout-component layout-normal\" data-fullscreen- data-track-element-type=\"Article image fullscreen\" data-track-name=\"ImageFullscreen\" decoding=\"async\" loading=\"lazy\" height=\"1668\" itemprop=\"image\"  src=\"https:\/\/www.europesays.com\/no\/wp-content\/uploads\/2025\/09\/b05e2dae-c2d5-45e6-b8b1-de881e16657a\"  style=\"object-position:0% 0%\" width=\"2500\"\/>F.v: Rawa Majid og Ismail Abdo  Foto: Interpol<\/p>\n<p class=\"_paragraph_ew2ao_4 _paragraph_xtcu6_10 layout-component text-serif-m layout-normal text-serif-m layout-padded\">De to var tidligere venner og var topper i Foxtrot-nettverket, men h\u00f8sten 2023 ble de bitre fiender \u2013 noe som endte i en voldsspiral. <\/p>\n<p class=\"_paragraph_ew2ao_4 _paragraph_xtcu6_10 layout-component text-serif-m layout-normal text-serif-m layout-padded\">VG har stilt sp\u00f8rsm\u00e5l til statsadvokat Tonje T\u00f8nder om hvordan og n\u00e5r de mener 49-\u00e5ringen skal ha g\u00e5tt fra \u00e5 hjelpe Majid til \u00e5 \u2013 if\u00f8lge tiltalen \u2013 bist\u00e5 hans bitre rival.<\/p>\n<p class=\"_paragraph_ew2ao_4 _paragraph_xtcu6_10 layout-component text-serif-m layout-normal text-serif-m layout-padded\">\u2013 Det har jeg ingen kommentar til n\u00e5, sier T\u00f8nder. <\/p>\n<p><img decoding=\"async\" alt=\"Bilde av Tonje T\u00f8nder\" class=\"_image_ygndg_42\" height=\"28\" itemprop=\"image\" loading=\"lazy\"  src=\"https:\/\/www.europesays.com\/no\/wp-content\/uploads\/2025\/09\/463d77dc-d1b3-4feb-b006-80ff89327228\"  width=\"40\"\/><strong class=\"_name_ygndg_51 title-serif-xs\">Tonje T\u00f8nder<\/strong><\/p>\n<p class=\"_paragraph_ew2ao_4 text-sans-m _description_ygndg_56\">Statsadvokat<\/p>\n<p>Konflikt om luksusklokke<\/p>\n<p class=\"_paragraph_ew2ao_4 _paragraph_xtcu6_10 layout-component text-serif-m layout-normal text-serif-m layout-padded\">49-\u00e5ringen hevder at han og skuddofferet har v\u00e6rt n\u00e6re venner i lang tid. I avh\u00f8r har han forklart seg om en handel av en luksusklokke noen \u00e5r f\u00f8r drapsfors\u00f8ket som f\u00f8rte til en konflikt mellom ham og skuddofferet. <\/p>\n<p class=\"_paragraph_ew2ao_4 _paragraph_xtcu6_10 layout-component text-serif-m layout-normal text-serif-m layout-padded\">If\u00f8lge 49-\u00e5ringen hadde de skv\u00e6ret opp igjen.<\/p>\n<p class=\"_paragraph_ew2ao_4 _paragraph_xtcu6_10 layout-component text-serif-m layout-normal text-serif-m layout-padded\">Det var under p\u00e5skudd av en handel med Rolex-klokkerp\u00e5talemyndigheten mener skuddofferet ble lokket til Mossehallen. <\/p>\n<p><img alt=\"Foto: Gisle Oddstad \/ VG\" class=\"_image_qp4xg_65 layout-component layout-normal\" data-fullscreen- data-track-element-type=\"Article image fullscreen\" data-track-name=\"ImageFullscreen\" decoding=\"async\" loading=\"lazy\" height=\"4428\" itemprop=\"image\"  src=\"https:\/\/www.europesays.com\/no\/wp-content\/uploads\/2025\/09\/e86d18ba-fc18-48eb-8628-fa99701f606b\"  style=\"object-position:0% 0%\" width=\"6639\"\/>Foto: Gisle Oddstad \/ VG<\/p>\n<p class=\"_paragraph_ew2ao_4 _paragraph_xtcu6_10 layout-component text-serif-m layout-normal text-serif-m layout-padded\">If\u00f8lge 49-\u00e5ringens forklaring kjenner han foreldrene til personen han hjalp flykte fra Tyrkia. <\/p>\n<p class=\"_paragraph_ew2ao_4 _paragraph_xtcu6_10 layout-component text-serif-m layout-normal text-serif-m layout-padded\">\u2013 Jeg hadde ulik kontakt med folk p\u00e5 grunn av slekt, gamle venner eller felles venner. Jeg ble innblandet i litt ulike ting som ledet til den dagen, sier han i sin forklaring og henviser til skytingen i Moss. <\/p>\n<p>\u2013 Gjemmer seg<\/p>\n<p class=\"_paragraph_ew2ao_4 _paragraph_xtcu6_10 layout-component text-serif-m layout-normal text-serif-m layout-padded\">I retten forteller han at familien hans lever under beskyttelse p\u00e5 grunn av denne saken. <\/p>\n<p class=\"_paragraph_ew2ao_4 _paragraph_xtcu6_10 layout-component text-serif-m layout-normal text-serif-m layout-padded\">\u2013 De gjemmer seg hele tiden. Alt p\u00e5 grunn av at jeg hjalp et menneske n\u00e5r hans liv var i fare. <\/p>\n<p><img alt=\"Det er h\u00f8y tilstedev\u00e6relse av bev\u00e6pnet politi i tingretten.  Foto: Gisle Oddstad \/ VG\" class=\"_image_qp4xg_65 layout-component layout-normal\" data-fullscreen- data-track-element-type=\"Article image fullscreen\" data-track-name=\"ImageFullscreen\" decoding=\"async\" loading=\"lazy\" height=\"5384\" itemprop=\"image\"  src=\"https:\/\/www.europesays.com\/no\/wp-content\/uploads\/2025\/09\/6eb38a26-e110-42d9-9ffd-cd0db59276d1\"  style=\"object-position:0% 0%\" width=\"7782\"\/>Det er h\u00f8y tilstedev\u00e6relse av bev\u00e6pnet politi i tingretten.  Foto: Gisle Oddstad \/ VG<\/p>\n<p class=\"_paragraph_ew2ao_4 _paragraph_xtcu6_10 layout-component text-serif-m layout-normal text-serif-m layout-padded\">Han uttrykker ogs\u00e5 frykt for sitt eget liv.<\/p>\n<p class=\"_paragraph_ew2ao_4 _paragraph_xtcu6_10 layout-component text-serif-m layout-normal text-serif-m layout-padded\">\u2013 Jeg vet ikke hvordan det vil slutte for meg. Jeg vet ikke hvor mitt liv ender n\u00e5r jeg kommer ut av fengselet. <\/p>\n<p class=\"_paragraph_ew2ao_4 _paragraph_xtcu6_10 layout-component text-serif-m layout-normal text-serif-m layout-padded\">Han snakker ogs\u00e5 om det \u00e5 kjenne \u00abfeil\u00bb personer i Sverige.<\/p>\n<p class=\"_paragraph_ew2ao_4 _paragraph_xtcu6_10 layout-component text-serif-m layout-normal text-serif-m layout-padded\">\u2013 Kjenner man et gjengmedlem eller en kjent gjengleder, s\u00e5 er det veldig vanskelig \u00e5 kunne leve et vanlig liv. <\/p>\n<p>Vil ikke forklare seg<\/p>\n<p class=\"_paragraph_ew2ao_4 _paragraph_xtcu6_10 layout-component text-serif-m layout-normal text-serif-m layout-padded\">Tidligere torsdag ble det spilt av et avh\u00f8r av en svensk 22-\u00e5ring som p\u00e5talemyndigheten mener kj\u00f8rte skytteren til og fra Mossehallen. <\/p>\n<p class=\"_paragraph_ew2ao_4 _paragraph_xtcu6_10 layout-component text-serif-m layout-normal text-serif-m layout-padded\">Der hevdet han at han kj\u00f8rte en bekjent dit i forbindelse med en klokkehandel, men at han ikke kjenner noe til det som skjedde. <\/p>\n<p class=\"_paragraph_ew2ao_4 _paragraph_xtcu6_10 layout-component text-serif-m layout-normal text-serif-m layout-padded\">Utover det f\u00f8rste avh\u00f8ret har han ikke \u00f8nsket \u00e5 forklare seg, og ville heller ikke si noe i retten.<\/p>\n<p class=\"_paragraph_ew2ao_4 _paragraph_xtcu6_10 layout-component text-serif-m layout-normal text-serif-m layout-padded\">Mannen (26) som p\u00e5talemyndigheten mener er skytteren, har nektet \u00e5 forklare seg for politiet og vil heller ikke avgi forklaring i retten.<\/p>\n<p><img decoding=\"async\" alt=\"Bilde av Marius Dietrichson\" class=\"_image_ygndg_42\" height=\"27\" itemprop=\"image\" loading=\"lazy\"  src=\"https:\/\/www.europesays.com\/no\/wp-content\/uploads\/2025\/09\/c0d576d9-72d0-4b3e-a3bd-268af877b5ff\"  width=\"40\"\/><strong class=\"_name_ygndg_51 title-serif-xs\">Marius Dietrichson<\/strong><\/p>\n<p class=\"_paragraph_ew2ao_4 text-sans-m _description_ygndg_56\">Forsvarer<\/p>\n<p class=\"_paragraph_ew2ao_4 _paragraph_xtcu6_10 layout-component text-serif-m layout-normal text-serif-m layout-padded\">\u2013 Han har valgt \u00e5 benytte seg av retten til ikke \u00e5 forklare seg. Jeg har ikke mandat til \u00e5 fortelle hva han har sagt til meg eller grunnlaget for vurderingen, sier hans forsvarer Marius Dietrichson til VG. <\/p>\n<p class=\"_paragraph_ew2ao_4 _paragraph_xtcu6_10 layout-component text-serif-m layout-normal text-serif-m layout-padded\">Krimpodden kommer med en fersk episode fra rettssaken. H\u00f8r skuddene og det skjedde i denne episoden fra 2023:<\/p>\n","protected":false},"excerpt":{"rendered":"Sikkerheten i rettssalen ble onsdag h\u00f8ynet da den 49 \u00e5r gamle seksbarnsfaren forklarte seg i Sarpsborg tingrett. Han&hellip;\n","protected":false},"author":2,"featured_media":37771,"comment_status":"","ping_status":"","sticky":false,"template":"","format":"standard","meta":{"footnotes":""},"categories":[10],"tags":[20,21,24,25,15,3881,22,23,116,13,30,28,29,14,16,26,27,3739],"class_list":{"0":"post-37770","1":"post","2":"type-post","3":"status-publish","4":"format-standard","5":"has-post-thumbnail","7":"category-norge","8":"tag-breaking-news","9":"tag-breakingnews","10":"tag-featured-news","11":"tag-featurednews","12":"tag-headlines","13":"tag-kriminelle-nettverk","14":"tag-latest-news","15":"tag-latestnews","16":"tag-moss","17":"tag-news","18":"tag-no","19":"tag-norge","20":"tag-norway","21":"tag-nyheter","22":"tag-overskrifter","23":"tag-top-stories","24":"tag-topstories","25":"tag-vgkrimgruppa"},"share_on_mastodon":{"url":"","error":""},"_links":{"self":[{"href":"https:\/\/www.europesays.com\/no\/wp-json\/wp\/v2\/posts\/37770","targetHints":{"allow":["GET"]}}],"collection":[{"href":"https:\/\/www.europesays.com\/no\/wp-json\/wp\/v2\/posts"}],"about":[{"href":"https:\/\/www.europesays.com\/no\/wp-json\/wp\/v2\/types\/post"}],"author":[{"embeddable":true,"href":"https:\/\/www.europesays.com\/no\/wp-json\/wp\/v2\/users\/2"}],"replies":[{"embeddable":true,"href":"https:\/\/www.europesays.com\/no\/wp-json\/wp\/v2\/comments?post=37770"}],"version-history":[{"count":0,"href":"https:\/\/www.europesays.com\/no\/wp-json\/wp\/v2\/posts\/37770\/revisions"}],"wp:featuredmedia":[{"embeddable":true,"href":"https:\/\/www.europesays.com\/no\/wp-json\/wp\/v2\/media\/37771"}],"wp:attachment":[{"href":"https:\/\/www.europesays.com\/no\/wp-json\/wp\/v2\/media?parent=37770"}],"wp:term":[{"taxonomy":"category","embeddable":true,"href":"https:\/\/www.europesays.com\/no\/wp-json\/wp\/v2\/categories?post=37770"},{"taxonomy":"post_tag","embeddable":true,"href":"https:\/\/www.europesays.com\/no\/wp-json\/wp\/v2\/tags?post=37770"}],"curies":[{"name":"wp","href":"https:\/\/api.w.org\/{rel}","templated":true}]}}