{"id":37912,"date":"2025-09-17T15:47:22","date_gmt":"2025-09-17T15:47:22","guid":{"rendered":"https:\/\/www.europesays.com\/no\/37912\/"},"modified":"2025-09-17T15:47:22","modified_gmt":"2025-09-17T15:47:22","slug":"oslo-maraton-billettsalg-oslo-maraton-snur-etter-billettbrak-frustrerende","status":"publish","type":"post","link":"https:\/\/www.europesays.com\/no\/37912\/","title":{"rendered":"Oslo Maraton, Billettsalg | Oslo Maraton snur etter billettbr\u00e5k: \u2013 Frustrerende"},"content":{"rendered":"\n<p>Over 25.000 personer skal l\u00f8pe Oslo maraton denne helgen.<\/p>\n<p>To av de som skulle delta var Mia Bueklev og kj\u00e6resten, som var tidlig ute og kj\u00f8pte billetter i mars. Men p\u00e5 grunn av kj\u00e6restens kneskade, pr\u00f8vde paret \u00e5 selge billettene gjennom arrang\u00f8rens egen l\u00f8sning for videresalg av maratonbilletter denne helgen.<\/p>\n<p>Da mandagen kom og billettene ikke var solgt, tenkte paret at de heller ville pr\u00f8ve \u00e5 selge billettene privat eller at kun Mia deltok, mens kj\u00e6resten var med som tilskuer.<\/p>\n<p>Paret som er bosatt i Kristiansund fikk seg en overraskelse. Selv om billettene ikke ble solgt, f\u00e5r ikke Mia lenger lov til \u00e5 bruke billetten.<\/p>\n<p><b>\u2013 Vi kunne ikke skj\u00f8nne at det stemte, sier hun til Avisa Oslo.<\/b><\/p>\n<p>\u2013 Jeg er fortvilet. Jeg tenkte at de hadde misforst\u00e5tt og at de ikke skj\u00f8nte hva vi spurte om. S\u00e5 vi spurte igjen, men svaret var at systemet deres var slik at man ikke kan bruke billetten etter \u00e5 ha lagt den ut til salg.<\/p>\n<p>Paret har v\u00e6rt i kontakt med arrang\u00f8ren og f\u00e5tt beskjed om at det st\u00e5r i vilk\u00e5rene. Bueklev har senere etterspurt oversikt over vilk\u00e5rene, ettersom de ikke hadde f\u00e5tt det med seg.<\/p>\n<p><b>Prisen f<\/b><b>or begge billettene er 3500 kroner.<\/b><\/p>\n<p>   <img decoding=\"async\" width=\"4743\" height=\"3162\" fetchpriority=\"low\"  loading=\"lazy\"  src=\"https:\/\/www.europesays.com\/no\/wp-content\/uploads\/2025\/09\/NTB_3HzDhs9qmDI.jpg\" alt=\"Oslo  20140920.&#10;Oslo maraton er igang p\u00e5 Aker brygge l\u00f8rdag morgen. L\u00f8perne starter p\u00e5 Aker brygge og er i m\u00e5l igjen p\u00e5 Aker brygge igjen etter 42 km. Her forbi Oslo R\u00e5dhus.&#10;Foto: Torstein B\u00f8e \/ NTB\" class=\"brick-c-cFOWSL\" style=\"--brick-image-ratio: 4743 \/ 3162;\"\/><\/p>\n<p>    L\u00f8perne starter p\u00e5 Aker brygge og er i m\u00e5l igjen p\u00e5 Aker brygge igjen etter 42 km. Her forbi Oslo R\u00e5dhus.<br \/>\n    Foto: Torstein B\u00f8e \/ NTB\n  <\/p>\n<p>  \u2013 Frustrerende<\/p>\n<p><b>\u2013 Det var ikke i v\u00e5re tanker at vi ikke kunne bruke billettene etter \u00e5 ha pr\u00f8vd \u00e5 selge dem. Hvis Oslo maraton fortsetter \u00e5 v\u00e6re slik, s\u00e5 vil jeg ikke anbefale andre \u00e5 bruke deres salgsl\u00f8sning.<\/b><\/p>\n<p>Hun var i utgangspunktet veldig positiv til resalgl\u00f8sningen deres, som er med p\u00e5 \u00e5 sikre at billettene ikke havner p\u00e5 svarteb\u00f8rsen.<\/p>\n<p>\u2013 Det kunne v\u00e6rt en kjempefin ordning. Det er trygt og godt, som vi tenkte var verdt det hvis de blir solgt p\u00e5 en trygg m\u00e5te.<\/p>\n<p>Hun har delt opplevelsen p\u00e5 TikTok for \u00e5 gj\u00f8re andre oppmerksom p\u00e5 vilk\u00e5ret.<\/p>\n<p><b>\u2013 Jeg sitter igjen som et sp\u00f8rsm\u00e5lstegn, og jeg \u00f8nsket \u00e5 legge ut videoen fordi det er en frustrerende situasjon. Man vil bare belyse det.<\/b><\/p>\n<p>\u2013 Beklager<\/p>\n<p>\u2013 Vi har for f\u00f8rste gang valgt \u00e5 ta i bruk en offisiell resalg-l\u00f8sning gjennom v\u00e5r leverand\u00f8r \u2013 tilsvarende den som benyttes i blant annet K\u00f8benhavn., sier l\u00f8psleder Edwin Ingebrigtsen.<\/p>\n<p>Han sier at bakgrunnen er en \u00f8kende risiko for svindel, som de \u00f8nsker \u00e5 redusere med et sikrere system. Sammen med leverand\u00f8ren har de jobbet for \u00e5 tilpasse l\u00f8sningen til Oslo Maraton.<\/p>\n<p><b>\u2013 En viktig forbedring har v\u00e6rt \u00e5 sikre at startplasser som legges ut for resalg, men ikke blir solgt, automatisk tilbakef\u00f8res til den opprinnelige deltakeren. Denne funksjonaliteten er n\u00e5 p\u00e5 plass, og alle ber\u00f8rte har mottatt e-post med informasjon.<\/b><\/p>\n<p>Han sier videre at de beklager at enkelte har opplevd utfordringer i prosessen.<\/p>\n<p>\u2013 Vi tar kritikken p\u00e5 alvor og har allerede gjort n\u00f8dvendige justeringer. Alle som ikke har solgt startplassen sin, vil fortsatt kunne bruke den selv. Dette er et nytt system, og som med mye nytt har vi m\u00f8tt noen innkj\u00f8ringsutfordringer. Vi er likevel trygge p\u00e5 at erfaringene vi har gjort i \u00e5r vil bidra til \u00e5 gj\u00f8re ordningen enklere, tryggere og mer brukervennlig fremover.<\/p>\n<p><b>LES OGS\u00c5:<\/b><\/p>\n<p>  <a href=\"https:\/\/www.ao.no\/5-128-841317\" class=\"related-teaser has-image default-story-teaser article--c-eRUmMG article--c-eRUmMG-jKCPdD-design-default\" rel=\"nofollow noopener\" target=\"_blank\"><\/p>\n<p>    <img decoding=\"async\" loading=\"lazy\"  src=\"https:\/\/www.europesays.com\/no\/wp-content\/uploads\/2025\/09\/rfp.jpg\" alt=\"\" class=\"brick-c-cFOWSL\" style=\"\"\/><\/p>\n<p>\n            Les ogs\u00e5<\/p>\n<p>              L\u00f8per i Oslos gater: \u2013 Tydelig at vi provoserer noen\n        <\/p>\n<p>  <\/a><\/p>\n<p>  <a href=\"https:\/\/www.ao.no\/5-128-887164\" class=\"related-teaser has-image default-story-teaser article--c-eRUmMG article--c-eRUmMG-jKCPdD-design-default\" rel=\"nofollow noopener\" target=\"_blank\"><\/p>\n<p>    <img decoding=\"async\" loading=\"lazy\"  src=\"https:\/\/www.europesays.com\/no\/wp-content\/uploads\/2025\/09\/mixi2.JPG\" alt=\"\" class=\"brick-c-cFOWSL\" style=\"\"\/><\/p>\n<p>\n            Les ogs\u00e5<\/p>\n<p>              Ga bort tequilashots under Oslo maraton. S\u00e5 kom politiet\n        <\/p>\n<p>  <\/a><\/p>\n","protected":false},"excerpt":{"rendered":"Over 25.000 personer skal l\u00f8pe Oslo maraton denne helgen. To av de som skulle delta var Mia Bueklev&hellip;\n","protected":false},"author":2,"featured_media":37913,"comment_status":"","ping_status":"","sticky":false,"template":"","format":"standard","meta":{"footnotes":""},"categories":[10],"tags":[36,6010,20,21,24,25,15,22,23,13,30,28,29,14,5383,16,285,1510,26,27],"class_list":{"0":"post-37912","1":"post","2":"type-post","3":"status-publish","4":"format-standard","5":"has-post-thumbnail","7":"category-norge","8":"tag-art","9":"tag-billettsalg","10":"tag-breaking-news","11":"tag-breakingnews","12":"tag-featured-news","13":"tag-featurednews","14":"tag-headlines","15":"tag-latest-news","16":"tag-latestnews","17":"tag-news","18":"tag-no","19":"tag-norge","20":"tag-norway","21":"tag-nyheter","22":"tag-oslo-maraton","23":"tag-overskrifter","24":"tag-sentrum","25":"tag-story","26":"tag-top-stories","27":"tag-topstories"},"share_on_mastodon":{"url":"","error":""},"_links":{"self":[{"href":"https:\/\/www.europesays.com\/no\/wp-json\/wp\/v2\/posts\/37912","targetHints":{"allow":["GET"]}}],"collection":[{"href":"https:\/\/www.europesays.com\/no\/wp-json\/wp\/v2\/posts"}],"about":[{"href":"https:\/\/www.europesays.com\/no\/wp-json\/wp\/v2\/types\/post"}],"author":[{"embeddable":true,"href":"https:\/\/www.europesays.com\/no\/wp-json\/wp\/v2\/users\/2"}],"replies":[{"embeddable":true,"href":"https:\/\/www.europesays.com\/no\/wp-json\/wp\/v2\/comments?post=37912"}],"version-history":[{"count":0,"href":"https:\/\/www.europesays.com\/no\/wp-json\/wp\/v2\/posts\/37912\/revisions"}],"wp:featuredmedia":[{"embeddable":true,"href":"https:\/\/www.europesays.com\/no\/wp-json\/wp\/v2\/media\/37913"}],"wp:attachment":[{"href":"https:\/\/www.europesays.com\/no\/wp-json\/wp\/v2\/media?parent=37912"}],"wp:term":[{"taxonomy":"category","embeddable":true,"href":"https:\/\/www.europesays.com\/no\/wp-json\/wp\/v2\/categories?post=37912"},{"taxonomy":"post_tag","embeddable":true,"href":"https:\/\/www.europesays.com\/no\/wp-json\/wp\/v2\/tags?post=37912"}],"curies":[{"name":"wp","href":"https:\/\/api.w.org\/{rel}","templated":true}]}}