{"id":37966,"date":"2025-09-17T16:53:12","date_gmt":"2025-09-17T16:53:12","guid":{"rendered":"https:\/\/www.europesays.com\/no\/37966\/"},"modified":"2025-09-17T16:53:12","modified_gmt":"2025-09-17T16:53:12","slug":"kultur-underholdning-fest-i-parken","status":"publish","type":"post","link":"https:\/\/www.europesays.com\/no\/37966\/","title":{"rendered":"Kultur &#038; underholdning, Fest i parken"},"content":{"rendered":"\n<p>Fest i parken fortsetter \u00e5 slippe store navn til neste \u00e5rs festival.<\/p>\n<p>Onsdag ettermiddag opplyser arrang\u00f8rene til SA at Abdulhakim \u00abHkeem\u00bb Hassane blir en av artistene som inntar scenen i Tjernsparken l\u00f8rdag 8. august 2026.<\/p>\n<p>Superhit<\/p>\n<p>Hkeem (f\u00f8dt 1997) er rapper, sanger og l\u00e5tskriver fra Stovner i Oslo, og fikk sitt store gjennombrudd i 2017 sammen med barndomsvennen Temur Baig med superhiten \u00abFy faen\u00bb. L\u00e5ten toppet VG-lista og ble Norges mest streamede l\u00e5t p\u00e5 Spotify samme \u00e5r. For l\u00e5ta vant duoen klassen \u00ab\u00c5rets l\u00e5t\u00bb under Spellemannprisen 2017, og de ble ogs\u00e5 nominert til flere priser under b\u00e5de P3 Gull og Spellemann.<\/p>\n<p>Siden gjennombruddet har Hkeem markert seg som en av landets mest profilerte artister. Han har gitt ut l\u00e5ter som Ghettoparasitt \u2013 som ga ham Spellemannprisen for \u00e5rets musikkvideo i 2018 \u2013 og Danser videre i livet (2023) sammen med Makosir, som ble nominert til \u00e5rets l\u00e5t under P3 Gull. I tillegg har han deltatt i TV 2-programmet Hver gang vi m\u00f8tes, og v\u00e6rt meddommer i Norske Talenter.<\/p>\n<p>   <img decoding=\"async\" width=\"6000\" height=\"4000\" fetchpriority=\"low\"  loading=\"lazy\"  src=\"https:\/\/www.europesays.com\/no\/wp-content\/uploads\/2025\/09\/20250522-VM_L7821-Enhanced-NR.jpg\" alt=\"\" class=\"brick-c-cFOWSL\" style=\"--brick-image-ratio: 6000 \/ 4000;\"\/><\/p>\n<p>    Fredrik Svendsen (t.v.) og Alexander Holm Borge gleder seg til Fest i Parken neste \u00e5r.<br \/>\n    Foto: Vetle Granath Magelssen\n  <\/p>\n<p>  Flere artister bekreftet<\/p>\n<p>Fra f\u00f8r er det klart at ogs\u00e5 Morgan Sulele, ABBA-tribute-bandet \u00abSOS it\u2019s Abba time\u00bb og DJ Corny er blant artistene som skal skape liv i Tjernsparken neste sommer.<\/p>\n<p>Arrang\u00f8rene opplyser at billettsalget g\u00e5r unna i rekordfart. Earlybird-billettene forsvant p\u00e5 \u00e9n uke, og VIP-billettene er allerede utsolgt.<\/p>\n<p>\u2013 Vi jobber fortl\u00f8pende med \u00e5 lande flere bookinger, lover festivalledelsen, som best\u00e5r av Alexander Holm-Borge og Fredrik Svendsen.<\/p>\n<p>  <a href=\"https:\/\/www.sa.no\/5-46-1877204\" class=\"related-teaser has-image default-story-teaser article--c-eRUmMG article--c-eRUmMG-jKCPdD-design-default\" rel=\"nofollow noopener\" target=\"_blank\"><\/p>\n<p>    <img decoding=\"async\" loading=\"lazy\"  src=\"https:\/\/www.europesays.com\/no\/wp-content\/uploads\/2025\/09\/IMGL5870+(1)_1.jpg\" alt=\"\" class=\"brick-c-cFOWSL\" style=\"\"\/><\/p>\n<p>\n            Les ogs\u00e5<\/p>\n<p>              Sarpsborgfestivalen tok grep etter kritikken: \u2013 Et steg i riktig retning\n        <\/p>\n<p>  <\/a><\/p>\n<p>  <a href=\"https:\/\/www.sa.no\/5-46-1873954\" class=\"related-teaser has-image default-story-teaser article--c-eRUmMG article--c-eRUmMG-jKCPdD-design-default\" rel=\"nofollow noopener\" target=\"_blank\"><\/p>\n<p>    <img decoding=\"async\" loading=\"lazy\"  src=\"https:\/\/www.europesays.com\/no\/wp-content\/uploads\/2025\/09\/photo-collage.png+%283%29.png\" alt=\"\" class=\"brick-c-cFOWSL\" style=\"\"\/><\/p>\n<p>\n            Les ogs\u00e5<\/p>\n<p>              Kulturloggen uke 35\n        <\/p>\n<p>  <\/a><\/p>\n<p>Les mer om: artikkelemnene<\/p>\n","protected":false},"excerpt":{"rendered":"Fest i parken fortsetter \u00e5 slippe store navn til neste \u00e5rs festival. Onsdag ettermiddag opplyser arrang\u00f8rene til SA&hellip;\n","protected":false},"author":2,"featured_media":37967,"comment_status":"","ping_status":"","sticky":false,"template":"","format":"standard","meta":{"footnotes":""},"categories":[58],"tags":[36,71,6022,282,30,28,29,447,1510,72],"class_list":{"0":"post-37966","1":"post","2":"type-post","3":"status-publish","4":"format-standard","5":"has-post-thumbnail","7":"category-underholdning","8":"tag-art","9":"tag-entertainment","10":"tag-fest-i-parken","11":"tag-kultur-underholdning","12":"tag-no","13":"tag-norge","14":"tag-norway","15":"tag-nyhet","16":"tag-story","17":"tag-underholdning"},"share_on_mastodon":{"url":"","error":""},"_links":{"self":[{"href":"https:\/\/www.europesays.com\/no\/wp-json\/wp\/v2\/posts\/37966","targetHints":{"allow":["GET"]}}],"collection":[{"href":"https:\/\/www.europesays.com\/no\/wp-json\/wp\/v2\/posts"}],"about":[{"href":"https:\/\/www.europesays.com\/no\/wp-json\/wp\/v2\/types\/post"}],"author":[{"embeddable":true,"href":"https:\/\/www.europesays.com\/no\/wp-json\/wp\/v2\/users\/2"}],"replies":[{"embeddable":true,"href":"https:\/\/www.europesays.com\/no\/wp-json\/wp\/v2\/comments?post=37966"}],"version-history":[{"count":0,"href":"https:\/\/www.europesays.com\/no\/wp-json\/wp\/v2\/posts\/37966\/revisions"}],"wp:featuredmedia":[{"embeddable":true,"href":"https:\/\/www.europesays.com\/no\/wp-json\/wp\/v2\/media\/37967"}],"wp:attachment":[{"href":"https:\/\/www.europesays.com\/no\/wp-json\/wp\/v2\/media?parent=37966"}],"wp:term":[{"taxonomy":"category","embeddable":true,"href":"https:\/\/www.europesays.com\/no\/wp-json\/wp\/v2\/categories?post=37966"},{"taxonomy":"post_tag","embeddable":true,"href":"https:\/\/www.europesays.com\/no\/wp-json\/wp\/v2\/tags?post=37966"}],"curies":[{"name":"wp","href":"https:\/\/api.w.org\/{rel}","templated":true}]}}