{"id":38023,"date":"2025-09-17T18:07:09","date_gmt":"2025-09-17T18:07:09","guid":{"rendered":"https:\/\/www.europesays.com\/no\/38023\/"},"modified":"2025-09-17T18:07:09","modified_gmt":"2025-09-17T18:07:09","slug":"kan-kolstad-sla-tilbake-folg-kampen-med-chat-adressa-no","status":"publish","type":"post","link":"https:\/\/www.europesays.com\/no\/38023\/","title":{"rendered":"Kan Kolstad sl\u00e5 tilbake? F\u00f8lg kampen med chat &#8211; adressa.no"},"content":{"rendered":"<ol>\n<li><a href=\"https:\/\/news.google.com\/rss\/articles\/CBMijAFBVV95cUxOeFZ6Rjg1NnFQb2NzVGFKWGZEUFhzakNBeTFyTU9ROUhyc3VXZUtucXlmdTdodU9uMHU0Si1rbV9xWGpBMFlZTmlzZWhtN2VBR085WFV3NjBScUdoZHh6NTBQelMwYTVKWkNJTnc0MkJJNV9TX0xMdmNQb2hsQnI5VHVsZ056TEs4LUxsaQ?oc=5\" target=\"_blank\" rel=\"nofollow noopener\">Kan Kolstad sl\u00e5 tilbake? F\u00f8lg kampen med chat<\/a>&nbsp;&nbsp;adressa.no<\/li>\n<li><a href=\"https:\/\/news.google.com\/rss\/articles\/CBMif0FVX3lxTFBrdEM1ckFmSXFiOHJjR3owOXFzY3lvZVZCeHh5NXE0YU00MlpjcEhrVzBlcUJYMmVKSFJiOWZNSTdnTlpfT0Fob3M2aTJub252czdvYnlQaHM4MXBod1ItTnRBQ1ZVc1EzNzE0M3NkY2UyRDBNRl9FQ0pRN2JWaTg?oc=5\" target=\"_blank\" rel=\"nofollow noopener\">\u00abVi m\u00e5 v\u00e6re best p\u00e5 enkle ting\u00bb<\/a>&nbsp;&nbsp;Kolstad<\/li>\n<li><a href=\"https:\/\/news.google.com\/rss\/articles\/CBMilgFBVV95cUxQU1RfUUlLNjkzMHlfWmJ2U3ZJVndvaXpDaU9kVEQ0bXdLMTFhcEhldnZOVF8yUUJsTFRhZFAwM0tVbUFMOGZUZXJiNDRyMlBOOVQ3MDhhYnhjMW1mSGpTYTNvLWptRUVZWEk3YWFja1RhSW1CMDNuNlducEk4QmU0REp1WWVrb3RSR2VaS1lRZDBNQzVTeHc?oc=5\" target=\"_blank\" rel=\"nofollow noopener\">(+) F\u00f8lg Kolstads Champions League-oppgj\u00f8r mot Dinamo her<\/a>&nbsp;&nbsp;Nidaros<\/li>\n<li><a href=\"https:\/\/news.google.com\/rss\/articles\/CBMimgFBVV95cUxPV0E4Tnp4ZzVXcVhZS3RFenczWWJTOWJ0c1lic0MwV3o0elYxSnRORlRtUFROamxuQ0ZkdzR3cDhhMVdwLXplMkM1RnpEZFByWnd6eWg5eGlrOTlJZlNLMjRBSkF6Snc1aDU3MlphOWZuT284N1BQOUxxSFFxdHBiMnpIZVBRcjBpbGdLMml6b0xIZlJjMXAyTjBR?oc=5\" target=\"_blank\" rel=\"nofollow noopener\">G\u00e5r mot bunnrekord: &#8211; Vi er ganske langt unna \u00e5 klare det<\/a>&nbsp;&nbsp;adressa.no<\/li>\n<li><a href=\"https:\/\/news.google.com\/rss\/articles\/CBMinwFBVV95cUxQLVJ6TXNndVBpRUFtSUM5ZnRVZVlnXzBxSDN1UlRjZW5zc2JtLXhXVVAyUTFqTVpkbGdSM29oSG5pYjJiV0U3cE8xS2luT3p6RW5NS2xTeGctZFFWWHVnQk53VEwzTTlUb2NfRzhSSC1zRVBEU0VJcWYxVEYyYlpwTFlPZnZwd3B2VE9sYlV6UHNURjVkU3dIa01LYkJqcFU?oc=5\" target=\"_blank\" rel=\"nofollow noopener\">Festkveld med Inspirasjonsforedrag og Champions League<\/a>&nbsp;&nbsp;Kolstad<\/li>\n<\/ol>\n","protected":false},"excerpt":{"rendered":"Kan Kolstad sl\u00e5 tilbake? F\u00f8lg kampen med chat&nbsp;&nbsp;adressa.no \u00abVi m\u00e5 v\u00e6re best p\u00e5 enkle ting\u00bb&nbsp;&nbsp;Kolstad (+) F\u00f8lg Kolstads&hellip;\n","protected":false},"author":2,"featured_media":38024,"comment_status":"","ping_status":"","sticky":false,"template":"","format":"standard","meta":{"footnotes":""},"categories":[59],"tags":[105,6031,4195,30,28,29,83,82],"class_list":{"0":"post-38023","1":"post","2":"type-post","3":"status-publish","4":"format-standard","5":"has-post-thumbnail","7":"category-sport","8":"tag-handball","9":"tag-jostein-sivertsen","10":"tag-kolstad-handball","11":"tag-no","12":"tag-norge","13":"tag-norway","14":"tag-sport","15":"tag-sports"},"share_on_mastodon":{"url":"","error":""},"_links":{"self":[{"href":"https:\/\/www.europesays.com\/no\/wp-json\/wp\/v2\/posts\/38023","targetHints":{"allow":["GET"]}}],"collection":[{"href":"https:\/\/www.europesays.com\/no\/wp-json\/wp\/v2\/posts"}],"about":[{"href":"https:\/\/www.europesays.com\/no\/wp-json\/wp\/v2\/types\/post"}],"author":[{"embeddable":true,"href":"https:\/\/www.europesays.com\/no\/wp-json\/wp\/v2\/users\/2"}],"replies":[{"embeddable":true,"href":"https:\/\/www.europesays.com\/no\/wp-json\/wp\/v2\/comments?post=38023"}],"version-history":[{"count":0,"href":"https:\/\/www.europesays.com\/no\/wp-json\/wp\/v2\/posts\/38023\/revisions"}],"wp:featuredmedia":[{"embeddable":true,"href":"https:\/\/www.europesays.com\/no\/wp-json\/wp\/v2\/media\/38024"}],"wp:attachment":[{"href":"https:\/\/www.europesays.com\/no\/wp-json\/wp\/v2\/media?parent=38023"}],"wp:term":[{"taxonomy":"category","embeddable":true,"href":"https:\/\/www.europesays.com\/no\/wp-json\/wp\/v2\/categories?post=38023"},{"taxonomy":"post_tag","embeddable":true,"href":"https:\/\/www.europesays.com\/no\/wp-json\/wp\/v2\/tags?post=38023"}],"curies":[{"name":"wp","href":"https:\/\/api.w.org\/{rel}","templated":true}]}}