{"id":38037,"date":"2025-09-17T18:21:15","date_gmt":"2025-09-17T18:21:15","guid":{"rendered":"https:\/\/www.europesays.com\/no\/38037\/"},"modified":"2025-09-17T18:21:15","modified_gmt":"2025-09-17T18:21:15","slug":"sjelden-detalj-billig-og-smaklost","status":"publish","type":"post","link":"https:\/\/www.europesays.com\/no\/38037\/","title":{"rendered":"Sjelden detalj: &#8211; Billig og smakl\u00f8st"},"content":{"rendered":"<p>  Mange i Putins egne rekker synes det er smakl\u00f8st og billig n\u00e5r han\u00a0\u00ableker soldat\u00bb, melder profilert Russland-ekspert.<\/p>\n<p>\n    IKKE OFTE: Flankert av livvakter og forsvarstopper, if\u00f8rt milit\u00e6runiform, bes\u00f8kte Vladimir Putin tirsdag soldatene sine p\u00e5 milit\u00e6r\u00f8velse. Men presidentens tendens til \u00e5 \u00ableke soldat\u00bb er ikke udelt popul\u00e6rt i hans egne milit\u00e6re rekker, if\u00f8lge ledende Russland-ekspert. Foto: Sputnik via NTB\n  <\/p>\n<p>    Kort fortalt<\/p>\n<ul lang=\"nb-NO\">\n<li>Vladimir Putin deltok p\u00e5 den siste dagen av Zapad 25-milit\u00e6r\u00f8velsen i Russland og Belarus.<\/li>\n<li>\u00d8velsen, som ble bes\u00f8kt av Putin i milit\u00e6runiform, er sett som en skremsel mot Vesten.<\/li>\n<li>Vestlige eksperter mener antallet soldater var lavere enn tidligere p\u00e5 grunn av ressurser bundet i Ukraina.<\/li>\n<li>Putins bruk av uniform blir sett p\u00e5 som en symbolsk handling for \u00e5 vise milit\u00e6r styrke.<\/li>\n<\/ul>\n<p class=\"italic ai-disclaimer\" data-lab-italic=\"italic\">Sammendraget er laget av ChatGPT og godkjent av Dagbladet.<\/p>\n<p>      Vis mer<br \/>\n      Vis mindre<\/p>\n<p class=\"no_italic m-no_italic\" data-lab-italic=\"\">Vladimir Putin m\u00f8tte selv opp under den siste dagen av den mye omtalte Zapad 25-milit\u00e6r\u00f8velsen mellom Russland og Belarus.<\/p>\n<p class=\"no_italic m-no_italic\" data-lab-italic=\"\">Sammen med forsvarsminister Andrej Belousov og viseforsvarsminister Junus-bek Jevkurov bes\u00f8kte presidenten treningsfasiliteter i Nizjnyj-Novgorod tirsdag 16. september.<\/p>\n<p class=\"no_italic m-no_italic\" data-lab-italic=\"\">Selve \u00f8velsen er beskrevet som et fors\u00f8k p\u00e5 \u00e5 skremme Vesten med milit\u00e6rmakt, og har blitt hevdet \u00e5 v\u00e6re en trening til en milit\u00e6r konfrontasjon mot Nato.<\/p>\n<p>    <a itemprop=\"url\" href=\"https:\/\/www.dagbladet.no\/nyheter\/flere-norge-tirader-eskalering\/83598743\" rel=\"nofollow noopener\" target=\"_blank\"><\/p>\n<p>      <img loading=\"lazy\" decoding=\"async\" src=\"https:\/\/www.europesays.com\/no\/wp-content\/uploads\/2025\/09\/83601465.webp\" width=\"980\" height=\"441\" title=\"Flere Norge-tirader: - Eskalering\" alt=\"\" class=\"lazyload\" style=\"--aspect-ratio-image: 2.22; \"\/><\/p>\n<p>        Flere Norge-tirader: &#8211; Eskalering<\/p>\n<p>    <\/a><\/p>\n<p>Mindre skala\t<\/p>\n<p class=\"no_italic m-no_italic\" data-lab-italic=\"\"> Vladimir Putin har hevdet at 100 000 personer deltok i \u00f8velsen.\u00a0<\/p>\n<p class=\"no_italic m-no_italic\" data-lab-italic=\"\">Imidlertid tror vestlige eksperter at antallet deltakende soldater er sv\u00e6rt lavt i forhold til tidligere \u00e5r. Etterretningsekspert Tom R\u00f8seth uttalte til Dagbladet denne uka at det trolig var snakk om rundt 10 000 deltakende soldater.<\/p>\n<p class=\"no_italic m-no_italic\" data-lab-italic=\"\">\u00c5rsaken som pekes p\u00e5 er at ressursene allerede er bundet opp i Ukraina.\u00a0<\/p>\n<p>    <a itemprop=\"url\" href=\"https:\/\/www.dagbladet.no\/nyheter\/russisk-supervapen-vet-ikke\/83594469\" rel=\"nofollow noopener\" target=\"_blank\"><\/p>\n<p>      <img loading=\"lazy\" decoding=\"async\" src=\"https:\/\/www.europesays.com\/no\/wp-content\/uploads\/2025\/09\/1758133272_669_83595606.webp\" width=\"980\" height=\"441\" title=\"Russisk \u00absuperv\u00e5pen\u00bb: - Vet ikke\" alt=\"\" class=\"lazyload\" style=\"--aspect-ratio-image: 2.22; \"\/><\/p>\n<p>        Russisk \u00absuperv\u00e5pen\u00bb: &#8211; Vet ikke<\/p>\n<p>    <\/a><\/p>\n<p class=\"no_italic m-no_italic\" data-lab-italic=\"\">En detalj fra \u00f8velsen som har vakt oppsikt er Putins kl\u00e6r. P\u00e5 pressebildene fra bes\u00f8ket er den russiske presidenten if\u00f8rt milit\u00e6runiform. If\u00f8lge tankesmia Institute for the Study of War (ISW) har Putin kun vist seg i uniform \u00e9n gang tidligere, etter fullskalainvasjonen i Ukraina i 2022.<\/p>\n<p class=\"no_italic m-no_italic\" data-lab-italic=\"\">Forrige gang var i mars 2025, da han bes\u00f8kte grensefylket Kursk, der ukrainerne gikk inn i Russland i en sjokkerende motoffensiv.<\/p>\n<p class=\"no_italic m-no_italic\" data-lab-italic=\"\">I en analyse publisert natt til tirsdag norsk tid, skriver ISW at uniformen er ment \u00e5 symbolisere milit\u00e6r styrke.<\/p>\n<p class=\"no_italic m-no_italic\" data-lab-italic=\"\">&#8211; Bakteppet er Kremls nylige milit\u00e6re og retoriske opptrapping mot Nato-land som grenser til Russland, blant dem Polen og Norge, samt gjentatte russiske trusler mot de baltiske statene og Finland, heter det i ISWs analyse.<\/p>\n<p>        VENNER: Nord-Korea har frigitt en times lang dokumentar om landets leder Kim Jong-uns bes\u00f8k til Beijing, der han blant annet m\u00f8tte Russlands president Vladimir Putin. Video: Reuters. Reporter: Anabelle Bruun\/Dagbladet TV<\/p>\n<p>&#8211; Ikke en av dem\t<\/p>\n<p class=\"no_italic m-no_italic\" data-lab-italic=\"\">Den britiske forsvars- og sikkerhetseksperten Mark Galeotti regnes som en av verdens fremste Russland-kjennere.<\/p>\n<p class=\"no_italic m-no_italic\" data-lab-italic=\"\">&#8211; Putin liker \u00e5 menge seg med t\u00f8ffinger. Folk som Ramzan Kadyrov, for eksempel. \u00c5 omg\u00e5s spesialstyrkene. Men han er nok fullt klar over at han ikke faktisk er som dem, sier Galeotti til Dagbladet.<\/p>\n<p data-lab-font_weight=\"\" class=\"no_italic m-no_italic\" data-lab-italic=\"\">&#8211; Og enda viktigere: De er klar over at han ikke er en av dem.<\/p>\n<p data-lab-font_weight=\"\" class=\"no_italic m-no_italic\" data-lab-italic=\"\">Vladimir Putin har rett nok bakgrunn fra den fryktede sikkerhetstjenesten KGB i Sovjetunionen.\u00a0<\/p>\n<p data-lab-font_weight=\"\" class=\"no_italic m-no_italic\" data-lab-italic=\"\">&#8211; Men dette er en mann som ikke har noen nevneverdig milit\u00e6r erfaring, p\u00e5peker Galeotti.<\/p>\n<p data-lab-font_weight=\"\" class=\"no_italic m-no_italic\" data-lab-italic=\"\">&#8211; Han gjorde helt grunnleggende offisertrening p\u00e5 universitetet. Da han ble med i KGB, kunne han ha valgt \u00e5 fortsette \u00e5 v\u00e6re reserveoffiser, med regelmessig trening. Det gjorde han ikke, sier Galeotti.\u00a0<\/p>\n<p>    <a itemprop=\"url\" href=\"https:\/\/www.dagbladet.no\/nyheter\/livredd-for-a-bli-styrtet-selv\/82415504\" rel=\"nofollow noopener\" target=\"_blank\"><\/p>\n<p>      <img loading=\"lazy\" decoding=\"async\" src=\"https:\/\/www.europesays.com\/no\/wp-content\/uploads\/2025\/09\/82419401.webp\" width=\"980\" height=\"441\" title=\"- Livredd for \u00e5 bli styrtet selv\" alt=\"\" class=\"lazyload\" style=\"--aspect-ratio-image: 2.22; \"\/><\/p>\n<p>        &#8211; Livredd for \u00e5 bli styrtet selv<\/p>\n<p>    <\/a><\/p>\n<p>&#8211; Billig og smakl\u00f8st\t<\/p>\n<p data-lab-font_weight=\"\" class=\"no_italic m-no_italic\" data-lab-italic=\"\">Tvert imot mener han Putin benyttet muligheten KGB-ansettelsen ga ham til \u00e5 slippe nettopp dette.<\/p>\n<p data-lab-font_weight=\"\" class=\"no_italic m-no_italic\" data-lab-italic=\"\">&#8211; Det er med andre ord ikke en mann som hadde spesielt lyst til \u00e5 g\u00e5 i uniform, bo i telt i to uker hver sommer og skyte p\u00e5 blink.<\/p>\n<p data-lab-font_weight=\"\" class=\"no_italic m-no_italic\" data-lab-italic=\"\">Mark Galeotti har selv et sv\u00e6rt omfattende nettverk i russiske sikkerhetsstyrker og milit\u00e6ret.\u00a0<\/p>\n<p data-lab-font_weight=\"\" class=\"no_italic m-no_italic\" data-lab-italic=\"\">&#8211; \u00c5penbart har jeg for tida langt f\u00e6rre muligheter til \u00e5 ha kontakt med russisk milit\u00e6rpersonell, selv om det fremdeles er enkelte jeg har kontakt med, sier Galeotti.<\/p>\n<p data-lab-font_weight=\"\" class=\"no_italic m-no_italic\" data-lab-italic=\"\">&#8211; Men da jeg var der og reiste mye rundt, merket jeg at det var en oppfatning av\u00a0at det var noe billig og smakl\u00f8st hvor ofte han m\u00f8tte opp i kamuflasjeuniform og poserte som soldat. <\/p>\n<p>        SVARTEHAVET: Ett av Putins krigsskip ble utsatt for et ukrainsk droneangrep onsdag 10. september. Video: X. Reporter: Trond Markus Gravdal<\/p>\n<p>Bevisst\t<\/p>\n<p data-lab-font_weight=\"\" class=\"no_italic m-no_italic\" data-lab-italic=\"\">Han legger til at de samme soldatene ofte respekterte Putin, men at denne skepsisen likevel fantes.<\/p>\n<p data-lab-font_weight=\"\" class=\"no_italic m-no_italic\" data-lab-italic=\"\">&#8211; Jeg mener at Putin er seg dette bevisst. Derfor er han etter mitt skj\u00f8nn mer varsom overfor milit\u00e6ret enn han er overfor etterretningsapparatet, sier Galeotti.<\/p>\n<p class=\"italic m-italic\" data-lab-font_weight=\"\" data-lab-italic=\"italic\">For ordens skyld: Intervjuet med Galeotti er gjennomf\u00f8rt f\u00f8r Putin viste seg i uniform 16. september. Presidenten har imidlertid ved en rekke anledninger gjort dette tidligere, spesielt f\u00f8r fullskalainvasjonen av Ukraina.<\/p>\n<p class=\"no_italic m-no_italic\" data-lab-font_weight=\"\" data-lab-italic=\"\">Provokasjonene over at Putin\u00a0\u00abcosplayer\u00bb som soldat, som Galeotti beskriver det, er ogs\u00e5 et symptom p\u00e5 en dypere konflikt i toppen av det russiske makthierarkiet: Konflikten mellom det russiske milit\u00e6ret og landets sivile etterretning.<\/p>\n<p>    <a itemprop=\"url\" href=\"https:\/\/www.dagbladet.no\/nyheter\/det-farlige-sporsmalet-hviskes-om-i-moskva\/83328840\" rel=\"nofollow noopener\" target=\"_blank\"><\/p>\n<p>      <img loading=\"lazy\" decoding=\"async\" src=\"https:\/\/www.europesays.com\/no\/wp-content\/uploads\/2025\/09\/83332176.webp\" width=\"980\" height=\"441\" title=\"Det farlige sp\u00f8rsm\u00e5let: - Hviskes om i Moskva\" alt=\"\" class=\"lazyload\" style=\"--aspect-ratio-image: 2.22; \"\/><\/p>\n<p>        Det farlige sp\u00f8rsm\u00e5let: &#8211; Hviskes om i Moskva<\/p>\n<p>    <\/a><\/p>\n<p>Etterretningskonflikt\t<\/p>\n<p class=\"no_italic m-no_italic\" data-lab-font_weight=\"\" data-lab-italic=\"\">Russlands tre viktigste etterretningsorganer er innenriksetterretningen FSB, utenlandsetterretningen SVR, og den milit\u00e6re utenlandsetterretningen GRU.<\/p>\n<p class=\"no_italic m-no_italic\" data-lab-font_weight=\"\" data-lab-italic=\"\">De to f\u00f8rstnevnte anses som \u00abhellige kyr\u00bb hos Putin. Lederne for b\u00e5de FSB og SVR har begge direkte brifinger hos presidenten. Milit\u00e6retterretningen GRU, derimot, er underlagt landets forsvarsminister.<\/p>\n<p class=\"no_italic m-no_italic\" data-lab-font_weight=\"\" data-lab-italic=\"\">Dermed er det forsvarssjef Valerij Gerasimov som brifer presidenten p\u00e5 GRUs vegne. Og Gerasimov er, if\u00f8lge Galeotti, ikke typen til \u00e5 dele glans med andre.<\/p>\n<p class=\"no_italic m-no_italic\" data-lab-italic=\"\">FSB har siden starten p\u00e5 fullskalainvasjonen i Ukraina markert seg med en lang rekke flaue etterretningsfiaskoer, mye mer s\u00e5 enn milit\u00e6retterretningen GRU.\u00a0<\/p>\n<p>          <img loading=\"lazy\" decoding=\"async\" src=\"https:\/\/www.europesays.com\/no\/wp-content\/uploads\/2025\/09\/83607144.webp\" width=\"686\" height=\"584\" title=\"IKKE NYTT: Selv om det kun har skjedd to ganger siden 2022, er det ikke et nytt fenomen at Putin m\u00f8ter opp i milit\u00e6runiform. Her bes\u00f8ker en fersk president Putin landets nordfl\u00e5te i Severomorsk, ikke langt fra norskegrensa, i 2000, if\u00f8rt en marineuniform. Foto: Itar-Tass via Reuters\" alt=\"\" class=\"\" style=\"--aspect-ratio-image: 1.17; \"\/><\/p>\n<p>\n          IKKE NYTT: Selv om det kun har skjedd to ganger siden 2022, er det ikke et nytt fenomen at Putin m\u00f8ter opp i milit\u00e6runiform. Her bes\u00f8ker en fersk president Putin landets nordfl\u00e5te i Severomorsk, ikke langt fra norskegrensa, i 2000, if\u00f8rt en marineuniform. Foto: Itar-Tass via Reuters\n      <\/p>\n<p>Politimann i hjertet\t<\/p>\n<p class=\"no_italic m-no_italic\" data-lab-italic=\"\">Tross flause etter flause &#8211; <a href=\"https:\/\/www.dagbladet.no\/nyheter\/kan-avgjore-krigens-utfall\/76010973\" rel=\"nofollow noopener\" target=\"_blank\">spesielt i forbindelse med invasjonen av Ukraina<\/a>, som Putin angivelig trodde skulle v\u00e6re unnagjort p\u00e5 dager &#8211; beholder FSB likevel sin posisjon hos Putin over milit\u00e6rets etterretning.<\/p>\n<p class=\"no_italic m-no_italic\" data-lab-italic=\"\">&#8211; Putin er politimann i hjertet. Tidlig i karrieren jaktet han politiske dissidenter i hjembyen for KGB. Jeg tror han f\u00f8ler en sentimental tilknytning til FSB, sier han.<\/p>\n<p class=\"no_italic m-no_italic\" data-lab-italic=\"\">GRU er byr\u00e5et som blant annet har st\u00e5tt bak Russlands illegalistoperasjoner. Mikhail Mikusjin, mannen som poserte som brasiliansk gjesteforsker ved UiT, var i virkeligheten spion for byr\u00e5et.<\/p>\n<p class=\"no_italic m-no_italic\" data-lab-italic=\"\">Galeotti omtaler de ansatte ved GRU som en spesiell type folk.<\/p>\n<p class=\"no_italic m-no_italic\" data-lab-italic=\"\">&#8211; Kulturen i byr\u00e5et er interessant, fordi den er veldig milit\u00e6r. Selv assisterende forsvarsattach\u00e9er ved ambassader &#8211; som tilfeldigvis ogs\u00e5 styrer etterretningsapparatet, men ogs\u00e5 kan sm\u00e5prate i selskaper &#8211; har den typen tydelig milit\u00e6rtilh\u00f8righet jeg tror Putin b\u00e5de forakter og misunner, sier Galeotti.<\/p>\n<p class=\"font-weight-bold m-font-weight-bold italic m-italic\" data-lab-italic=\"italic\" data-lab-font_weight=\"font-weight-bold\">Les mer om konfliktene i Putins krets her:<\/p>\n<p>    <a itemprop=\"url\" href=\"https:\/\/www.dagbladet.no\/nyheter\/kampen-om-putins-ore\/83231867\" rel=\"nofollow noopener\" target=\"_blank\"><\/p>\n<p>      <img loading=\"lazy\" decoding=\"async\" src=\"https:\/\/www.europesays.com\/no\/wp-content\/uploads\/2025\/09\/83245929.webp\" width=\"980\" height=\"441\" title=\"Kampen om Putins \u00f8re\" alt=\"\" class=\"lazyload\" style=\"--aspect-ratio-image: 2.22; \"\/><\/p>\n<p>        Kampen om Putins \u00f8re<\/p>\n<p>    <\/a><\/p>\n","protected":false},"excerpt":{"rendered":"Mange i Putins egne rekker synes det er smakl\u00f8st og billig n\u00e5r han\u00a0\u00ableker soldat\u00bb, melder profilert Russland-ekspert. IKKE&hellip;\n","protected":false},"author":2,"featured_media":38038,"comment_status":"","ping_status":"","sticky":false,"template":"","format":"standard","meta":{"footnotes":""},"categories":[5],"tags":[20,21,24,25,15,19,179,22,23,17,18,6032,13,30,28,29,14,16,188,26,27,489,412,186],"class_list":{"0":"post-38037","1":"post","2":"type-post","3":"status-publish","4":"format-standard","5":"has-post-thumbnail","7":"category-overskrifter","8":"tag-breaking-news","9":"tag-breakingnews","10":"tag-featured-news","11":"tag-featurednews","12":"tag-headlines","13":"tag-hovedoppslag","14":"tag-krigen-i-ukraina","15":"tag-latest-news","16":"tag-latestnews","17":"tag-main-news","18":"tag-mainnews","19":"tag-mark-galeotti","20":"tag-news","21":"tag-no","22":"tag-norge","23":"tag-norway","24":"tag-nyheter","25":"tag-overskrifter","26":"tag-russland","27":"tag-top-stories","28":"tag-topstories","29":"tag-ukraina","30":"tag-utenriks","31":"tag-vladimir-putin"},"share_on_mastodon":{"url":"","error":""},"_links":{"self":[{"href":"https:\/\/www.europesays.com\/no\/wp-json\/wp\/v2\/posts\/38037","targetHints":{"allow":["GET"]}}],"collection":[{"href":"https:\/\/www.europesays.com\/no\/wp-json\/wp\/v2\/posts"}],"about":[{"href":"https:\/\/www.europesays.com\/no\/wp-json\/wp\/v2\/types\/post"}],"author":[{"embeddable":true,"href":"https:\/\/www.europesays.com\/no\/wp-json\/wp\/v2\/users\/2"}],"replies":[{"embeddable":true,"href":"https:\/\/www.europesays.com\/no\/wp-json\/wp\/v2\/comments?post=38037"}],"version-history":[{"count":0,"href":"https:\/\/www.europesays.com\/no\/wp-json\/wp\/v2\/posts\/38037\/revisions"}],"wp:featuredmedia":[{"embeddable":true,"href":"https:\/\/www.europesays.com\/no\/wp-json\/wp\/v2\/media\/38038"}],"wp:attachment":[{"href":"https:\/\/www.europesays.com\/no\/wp-json\/wp\/v2\/media?parent=38037"}],"wp:term":[{"taxonomy":"category","embeddable":true,"href":"https:\/\/www.europesays.com\/no\/wp-json\/wp\/v2\/categories?post=38037"},{"taxonomy":"post_tag","embeddable":true,"href":"https:\/\/www.europesays.com\/no\/wp-json\/wp\/v2\/tags?post=38037"}],"curies":[{"name":"wp","href":"https:\/\/api.w.org\/{rel}","templated":true}]}}