{"id":38050,"date":"2025-09-17T18:30:12","date_gmt":"2025-09-17T18:30:12","guid":{"rendered":"https:\/\/www.europesays.com\/no\/38050\/"},"modified":"2025-09-17T18:30:12","modified_gmt":"2025-09-17T18:30:12","slug":"kultur-nrk-sophie-elise-blir-med-i-tv-suksessen","status":"publish","type":"post","link":"https:\/\/www.europesays.com\/no\/38050\/","title":{"rendered":"Kultur, NRK | Sophie Elise blir med i TV-suksessen"},"content":{"rendered":"\n<p>Det popul\u00e6re NRK-programmet A-laget er snart tilbake med ny sesong hvor kjente personer intervjues av et panel av journalister som har ulike funksjonsvariasjoner eller er p\u00e5 \u00abspekteret\u00bb.<\/p>\n<p>Blant gjestene er Harstads st\u00f8rste kjendis Sophie Elise Isachsen i programmet som sendes 8. oktober. F\u00f8rst ut er fotballproff Erling Braut Haaland uka f\u00f8r.<\/p>\n<p>   <img decoding=\"async\" width=\"1084\" height=\"704\" fetchpriority=\"low\"  loading=\"lazy\"  src=\"https:\/\/www.europesays.com\/no\/wp-content\/uploads\/2025\/09\/Sophie+Elise+Isachsen+og+A-laget.png\" alt=\"\" class=\"brick-c-cFOWSL\" style=\"--brick-image-ratio: 1084 \/ 704;\"\/><\/p>\n<p>    NRK: Sophie Elise Isachsen fra Harstad er blant kjendisene som f\u00e5r t\u00f8ffe sp\u00f8rsm\u00e5l fra A-laget.<\/p>\n<p>Blant sp\u00f8rsm\u00e5lene Isachsen m\u00e5 takle er om anger og utenforskap, morsrollen, livet som pensjonist og hvor hun f\u00f8ler seg trygg.<\/p>\n<p>Her er gjestene i sesong 2<\/p>\n<ul>\n<li>Erling Braut Haaland<\/li>\n<li>Sophie Elise Isachsen<\/li>\n<li>Atle Antonsen<\/li>\n<li>Chirag Patel<\/li>\n<li>Henriette Steenstrup<\/li>\n<li>Gustav Magnar Witz\u00f8e<\/li>\n<li>Linn Sk\u00e5ber<\/li>\n<li>Leo Ajkic<\/li>\n<\/ul>\n<p>Lover gull<\/p>\n<p>A-laget hadde premiere i romjula 2024. Programmet ble et av NRKs mest folkekj\u00e6re og sette program utover p\u00e5 ny\u00e5ret og s\u00e5 langt i 2025. Hele 1,2 millioner s\u00e5 f\u00f8rste sesong.<\/p>\n<p>Eksekutiv produsent Marie Sjo i NRK forteller til rikskringkasterens nettside at det blir gull ogs\u00e5 i sesongen som snart kommer.<\/p>\n<p>\u2013 Vi har fantastiske gjester som m\u00f8ter fantastiske reportere, og da blir det mange magiske m\u00f8ter. Programmene er b\u00e5de overraskende, r\u00f8rende og veldig morsomme. A-laget utfordrer alle de har p\u00e5 bes\u00f8k, og noen av landets mest kjente personer byr p\u00e5 ukjente sider av seg selv, sier Sjo, f\u00f8r hun fortsetter:<\/p>\n<p>\u2013 Reporterne gj\u00f8r en utrolig god jobb, og med A-laget har vi har det beste laget b\u00e5de foran og bak kamera. NRK er veldig stolte av den nye sesongen med selveste Erling Braut Haaland som gjest. Vi gleder oss veldig til \u00e5 dele denne serien med et stort publikum!<\/p>\n<p>Les mer om: artikkelemnene<\/p>\n","protected":false},"excerpt":{"rendered":"Det popul\u00e6re NRK-programmet A-laget er snart tilbake med ny sesong hvor kjente personer intervjues av et panel av&hellip;\n","protected":false},"author":2,"featured_media":38051,"comment_status":"","ping_status":"","sticky":false,"template":"","format":"standard","meta":{"footnotes":""},"categories":[58],"tags":[36,71,410,30,28,29,787,1444,1510,72],"class_list":{"0":"post-38050","1":"post","2":"type-post","3":"status-publish","4":"format-standard","5":"has-post-thumbnail","7":"category-underholdning","8":"tag-art","9":"tag-entertainment","10":"tag-kultur","11":"tag-no","12":"tag-norge","13":"tag-norway","14":"tag-nrk","15":"tag-sophie-elise-isachsen","16":"tag-story","17":"tag-underholdning"},"share_on_mastodon":{"url":"","error":""},"_links":{"self":[{"href":"https:\/\/www.europesays.com\/no\/wp-json\/wp\/v2\/posts\/38050","targetHints":{"allow":["GET"]}}],"collection":[{"href":"https:\/\/www.europesays.com\/no\/wp-json\/wp\/v2\/posts"}],"about":[{"href":"https:\/\/www.europesays.com\/no\/wp-json\/wp\/v2\/types\/post"}],"author":[{"embeddable":true,"href":"https:\/\/www.europesays.com\/no\/wp-json\/wp\/v2\/users\/2"}],"replies":[{"embeddable":true,"href":"https:\/\/www.europesays.com\/no\/wp-json\/wp\/v2\/comments?post=38050"}],"version-history":[{"count":0,"href":"https:\/\/www.europesays.com\/no\/wp-json\/wp\/v2\/posts\/38050\/revisions"}],"wp:featuredmedia":[{"embeddable":true,"href":"https:\/\/www.europesays.com\/no\/wp-json\/wp\/v2\/media\/38051"}],"wp:attachment":[{"href":"https:\/\/www.europesays.com\/no\/wp-json\/wp\/v2\/media?parent=38050"}],"wp:term":[{"taxonomy":"category","embeddable":true,"href":"https:\/\/www.europesays.com\/no\/wp-json\/wp\/v2\/categories?post=38050"},{"taxonomy":"post_tag","embeddable":true,"href":"https:\/\/www.europesays.com\/no\/wp-json\/wp\/v2\/tags?post=38050"}],"curies":[{"name":"wp","href":"https:\/\/api.w.org\/{rel}","templated":true}]}}