{"id":38075,"date":"2025-09-17T19:01:11","date_gmt":"2025-09-17T19:01:11","guid":{"rendered":"https:\/\/www.europesays.com\/no\/38075\/"},"modified":"2025-09-17T19:01:11","modified_gmt":"2025-09-17T19:01:11","slug":"karingen-krysset-erklaert-apnet-ht-no","status":"publish","type":"post","link":"https:\/\/www.europesays.com\/no\/38075\/","title":{"rendered":"(+) K\u00e5ringen-krysset erkl\u00e6rt \u00e5pnet &#8211; ht.no"},"content":{"rendered":"<ol>\n<li><a href=\"https:\/\/news.google.com\/rss\/articles\/CBMid0FVX3lxTE1LelFxUXU4SXZFQ2JiUVFsLUt5enV2OTJZUGFJenZzWFFaMWIwc2FtcFlsVjkzOV9fdzRzdmUtMk03Wkt6c01OZWY2UzFBREhJeFJ3azh0TktxMTRIak85T291N0REWnRKS3hST25hQnQxcUdVZXBN?oc=5\" target=\"_blank\" rel=\"nofollow noopener\">(+) K\u00e5ringen-krysset erkl\u00e6rt \u00e5pnet<\/a>&nbsp;&nbsp;ht.no<\/li>\n<li><a href=\"https:\/\/news.google.com\/rss\/articles\/CBMikgFBVV95cUxNQmVRaVRKTlBDSTNCUDAwMTBVRmVaMUFPUTJGLVVERGRRRU9OYlNmNG40R3N5NzhhWEVleEIzZU9vMzZqQi16QmZfZDk0R0JOZlgtVmlVWnIyQW5na1g3MjhsR0V1YnBhTGFZY2I4UHYxazlTdlh5TlFnOHBlbG5YczBjZjBJeDdKX3B1cjh4NWh5Zw?oc=5\" target=\"_blank\" rel=\"nofollow noopener\">(+) \u2013 Dette er viktig prosjekt som er med p\u00e5 \u00e5 bygge landet<\/a>&nbsp;&nbsp;vol.no<\/li>\n<li><a href=\"https:\/\/news.google.com\/rss\/articles\/CBMiugFBVV95cUxOOC1OdXhaSjhlTS1PMTh4T0RlS3hLUzdIdl9rVzY0bWVwMDFHV0h1RFJtUkhNWGNHUXptREJCNktabHJkVDZhQUZ5aGMwZWtrMDMya2NLRGgwUEdSMGpFT3p3M19hZnJHTks4ekJib0NBRVhva01nYTBtNkVlVnFYdTRRaEVUSUJ5ZHpoNU1OdGZTWEhzWHl3OXlqQVFoemtEaDF6MElZZ2dHQTd5VEpOak82eDh1NXpmMEE?oc=5\" target=\"_blank\" rel=\"nofollow noopener\">Trafikk, E10 | Flaskehals p\u00e5 E10 er n\u00e5 fjernet: \u2013 En viktig investering i trygghet og forutsigbarhet<\/a>&nbsp;&nbsp;Lofotposten<\/li>\n<li><a href=\"https:\/\/news.google.com\/rss\/articles\/CBMimgFBVV95cUxPcl9DRGI0OHg4M21hLWRkZjMyalAzYmwxUHdKSDhkUXBYRHpaZmZMNzUxeDN5aFRCb3NWNXlzWnFrTGo2ZVVWTkRCdVpkQmF3cGEwWDlTVERxUDk0bVIzd0tZV0h4YlBWZVNoNzZZRWhuTWczS1ZIRjhfb09zbnlEa1ZwaW1FSmR0YmR4emVYZm13bGVOVENWQ1B3?oc=5\" target=\"_blank\" rel=\"nofollow noopener\">Nyheter, L\u00f8dingen | Historisk begivenhet \u2013 Vei mellom mennesker, steder og muligheter<\/a>&nbsp;&nbsp;Bladet Vester\u00e5len<\/li>\n<li><a href=\"https:\/\/news.google.com\/rss\/articles\/CBMitAFBVV95cUxNekJIUXA3dTJHczAwS25Hc0t4V0tlNWptYjRUMXZ4Q2phdkRESHpNSDlHcDZFVlF2YlF6aWFpRGdOcktvYy00anp5TmJ1c1dzdUV0OTlHOVZ0WXNwdWhXYWtzbmczLUZ6MnBHSmZnNmpQUTFzSXFNRGVtaXJsODd4MktzYm1CMWNGY3NVNU9NZ0FLVDdhMGs0aGVYSlU1YTBNV204SWY1Nk51QWNLZk9GcWNvYnE?oc=5\" target=\"_blank\" rel=\"nofollow noopener\">\u00c5pner K\u00e5ringskrysset ved L\u00f8dingen<\/a>&nbsp;&nbsp;NTB Kommunikasjon<\/li>\n<\/ol>\n","protected":false},"excerpt":{"rendered":"(+) K\u00e5ringen-krysset erkl\u00e6rt \u00e5pnet&nbsp;&nbsp;ht.no (+) \u2013 Dette er viktig prosjekt som er med p\u00e5 \u00e5 bygge landet&nbsp;&nbsp;vol.no Trafikk,&hellip;\n","protected":false},"author":2,"featured_media":38076,"comment_status":"","ping_status":"","sticky":false,"template":"","format":"standard","meta":{"footnotes":""},"categories":[10],"tags":[20,21,24,25,15,2705,22,23,13,30,28,29,14,16,6043,26,27,1459],"class_list":{"0":"post-38075","1":"post","2":"type-post","3":"status-publish","4":"format-standard","5":"has-post-thumbnail","7":"category-norge","8":"tag-breaking-news","9":"tag-breakingnews","10":"tag-featured-news","11":"tag-featurednews","12":"tag-headlines","13":"tag-kvaefjord","14":"tag-latest-news","15":"tag-latestnews","16":"tag-news","17":"tag-no","18":"tag-norge","19":"tag-norway","20":"tag-nyheter","21":"tag-overskrifter","22":"tag-skanska","23":"tag-top-stories","24":"tag-topstories","25":"tag-vagan"},"share_on_mastodon":{"url":"","error":""},"_links":{"self":[{"href":"https:\/\/www.europesays.com\/no\/wp-json\/wp\/v2\/posts\/38075","targetHints":{"allow":["GET"]}}],"collection":[{"href":"https:\/\/www.europesays.com\/no\/wp-json\/wp\/v2\/posts"}],"about":[{"href":"https:\/\/www.europesays.com\/no\/wp-json\/wp\/v2\/types\/post"}],"author":[{"embeddable":true,"href":"https:\/\/www.europesays.com\/no\/wp-json\/wp\/v2\/users\/2"}],"replies":[{"embeddable":true,"href":"https:\/\/www.europesays.com\/no\/wp-json\/wp\/v2\/comments?post=38075"}],"version-history":[{"count":0,"href":"https:\/\/www.europesays.com\/no\/wp-json\/wp\/v2\/posts\/38075\/revisions"}],"wp:featuredmedia":[{"embeddable":true,"href":"https:\/\/www.europesays.com\/no\/wp-json\/wp\/v2\/media\/38076"}],"wp:attachment":[{"href":"https:\/\/www.europesays.com\/no\/wp-json\/wp\/v2\/media?parent=38075"}],"wp:term":[{"taxonomy":"category","embeddable":true,"href":"https:\/\/www.europesays.com\/no\/wp-json\/wp\/v2\/categories?post=38075"},{"taxonomy":"post_tag","embeddable":true,"href":"https:\/\/www.europesays.com\/no\/wp-json\/wp\/v2\/tags?post=38075"}],"curies":[{"name":"wp","href":"https:\/\/api.w.org\/{rel}","templated":true}]}}