{"id":38077,"date":"2025-09-17T19:02:19","date_gmt":"2025-09-17T19:02:19","guid":{"rendered":"https:\/\/www.europesays.com\/no\/38077\/"},"modified":"2025-09-17T19:02:19","modified_gmt":"2025-09-17T19:02:19","slug":"aker-selskap-inngar-milliardavtale-om-ki-med-microsoft","status":"publish","type":"post","link":"https:\/\/www.europesays.com\/no\/38077\/","title":{"rendered":"Aker-selskap inng\u00e5r milliardavtale om KI med Microsoft"},"content":{"rendered":"<p class=\"txt-ind\">I en b\u00f8rsmelding opplyser selskapet om en fem\u00e5rig kundeavtale verdt 6,2 milliarder dollar, skriver <a href=\"https:\/\/e24.no\/boers-og-finans\/i\/dRyXkw\/aker-selskap-inngaar-ai-avtale-verdt-60-milliarder-kroner-med-microsoft\" target=\"_blank\" rel=\"noopener nofollow\"> E24.<\/a><\/p>\n<p class=\"txt-ind\">\u2013 Denne avtalen med Microsoft, som er en langvarig partner for Aker, er en viktig milep\u00e6l for v\u00e5rt samarbeid med Nscale og for Norges rolle i utviklingen av KI-infrastruktur med nasjonal kontroll, sier Aker-sjef \u00d8yvind Eriksen i en <a href=\"https:\/\/newsweb.oslobors.no\/message\/655613\" rel=\"nofollow noopener\" target=\"_blank\">b\u00f8rsmelding<\/a>.<\/p>\n<p class=\"txt-ind\">Prosjektet skal etableres i fjordregionen rundt Narvik, og tjenestene leveres trinnvis fra 2026.<\/p>\n<p class=\"txt-ind\">Kommunikasjonssjef\u00a0Cornelia Bj\u00f8rke-Hill i Microsoft Norge svarer i en epost fra Digi at de ikke kan dele s\u00e5 mange detaljer forel\u00f8pig.\u00a0Men n\u00e5r det gjelder plasseringen skriver hun at datasenteret blir lokalisert i Narvik, p\u00e5 samme omr\u00e5de og campus som Open AI, men i en separat bygning. Kvandal er noen kilometer nordvest for Narvik, n\u00e6r Bjerkvik.<\/p>\n<p><a class=\"group clear-both w-full !no-underline my-8 sm:my-12 bg-stone-50 dark:bg-brandStone-700 dark:text-brandNeutral-100 flex items-stretch flex-nowrap\" href=\"https:\/\/www.digi.no\/feature\/skeptisk-til-at-akers-datasenter-i-nord-vil-sysselsette-hundrevis-hores-overdrevet-ut\/561283\" rel=\"nofollow noopener\" target=\"_blank\"><img decoding=\"async\" class=\" object-cover h-full w-full transition-transform duration-700 ease-in-out group-hover:scale-[1.05] will-change-transform\" src=\"https:\/\/www.europesays.com\/no\/wp-content\/uploads\/2025\/09\/thumbnail_%C3%98ivind%20Anti%20Nilsen%20_3108.jpg\"  alt=\"\u00d8ivind A. Nilsen, professor i sammfunns\u00f8konomi ved Norges Handelsh\u00f8yskole, sier det er en tendens at estimater for ringvirkningene fra industriprosjekter blir bl\u00e5st opp for \u00e5 f\u00e5 planene myndighetsgodkjent.\" loading=\"lazy\"\/><\/p>\n<p>Les ogs\u00e5:<\/p>\n<p class=\"group-hover:underline text-brandNeutral-900 dark:text-brandNeutral-100 mt-2 text-base sm:text-xl leading-5 sm:leading-6 font-bold\">Skeptisk til Akers jobbtall: \u2013 H\u00f8res overdrevet ut<\/p>\n<p><\/a><img decoding=\"async\" width=\"332\" class=\" cursor-pointer w-full sm:w-auto\" src=\"https:\/\/www.europesays.com\/no\/wp-content\/uploads\/2025\/09\/%C3%98yvind%20Eriksen%20og%20Frederic%20Hauge%20(1).jpg\"  alt=\"Aker-sjef \u00d8yvind Eriksen. Bildet er fra Arendalsuka 2022. Foto: \u00a0Ellen S. Viseth\" loading=\"lazy\"\/>Aker-sjef \u00d8yvind Eriksen. Bildet er fra Arendalsuka 2022. Foto: \u00a0Ellen S. Viseth <\/p>\n<p class=\"txt-ind\">Microsoft har lagt ut <a href=\"https:\/\/news.microsoft.com\/source\/emea\/features\/narvik-blir-europas-nye-knutepunkt-for-kunstig-intelligens\/?lang=no\" rel=\"nofollow noopener\" target=\"_blank\">en artikkel<\/a> som beskriver prosjektet. Der st\u00e5r det at Narvik n\u00e5 skal koble Skandinavia sammen med resten av Europa gjennom leveranse av avanserte KI- og skytjenester. Narvik ble valgt p\u00e5 grunn av sin gode tilgang til vannkraft, lave str\u00f8mpriser og etablerte industrielle strukturer.\u00a0<\/p>\n<p class=\"txt-ind\">Datasenteret skal st\u00f8tte b\u00e5de offentlige og private akt\u00f8rer i utviklingen av nye KI-l\u00f8sninger. Direkt\u00f8r for forretningsutvikling og investeringer i Microsoft, Jon Tinter, sier de nyeste og mest avanserte KI-tjenestene fra selskapet skal leveres b\u00e5de i Norge og Europa fra Narvik.\u00a0<\/p>\n<p class=\"txt-ind\">Nscale-grunnlegger og toppsjef, Josh Payne, sier dette er en av verdens st\u00f8rste GPU-installasjoner, og at det gjenspeiler den enorme ettersp\u00f8rselen etter datakraft. Han mener det ogs\u00e5 bekrefter Narviks rolle som et strategisk knutepunkt for kunstig intelligens i Europa. Det er forel\u00f8pig ikke oppgitt hvor mange GPUer det skal v\u00e6re plass til i datasenteret.<\/p>\n<p>Datasenter nummer to i Narvik<\/p>\n<p class=\"txt-ind\">I sommer kunngjorde Aker en milliardsatsing p\u00e5 KI i Narvik. I samarbeid med Open AI og prosessorkjempen Nvidia skal Aker og britiske Nscale etablere et stort datasenter for kunstig intelligens i Narvik.<\/p>\n<p class=\"txt-ind\">Begge forpliktet seg til \u00e5 stille med opptil en milliard amerikanske dollar til den f\u00f8rste fasen av utbyggingen. Satsingen, gitt navnet Stargate Norway, har som m\u00e5l \u00e5 etablere en sikker infrastruktur for kunstig intelligens for brukere i hele Europa.<\/p>\n<p><a class=\"group clear-both w-full !no-underline my-8 sm:my-12 bg-stone-50 dark:bg-brandStone-700 dark:text-brandNeutral-100 flex items-stretch flex-nowrap\" href=\"https:\/\/www.digi.no\/artikler\/slik-skal-stargate-senteret-tjene-norge-og-narvik\/561431\" rel=\"nofollow noopener\" target=\"_blank\"><img decoding=\"async\" class=\" object-cover h-full w-full transition-transform duration-700 ease-in-out group-hover:scale-[1.05] will-change-transform\" src=\"https:\/\/www.europesays.com\/no\/wp-content\/uploads\/2025\/09\/1758135739_236_original.jpg\"  alt=\"\u2013  Det at disse tingene er fysisk i Norge med norsk eierskap er viktig, sier direkt\u00f8r for myndighetskontakt og internasjonale forhold i Aker, Stian Jenssen, om Akers nye datasenter. Til h\u00f8yre direkt\u00f8r for datasentertjenester i Aker Horizon, Petter M. T\u00f8mmeraas.\" loading=\"lazy\"\/><\/p>\n<p>Les ogs\u00e5:<\/p>\n<p class=\"group-hover:underline text-brandNeutral-900 dark:text-brandNeutral-100 mt-2 text-base sm:text-xl leading-5 sm:leading-6 font-bold\">Slik skal Stargate-senteret tjene Norge og Narvik<\/p>\n<p><\/a><\/p>\n","protected":false},"excerpt":{"rendered":"I en b\u00f8rsmelding opplyser selskapet om en fem\u00e5rig kundeavtale verdt 6,2 milliarder dollar, skriver E24. \u2013 Denne avtalen&hellip;\n","protected":false},"author":2,"featured_media":38078,"comment_status":"","ping_status":"","sticky":false,"template":"","format":"standard","meta":{"footnotes":""},"categories":[5],"tags":[2732,20,21,24,25,15,19,467,22,23,17,18,2777,13,30,28,29,14,16,26,27],"class_list":{"0":"post-38077","1":"post","2":"type-post","3":"status-publish","4":"format-standard","5":"has-post-thumbnail","7":"category-overskrifter","8":"tag-aker","9":"tag-breaking-news","10":"tag-breakingnews","11":"tag-featured-news","12":"tag-featurednews","13":"tag-headlines","14":"tag-hovedoppslag","15":"tag-kunstig-intelligens","16":"tag-latest-news","17":"tag-latestnews","18":"tag-main-news","19":"tag-mainnews","20":"tag-microsoft","21":"tag-news","22":"tag-no","23":"tag-norge","24":"tag-norway","25":"tag-nyheter","26":"tag-overskrifter","27":"tag-top-stories","28":"tag-topstories"},"share_on_mastodon":{"url":"","error":""},"_links":{"self":[{"href":"https:\/\/www.europesays.com\/no\/wp-json\/wp\/v2\/posts\/38077","targetHints":{"allow":["GET"]}}],"collection":[{"href":"https:\/\/www.europesays.com\/no\/wp-json\/wp\/v2\/posts"}],"about":[{"href":"https:\/\/www.europesays.com\/no\/wp-json\/wp\/v2\/types\/post"}],"author":[{"embeddable":true,"href":"https:\/\/www.europesays.com\/no\/wp-json\/wp\/v2\/users\/2"}],"replies":[{"embeddable":true,"href":"https:\/\/www.europesays.com\/no\/wp-json\/wp\/v2\/comments?post=38077"}],"version-history":[{"count":0,"href":"https:\/\/www.europesays.com\/no\/wp-json\/wp\/v2\/posts\/38077\/revisions"}],"wp:featuredmedia":[{"embeddable":true,"href":"https:\/\/www.europesays.com\/no\/wp-json\/wp\/v2\/media\/38078"}],"wp:attachment":[{"href":"https:\/\/www.europesays.com\/no\/wp-json\/wp\/v2\/media?parent=38077"}],"wp:term":[{"taxonomy":"category","embeddable":true,"href":"https:\/\/www.europesays.com\/no\/wp-json\/wp\/v2\/categories?post=38077"},{"taxonomy":"post_tag","embeddable":true,"href":"https:\/\/www.europesays.com\/no\/wp-json\/wp\/v2\/tags?post=38077"}],"curies":[{"name":"wp","href":"https:\/\/api.w.org\/{rel}","templated":true}]}}