{"id":38081,"date":"2025-09-17T19:08:12","date_gmt":"2025-09-17T19:08:12","guid":{"rendered":"https:\/\/www.europesays.com\/no\/38081\/"},"modified":"2025-09-17T19:08:12","modified_gmt":"2025-09-17T19:08:12","slug":"omsorg-eller-murstein-hva-prioriterer-alta-kommune","status":"publish","type":"post","link":"https:\/\/www.europesays.com\/no\/38081\/","title":{"rendered":"Omsorg eller murstein \u2013 hva prioriterer Alta kommune?"},"content":{"rendered":"<p>Politikernes svar p\u00e5 innbyggernes bekymringer om kommunens \u00f8konomi er velformulert, men inneholder flere p\u00e5stander som fortjener motstand.<\/p>\n<p>N\u00e5r kommunen st\u00e5r i krevende prioriteringer, er det ikke nok \u00e5 takke for engasjement \u2013 man m\u00e5 ogs\u00e5 t\u00e5le \u00e5 bli utfordret.<\/p>\n<p><a href=\"https:\/\/www.altaposten.no\/meninger\/i\/0V5avM\/en-noedvendig-omstilling\" rel=\"nofollow noopener\" target=\"_blank\"> <img decoding=\"async\" src=\"data:image\/gif;base64,R0lGODlhEAAJAIAAAP\/\/\/wAAACH5BAEAAAAALAAAAAAQAAkAAAIKhI+py+0Po5yUFQA7\" alt=\"\"\/>   En n\u00f8dvendig omstilling  <\/a> <\/p>\n<p><strong>Skole vs. helse \u2013 en reell prioritering<\/strong><\/p>\n<p>Kommunens ledelse hevder at det er misvisende \u00e5 sette bygging av ny skole opp mot omstilling i helse. Likevel kuttes det i held\u00f8gns omsorgsplasser samtidig som skoleprosjektet videref\u00f8res.<\/p>\n<p>N\u00e5r Alta har et underskudd p\u00e5 64 millioner kroner, er det uunng\u00e5elig at store investeringer m\u00e5 vurderes opp mot hverandre.<\/p>\n<p>\u00c5 avvise denne sammenhengen er \u00e5 fraskrive seg ansvar for prioriteringene som faktisk gj\u00f8res.<\/p>\n<p>S\u00e6rlig n\u00e5r det gjelder Komsa skole, er det grunn til \u00e5 stoppe opp. P\u00e5 midten av 1970-tallet ble Komsa omtalt som et pedagogisk fyrt\u00e5rn \u2013 et skoleprosjekt s\u00e5 enest\u00e5ende at utsendinger fra departementet valfartet til Alta for \u00e5 se det med egne \u00f8yne.<\/p>\n<p>Arkitekten fikk utmerkelser og ble hyllet for sin arkitektur og organisering, med flere bygninger spredt utover et omr\u00e5de som ga rom for b\u00e5de l\u00e6ring og trivsel. N\u00e5 skal dette rives \u2013 til fordel for en gigantskole, sentralisert og monolittisk.<\/p>\n<p>Det er sentraliseringstanken p\u00e5 sitt mest brutale: effektivitet over menneskelighet, murstein over milj\u00f8.<\/p>\n<p>Sammenligninger uten kontekst<\/p>\n<p>Det vises til Harstad og Bod\u00f8 for \u00e5 underbygge at Alta har &laquo;for mange&raquo; institusjonsplasser. Men Alta er ikke Harstad eller Bod\u00f8. Vi har spredt bosetning, lange avstander og en befolkning som i st\u00f8rre grad er avhengig av institusjonsbasert omsorg. \u00c5 bruke rene prosenttall uten \u00e5 ta hensyn til geografi, demografi og reelle behov gir et forenklet og misvisende bilde.<\/p>\n<p>Omstilling uten garanti<\/p>\n<p>Politikerne hevder at omstillingen ikke handler om \u00e5 gi et d\u00e5rligere tilbud, men om \u00e5 sikre faglig forsvarlige tjenester i framtiden. Det er et prisverdig m\u00e5l. Men hvor er planen for hvordan hjemmebaserte tjenester skal styrkes? Hvor er garantien for at de som mister institusjonsplass f\u00e5r et like trygt og verdig tilbud hjemme? \u00c5 kutte f\u00f8rst og planlegge senere er ikke omstilling \u2013 det er nedbygging.<\/p>\n<p>Statlig ansvar \u2013 men lokalt valg<\/p>\n<p>Det pekes p\u00e5 manglende statlige rammeoverf\u00f8ringer som \u00e5rsak til kuttene. Det er legitimt \u00e5 kritisere statens finansiering.<\/p>\n<p>Men det er et politisk valg \u00e5 tilpasse seg svak finansiering fremfor \u00e5 utfordre den. Alta burde st\u00e5 i front for \u00e5 kreve bedre rammevilk\u00e5r \u2013 ikke bruke det som unnskyldning for \u00e5 svekke omsorgen for v\u00e5re mest s\u00e5rbare.<\/p>\n<p>Alta kommune st\u00e5r ved et veiskille. Enten kan vi bygge ned omsorgen for v\u00e5re eldre \u2013 eller vi kan ta ansvar, prioritere klokt og kreve bedre rammevilk\u00e5r.<\/p>\n<p>Det er ikke ROBEK som truer Alta, men en politisk vilje til \u00e5 kutte f\u00f8rst og forklare etterp\u00e5.<\/p>\n<p>V\u00e5re eldre fortjener mer enn en omstilling. De fortjener trygghet, verdighet og en kommune som setter mennesket foran murstein \u2013 og som husker verdien av det som en gang gjorde Komsa skole til et forbilde for hele landet.<\/p>\n<p>Knut Ottem<\/p>\n<p>Send inn ditt debattinnlegg til redaksjonen@altaposten.no, og merk innlegget med Debatt<\/p>\n","protected":false},"excerpt":{"rendered":"Politikernes svar p\u00e5 innbyggernes bekymringer om kommunens \u00f8konomi er velformulert, men inneholder flere p\u00e5stander som fortjener motstand. N\u00e5r&hellip;\n","protected":false},"author":2,"featured_media":38082,"comment_status":"","ping_status":"","sticky":false,"template":"","format":"standard","meta":{"footnotes":""},"categories":[10],"tags":[5741,6045,20,21,24,25,15,6046,22,23,13,30,28,29,14,6044,16,26,27],"class_list":{"0":"post-38081","1":"post","2":"type-post","3":"status-publish","4":"format-standard","5":"has-post-thumbnail","7":"category-norge","8":"tag-alta-kommune","9":"tag-befolkning","10":"tag-breaking-news","11":"tag-breakingnews","12":"tag-featured-news","13":"tag-featurednews","14":"tag-headlines","15":"tag-komsa","16":"tag-latest-news","17":"tag-latestnews","18":"tag-news","19":"tag-no","20":"tag-norge","21":"tag-norway","22":"tag-nyheter","23":"tag-omstilling","24":"tag-overskrifter","25":"tag-top-stories","26":"tag-topstories"},"share_on_mastodon":{"url":"","error":""},"_links":{"self":[{"href":"https:\/\/www.europesays.com\/no\/wp-json\/wp\/v2\/posts\/38081","targetHints":{"allow":["GET"]}}],"collection":[{"href":"https:\/\/www.europesays.com\/no\/wp-json\/wp\/v2\/posts"}],"about":[{"href":"https:\/\/www.europesays.com\/no\/wp-json\/wp\/v2\/types\/post"}],"author":[{"embeddable":true,"href":"https:\/\/www.europesays.com\/no\/wp-json\/wp\/v2\/users\/2"}],"replies":[{"embeddable":true,"href":"https:\/\/www.europesays.com\/no\/wp-json\/wp\/v2\/comments?post=38081"}],"version-history":[{"count":0,"href":"https:\/\/www.europesays.com\/no\/wp-json\/wp\/v2\/posts\/38081\/revisions"}],"wp:featuredmedia":[{"embeddable":true,"href":"https:\/\/www.europesays.com\/no\/wp-json\/wp\/v2\/media\/38082"}],"wp:attachment":[{"href":"https:\/\/www.europesays.com\/no\/wp-json\/wp\/v2\/media?parent=38081"}],"wp:term":[{"taxonomy":"category","embeddable":true,"href":"https:\/\/www.europesays.com\/no\/wp-json\/wp\/v2\/categories?post=38081"},{"taxonomy":"post_tag","embeddable":true,"href":"https:\/\/www.europesays.com\/no\/wp-json\/wp\/v2\/tags?post=38081"}],"curies":[{"name":"wp","href":"https:\/\/api.w.org\/{rel}","templated":true}]}}