{"id":38106,"date":"2025-09-17T19:43:09","date_gmt":"2025-09-17T19:43:09","guid":{"rendered":"https:\/\/www.europesays.com\/no\/38106\/"},"modified":"2025-09-17T19:43:09","modified_gmt":"2025-09-17T19:43:09","slug":"usa-toll-bonder-fra-arkansas-i-krise-trygler-trump-om-hjelp","status":"publish","type":"post","link":"https:\/\/www.europesays.com\/no\/38106\/","title":{"rendered":"USA, Toll | B\u00f8nder fra Arkansas i krise: Trygler Trump om hjelp"},"content":{"rendered":"\n<p>\u2013 P\u00e5 denne tiden i fjor var ris-prisene omtrent 40 prosent h\u00f8yere. Innsatskostnadene har \u00f8kt, gj\u00f8dsel har blitt dyrere, r\u00e5vareprisene har blitt verre. S\u00e5 etter et fryktelig \u00e5r i fjor, der de fleste b\u00f8ndene i Arkansas tapte penger, blir dette \u00e5ret enda verre, sier bonde Derek Haigwood til den lokale TV-kanalen <a rel=\"Follow nofollow noopener\" href=\"https:\/\/katv.com\/news\/local\/hundreds-of-struggling-arkansas-farmers-ask-federal-government-to-save-them-agriculture-ag-economy-farm-bill-commodity-prices-safety-net-big-beautiful-bill-derek-haigwood-brookland-farming-delta-farm-bankruptcy-closure-sale-trump-boozman-crawford\" target=\"_blank\">KATV.<\/a><\/p>\n<p>Tidligere i september samlet en rekke b\u00f8nder seg til et m\u00f8te hvor de delte bekymringene sine til Arkansas&#8217; representanter i kongressen. Budskapet var tydelig: De trenger krisehjelp n\u00e5.<\/p>\n<p>  <a href=\"https:\/\/www.nationen.no\/5-148-789955\" class=\"related-teaser has-image default-story-teaser article--c-eRUmMG article--c-eRUmMG-jKCPdD-design-default\" rel=\"nofollow noopener\" target=\"_blank\"><\/p>\n<p>    <img decoding=\"async\" loading=\"lazy\"  src=\"https:\/\/www.europesays.com\/no\/wp-content\/uploads\/2025\/09\/1758138188_844_photo+29_1.jpg\" alt=\"\" class=\"brick-c-cFOWSL\" style=\"\"\/><\/p>\n<p>\n            Les ogs\u00e5<\/p>\n<p>              Eksplosjon p\u00e5 g\u00e5rd: Person skadet\n        <\/p>\n<p>  <\/a><\/p>\n<p>En av b\u00f8ndene som var til stede ansl\u00e5r at dersom ikke \u00f8konomisk hjelp kommer p\u00e5 plass kan s\u00e5 mye som en tredjedel av delstatens b\u00f8nder g\u00e5 konkurs.<\/p>\n<p>Landbruk er big business i Arkansas, og bidrar \u00e5rlig med 21 milliarder dollar til \u00f8konomien. Med over f\u00f8rti tusen g\u00e5rder er delstaten USAs st\u00f8rste risprodusent, og over 200.000 mennesker jobber enten i landbruket eller i tilknyttet industri.<\/p>\n<p>            Arkansas<\/p>\n<ul>\n<li>Arkansas ligger i den s\u00f8r\u00f8stlige delen av USA og regnes som en del av s\u00f8rstatene.<\/li>\n<li>Hovedstaden og den st\u00f8rste byen i delstaten er Little Rock.<\/li>\n<li>Befolkningen er p\u00e5 omtrent tre millioner innbyggere.<\/li>\n<li>Landskapet er variert, med fjellomr\u00e5dene Ozark og Ouachita, store skogsomr\u00e5der og sletteland langs Mississippi-elven.<\/li>\n<li>Delstatens offisielle kallenavn er The Natural State, p\u00e5 grunn av de mange naturomr\u00e5dene og mulighetene for friluftsliv.<\/li>\n<li>Arkansas ble tatt opp som USAs 25. delstat den 25. juni 1836.<\/li>\n<li>Delstaten er kjent for sin store produksjon av ris og kylling, for \u00e5 v\u00e6re stedet der Walmart ble grunnlagt, og for \u00e5 v\u00e6re hjemstaten til tidligere president Bill Clinton.<\/li>\n<\/ul>\n<p>  Forteller om selvmord<\/p>\n<p>En av b\u00f8ndene, som ogs\u00e5 jobber som finansieringsr\u00e5dgiver for landbruksutstyr, fortalte p\u00e5 m\u00f8tet at fem av kundene hennes har tatt livet sitt de siste 14 m\u00e5nedene.<\/p>\n<p>\u2013 S\u00e5 alvorlig er dette, sier hun.<\/p>\n<p>Gene Higginbotham, distriktsdirekt\u00f8r for kongressmann og republikaner Rick Crawford, fors\u00f8kte \u00e5 betrygge b\u00f8ndene med at de skulle bringe budskapet til Washington D.C.<\/p>\n<p>  <a href=\"https:\/\/www.nationen.no\/5-148-789914\" class=\"related-teaser has-image default-story-teaser article--c-eRUmMG article--c-eRUmMG-jKCPdD-design-default\" rel=\"nofollow noopener\" target=\"_blank\"><\/p>\n<p>    <img decoding=\"async\" loading=\"lazy\"  src=\"https:\/\/www.europesays.com\/no\/wp-content\/uploads\/2025\/09\/kuer+med+klaver.jpg\" alt=\"\" class=\"brick-c-cFOWSL\" style=\"\"\/><\/p>\n<p>\n            Les ogs\u00e5<\/p>\n<p>              Nofence bak \u00e5rets st\u00f8rste investeringen i landbruksteknologi\n        <\/p>\n<p>  <\/a><\/p>\n<p>\u2013 Vi skal gj\u00f8re alt vi kan for \u00e5 gi dere den hjelpen dere trenger.<\/p>\n<p>S\u00e5 desperat var stemningen at b\u00f8ndene samlet seg til b\u00f8nn under m\u00f8tet.<\/p>\n<p>\u2013 B\u00f8nder, etter min mening, kj\u00e6re Herre, de er n\u00e6rmere deg enn noen andre p\u00e5 denne jorden, fordi vi arbeider med din jord hver dag. Kj\u00e6re Herre, vi lider, kj\u00e6re Herre. Vi kan ikke gj\u00f8re noe med det som har rammet oss. Vi trenger hjelp, kj\u00e6re Herre, ba en av de oppm\u00f8te mens resten av forsamlingen foldet hendene og krummet nakken.<\/p>\n<p>Tollene d\u00e5rlig tatt imot<\/p>\n<p>Nesten 80 prosent av amerikanske b\u00f8nder stemte p\u00e5 Donald Trump i presidentvalget i fjor. Da presidenten varslet innf\u00f8ring av nye toller i mars henvendte han seg til nettopp dem:<\/p>\n<p>\u2013 Til alle amerikanske b\u00f8nder: Gj\u00f8r dere klare for \u00e5 lage mye jordbruksprodukter for salg inne i USA. Det blir toll p\u00e5 utenlandske varer fra og med 2. april, skrev han p\u00e5 sitt eget sosiale medium, Truth Social.<\/p>\n<p>Landbruket sitter imidlertid igjen med d\u00e5rlige minner fra sist Trump startet en handelskrig, if\u00f8lge Sophia Murphy, administrerende direkt\u00f8r i Institute for Agriculture and Trade Policy.<\/p>\n<p>\u2013 Som de l\u00e6rte under den f\u00f8rste Trump-administrasjonen, er b\u00f8nder spesielt s\u00e5rbare for handelskriger. Da s\u00e5 de soyaeksporten til Kina krympe som f\u00f8lge av mottollene Kina innf\u00f8rte som svar p\u00e5 de amerikanske tollsatsene p\u00e5 kinesisk st\u00e5limport. Disse mottollene f\u00f8rte til et fall p\u00e5 75 prosent i amerikansk soyaeksport til Kina. Totalt utgjorde tapet 2 milliarder dollar, sier hun.<\/p>\n<p>  <a href=\"https:\/\/www.nationen.no\/5-148-789822\" class=\"related-teaser has-image default-story-teaser article--c-eRUmMG article--c-eRUmMG-jKCPdD-design-default\" rel=\"nofollow noopener\" target=\"_blank\"><\/p>\n<p>    <img decoding=\"async\" loading=\"lazy\"  src=\"https:\/\/www.europesays.com\/no\/wp-content\/uploads\/2025\/09\/Skjermbilde+2025-09-16+103519.png\" alt=\"\" class=\"brick-c-cFOWSL\" style=\"\"\/><\/p>\n<p>\n            Les ogs\u00e5<\/p>\n<p>              Selges for kjempe-priser\n        <\/p>\n<p>  <\/a><\/p>\n","protected":false},"excerpt":{"rendered":"\u2013 P\u00e5 denne tiden i fjor var ris-prisene omtrent 40 prosent h\u00f8yere. Innsatskostnadene har \u00f8kt, gj\u00f8dsel har blitt&hellip;\n","protected":false},"author":2,"featured_media":38107,"comment_status":"","ping_status":"","sticky":false,"template":"","format":"standard","meta":{"footnotes":""},"categories":[12],"tags":[36,20,21,55,24,25,15,755,22,23,13,30,28,29,14,16,1510,365,26,27,50,42,43,44,45],"class_list":{"0":"post-38106","1":"post","2":"type-post","3":"status-publish","4":"format-standard","5":"has-post-thumbnail","7":"category-verden","8":"tag-art","9":"tag-breaking-news","10":"tag-breakingnews","11":"tag-donald-trump","12":"tag-featured-news","13":"tag-featurednews","14":"tag-headlines","15":"tag-landbruk","16":"tag-latest-news","17":"tag-latestnews","18":"tag-news","19":"tag-no","20":"tag-norge","21":"tag-norway","22":"tag-nyheter","23":"tag-overskrifter","24":"tag-story","25":"tag-toll","26":"tag-top-stories","27":"tag-topstories","28":"tag-usa","29":"tag-verden","30":"tag-world","31":"tag-world-news","32":"tag-worldnews"},"share_on_mastodon":{"url":"","error":""},"_links":{"self":[{"href":"https:\/\/www.europesays.com\/no\/wp-json\/wp\/v2\/posts\/38106","targetHints":{"allow":["GET"]}}],"collection":[{"href":"https:\/\/www.europesays.com\/no\/wp-json\/wp\/v2\/posts"}],"about":[{"href":"https:\/\/www.europesays.com\/no\/wp-json\/wp\/v2\/types\/post"}],"author":[{"embeddable":true,"href":"https:\/\/www.europesays.com\/no\/wp-json\/wp\/v2\/users\/2"}],"replies":[{"embeddable":true,"href":"https:\/\/www.europesays.com\/no\/wp-json\/wp\/v2\/comments?post=38106"}],"version-history":[{"count":0,"href":"https:\/\/www.europesays.com\/no\/wp-json\/wp\/v2\/posts\/38106\/revisions"}],"wp:featuredmedia":[{"embeddable":true,"href":"https:\/\/www.europesays.com\/no\/wp-json\/wp\/v2\/media\/38107"}],"wp:attachment":[{"href":"https:\/\/www.europesays.com\/no\/wp-json\/wp\/v2\/media?parent=38106"}],"wp:term":[{"taxonomy":"category","embeddable":true,"href":"https:\/\/www.europesays.com\/no\/wp-json\/wp\/v2\/categories?post=38106"},{"taxonomy":"post_tag","embeddable":true,"href":"https:\/\/www.europesays.com\/no\/wp-json\/wp\/v2\/tags?post=38106"}],"curies":[{"name":"wp","href":"https:\/\/api.w.org\/{rel}","templated":true}]}}