{"id":38125,"date":"2025-09-17T20:06:14","date_gmt":"2025-09-17T20:06:14","guid":{"rendered":"https:\/\/www.europesays.com\/no\/38125\/"},"modified":"2025-09-17T20:06:14","modified_gmt":"2025-09-17T20:06:14","slug":"kalte-inn-en-og-en-familie","status":"publish","type":"post","link":"https:\/\/www.europesays.com\/no\/38125\/","title":{"rendered":"Kalte inn \u00e9n og \u00e9n familie"},"content":{"rendered":"\n<ul class=\"_list_ew2ao_3 _list_64s2r_85 _unordered_ew2ao_99 text-sans-m\">\n<li class=\"_item_ew2ao_30\">Familiene til de 16 barna i overgrepssaken i Ullensaker ble innkalt til politiet mandag.<\/li>\n<li class=\"_item_ew2ao_30\">Politiadvokat Jeanette Svendsen beskriver sterke f\u00f8lelser og mange sp\u00f8rsm\u00e5l.<\/li>\n<li class=\"_item_ew2ao_30\">Barna skal ha opplevd overgrep fra en barnehageansatt fra 2015 til 2018.<\/li>\n<li class=\"_item_ew2ao_30\">Kriseteamet i Ullensaker f\u00f8lger opp forn\u00e6rmede gjennom st\u00f8tte og veiledning.<\/li>\n<\/ul>\n<p>Vis mer <\/p>\n<p class=\"_paragraph_ew2ao_4 _paragraph_xtcu6_10 layout-component text-serif-m layout-normal text-serif-m layout-padded\">\u2013 Denne saken har g\u00e5tt inn p\u00e5 alle, sier hun n\u00e5r VG m\u00f8ter henne p\u00e5 Lillestr\u00f8m politihus onsdag ettermiddag.<\/p>\n<p class=\"_paragraph_ew2ao_4 _paragraph_xtcu6_10 layout-component text-serif-m layout-normal text-serif-m layout-padded\">Svendsen kommer direkte fra det f\u00f8rste tilrettelagte avh\u00f8ret av et av de 16 barna som skal ha <a href=\"https:\/\/www.vg.no\/i\/KMoxx6\" data-track-element-type=\"Link\" data-track-id=\"link:KMoxx6\" class=\"_link_ew2ao_39\" rel=\"nofollow noopener\" target=\"_blank\">opplevd overgrep fra en barnehageansatt i Ullensaker kommune, i perioden 2015 til 2018<\/a>.<\/p>\n<p class=\"_paragraph_ew2ao_4 _paragraph_xtcu6_10 layout-component text-serif-m layout-normal text-serif-m layout-padded\"><strong class=\"_strong_ew2ao_25\">Mannen er siktet for grov voldtekt og fors\u00f8k p\u00e5 voldtekt av barn under 14 \u00e5r, voldtekt og seksuell handling. Han er ogs\u00e5 siktet for \u00e5 ha produsert overgrepsmateriale.<\/strong><\/p>\n<p class=\"_paragraph_ew2ao_4 _paragraph_xtcu6_10 layout-component text-serif-m layout-normal text-serif-m layout-padded\">Politiet har enn\u00e5 ingen indikasjoner p\u00e5 at bildene og videoene av barna er delt med andre.<\/p>\n<p class=\"_paragraph_ew2ao_4 _paragraph_xtcu6_10 layout-component text-serif-m layout-normal text-serif-m layout-padded\">Etter at den n\u00e5 siktede mannen ble p\u00e5grepet i mai, har etterforskerne brukt sommeren p\u00e5 \u00e5 g\u00e5 gjennom det omfattende bilde- og videomaterialet som ble funnet p\u00e5 mannens digitale enheter. <\/p>\n<p class=\"_paragraph_ew2ao_4 _paragraph_xtcu6_10 layout-component text-serif-m layout-normal text-serif-m layout-padded\">Flere av filene skal vise overgrep mot barn som mannen enten hadde i sin omsorg i barnehagen hvor han jobbet, eller som mannen hadde en annen relasjon til.<\/p>\n<p><img alt=\"TO BARNEHAGER: 13 av de 16 forn\u00e6rmede barna i overgrepssaken i Ullensaker var barnehagebarn i to barnehager hvor den siktede jobbet.  Foto: Hallgeir V\u00e5genes \/ VG\" class=\"_image_qp4xg_65 layout-component layout-normal\" data-fullscreen- data-track-element-type=\"Article image fullscreen\" data-track-name=\"ImageFullscreen\" decoding=\"async\" loading=\"lazy\" height=\"4000\" itemprop=\"image\"  src=\"https:\/\/www.europesays.com\/no\/wp-content\/uploads\/2025\/09\/6bf90a71-51b8-4f3b-b77f-d14869d0a475\"  style=\"object-position:0% 0%\" width=\"5524\"\/>TO BARNEHAGER: 13 av de 16 forn\u00e6rmede barna i overgrepssaken i Ullensaker var barnehagebarn i to barnehager hvor den siktede jobbet.  Foto: Hallgeir V\u00e5genes \/ VG<\/p>\n<p class=\"_paragraph_ew2ao_4 _paragraph_xtcu6_10 layout-component text-serif-m layout-normal text-serif-m layout-padded\">N\u00e6rheten til barna har gjort dette til en ekstra krevende sak ogs\u00e5 for politiets etterforskere. <\/p>\n<p class=\"_paragraph_ew2ao_4 _paragraph_xtcu6_10 layout-component text-serif-m layout-normal text-serif-m layout-padded\"><strong class=\"_strong_ew2ao_25\">\u2013 Det er vanskelig \u00e5 gjennomg\u00e5 materialet. Det er n\u00e6rt. Det er sm\u00e5 barn som snakker norsk. Vi m\u00e5 ha p\u00e5 lyd, fordi hva de sier er med og belyser saken, sier Svendsen.<\/strong><\/p>\n<p class=\"_paragraph_ew2ao_4 _paragraph_xtcu6_10 layout-component text-serif-m layout-normal text-serif-m layout-padded\">Mandag denne uken ble alle de ber\u00f8rte foreldrene og p\u00e5r\u00f8rende kalt inn til politiet. Det var en krevende dag, forteller Svendsen. Hver familie ble tatt imot av to fra politiet, en fra Barnehuset og bistandsadvokat. S\u00e5 ble de fortalt at deres barn var forn\u00e6rmet i en av de mest omfattende overgrepssakene p\u00e5 lang tid.<\/p>\n<p class=\"_paragraph_ew2ao_4 _paragraph_xtcu6_10 layout-component text-serif-m layout-normal text-serif-m layout-padded\">\u2013 \u00c5 f\u00e5 beskjed om at barnet ditt er utsatt for overgrep, eller det \u00e5 v\u00e6re barnet selv og f\u00e5 h\u00f8re at du ble utsatt for overgrep da du var liten, det er en voldsom beskjed \u00e5 f\u00e5. Vi opplevde at det var mange sterke f\u00f8lelser, og mange sp\u00f8rsm\u00e5l, sier Svendsen.<\/p>\n<p><img alt=\"ETTERFORSKER FOR FULLT: \u2013 Vi har ingen indikasjoner p\u00e5 at han har beg\u00e5tt overgrep f\u00f8r 2015 eller etter 2020. Men vi etterforsker saken enn\u00e5 for fullt, og vil ikke utelukke noe, sier Svendsen.  Foto: Hallgeir V\u00e5genes \/ VG\" class=\"_image_qp4xg_65 layout-component layout-normal\" data-fullscreen- data-track-element-type=\"Article image fullscreen\" data-track-name=\"ImageFullscreen\" decoding=\"async\" loading=\"lazy\" height=\"4000\" itemprop=\"image\"  src=\"https:\/\/www.europesays.com\/no\/wp-content\/uploads\/2025\/09\/e75dfd61-f9c3-475d-a412-0430a58ec5a0\"  style=\"object-position:0% 0%\" width=\"5655\"\/>ETTERFORSKER FOR FULLT: \u2013 Vi har ingen indikasjoner p\u00e5 at han har beg\u00e5tt overgrep f\u00f8r 2015 eller etter 2020. Men vi etterforsker saken enn\u00e5 for fullt, og vil ikke utelukke noe, sier Svendsen.  Foto: Hallgeir V\u00e5genes \/ VG<\/p>\n<p class=\"_paragraph_ew2ao_4 _paragraph_xtcu6_10 layout-component text-serif-m layout-normal text-serif-m layout-padded\">Etter \u00e5 ha f\u00e5tt informasjon fra politiet, ble foreldrene ledet inn til et annet rom hvor de hadde samtaler med kriseteamet fra <a href=\"https:\/\/www.vg.no\/tag\/ullensaker?utm_source=vg-article&amp;utm_medium=auto-tagger&amp;utm_campaign=Pp71Gp\" class=\"_link_ew2ao_39\" rel=\"nofollow noopener\" target=\"_blank\">Ullensaker<\/a> kommune. <\/p>\n<p class=\"_paragraph_ew2ao_4 _paragraph_xtcu6_10 layout-component text-serif-m layout-normal text-serif-m layout-padded\">\u2013 Alle familiene fikk informasjon samme dag. Det var selvsagt et stort sjokk for dem, og derfor var vi tett p\u00e5.<\/p>\n<p class=\"_paragraph_ew2ao_4 _paragraph_xtcu6_10 layout-component text-serif-m layout-normal text-serif-m layout-padded\">Det forteller Kjersti Lindseth, leder for kriseteamet i Ullensaker kommune. Allerede torsdag forrige uke ble kommunen kontaktet av politiet og informert om saken.<\/p>\n<p><img alt=\"TAR TID: \u2013 Familiene fikk vite dette mandag. Mange er i sjokk og krise. Det tar tid f\u00f8r dette synker inn og de vet hva de trenger av hjelp, sier Kjersti Lindseth, leder for kriseteamet i Ullensaker kommune,  Foto: Hallgeir V\u00e5genes \/ VG\" class=\"_image_qp4xg_65 layout-component layout-normal\" data-fullscreen- data-track-element-type=\"Article image fullscreen\" data-track-name=\"ImageFullscreen\" decoding=\"async\" loading=\"lazy\" height=\"4000\" itemprop=\"image\"  src=\"https:\/\/www.europesays.com\/no\/wp-content\/uploads\/2025\/09\/701741ed-7958-4b73-bbef-79cbaf01e095\"  style=\"object-position:0% 0%\" width=\"5174\"\/>TAR TID: \u2013 Familiene fikk vite dette mandag. Mange er i sjokk og krise. Det tar tid f\u00f8r dette synker inn og de vet hva de trenger av hjelp, sier Kjersti Lindseth, leder for kriseteamet i Ullensaker kommune,  Foto: Hallgeir V\u00e5genes \/ VG<\/p>\n<p class=\"_paragraph_ew2ao_4 _paragraph_xtcu6_10 layout-component text-serif-m layout-normal text-serif-m layout-padded\">Overgrepene skal ha skjedd mellom 2015 og 2018 da den siktede mannen jobbet i to barnehager i Ullensaker kommune nord for Oslo. I dag er de forn\u00e6rmede jentene i alderen 9 til 17 \u00e5r.<\/p>\n<p class=\"_paragraph_ew2ao_4 _paragraph_xtcu6_10 layout-component text-serif-m layout-normal text-serif-m layout-padded\">\u2013 Noe av det mange foreldrene ville vite, var om bildene og videoene av barna er blitt delt. S\u00e5 langt har vi ikke informasjon om at det har skjedd. Men vi ser spor av at siktede har v\u00e6rt p\u00e5 det kryptertekrypterteDet m\u00f8rke nettet er en del av internett som bare kan n\u00e5s med spesielle dataprogrammer. Det er popul\u00e6rt blant kriminelle fordi anonymiteten gj\u00f8r det lettere \u00e5 dele ulovlig materiale uten \u00e5 bli oppdaget. nettet, sier Svendsen.<\/p>\n<p> H\u00e5kon F. H\u00f8ydal<\/p>\n<p class=\"text-sans-s\">Journalist<\/p>\n<p><img decoding=\"async\" alt=\"H\u00e5kon F. H\u00f8ydal\" class=\"_image_8qg3d_185\" src=\"https:\/\/www.europesays.com\/no\/wp-content\/uploads\/2025\/09\/1758139571_259_791defbc-20b8-4779-b615-3d02a4d66e97\" width=\"480\"\/>Kontakt H\u00e5kon F. H\u00f8ydal <\/p>\n<p class=\"_paragraph_ew2ao_4 _paragraph_xtcu6_10 layout-component text-serif-m layout-normal text-serif-m layout-padded\"><strong class=\"_strong_ew2ao_25\">Kriseteamet ved Ullensaker kommune har ansvar for \u00e5 f\u00f8lge opp alle 16 forn\u00e6rmede.<\/strong><\/p>\n<p class=\"_paragraph_ew2ao_4 _paragraph_xtcu6_10 layout-component text-serif-m layout-normal text-serif-m layout-padded\">\u2013 Vi tilbyr hjemmebes\u00f8k, samtaler og veiledning, blant annet om hvordan man snakker med barnet sitt om dette. Dessuten har vi opprettet en d\u00f8gn\u00e5pen vakttelefon for dem som trenger noen \u00e5 snakke med som f\u00f8lge av denne overgrepssaken, sier Lindseth.<\/p>\n<p class=\"_paragraph_ew2ao_4 _paragraph_xtcu6_10 layout-component text-serif-m layout-normal text-serif-m layout-padded\">Ordf\u00f8rer St\u00e5le Lien Hansen (Frp) ble informert fredag.<\/p>\n<p class=\"_paragraph_ew2ao_4 _paragraph_xtcu6_10 layout-component text-serif-m layout-normal text-serif-m layout-padded\">\u2013 Jeg har aldri v\u00e6rt borti en sak som denne. Det er s\u00e5 n\u00e6rt. Det er et sjokk for oss alle. Samtidig m\u00e5 man bare g\u00e5 i handlingsmodus og finne ressurser s\u00e5 vi kan ivareta de p\u00e5r\u00f8rende, sier han.<\/p>\n<p><img alt=\"FIKK VITE FORRIGE UKE: \u2013 Vi ga noen f\u00e5 utvalgte informasjon slik at vi kunne forberede oss p\u00e5 \u00e5 kunne hjelpe best mulig n\u00e5r mandagen kom, sier ordf\u00f8rer St\u00e5le Lien Hansen i Ullensaker kommune.  Foto: Hallgeir V\u00e5genes \/ VG\" class=\"_image_qp4xg_65 layout-component layout-normal\" data-fullscreen- data-track-element-type=\"Article image fullscreen\" data-track-name=\"ImageFullscreen\" decoding=\"async\" loading=\"lazy\" height=\"4000\" itemprop=\"image\"  src=\"https:\/\/www.europesays.com\/no\/wp-content\/uploads\/2025\/09\/bd9da7eb-977a-4629-8cb8-778b84aba526\"  style=\"object-position:0% 0%\" width=\"6000\"\/>FIKK VITE FORRIGE UKE: \u2013 Vi ga noen f\u00e5 utvalgte informasjon slik at vi kunne forberede oss p\u00e5 \u00e5 kunne hjelpe best mulig n\u00e5r mandagen kom, sier ordf\u00f8rer St\u00e5le Lien Hansen i Ullensaker kommune.  Foto: Hallgeir V\u00e5genes \/ VG<\/p>\n<p class=\"_paragraph_ew2ao_4 _paragraph_xtcu6_10 layout-component text-serif-m layout-normal text-serif-m layout-padded\">\u2013 De som \u00f8nsker det, skal f\u00e5 snakke med kriseteamet. Ingen skal st\u00e5 alene i dette. Dessuten skal vi neste uke ha et \u00e5pent folkem\u00f8te med politi og alle instanser, hvor alle kan f\u00e5 komme. <\/p>\n<p class=\"_paragraph_ew2ao_4 _paragraph_xtcu6_10 layout-component text-serif-m layout-normal text-serif-m layout-padded\"><strong class=\"_strong_ew2ao_25\">N\u00e5 er det mye usikkerhet blant kommunens sm\u00e5barnsforeldre, sier han. <\/strong><\/p>\n<p class=\"_paragraph_ew2ao_4 _paragraph_xtcu6_10 layout-component text-serif-m layout-normal text-serif-m layout-padded\">\u2013 Vi vet at barnehager i kommunen har blitt kontaktet av bekymrede foreldre. Men politiet er tydelige p\u00e5 at det er disse 16 barna saken handler om. Ullensaker kommune har seks hundre barnehageansatte som hver dag gj\u00f8r alt for \u00e5 gi barna v\u00e5re en trygg og god hverdag, sier ordf\u00f8reren.<\/p>\n<p class=\"_paragraph_ew2ao_4 _paragraph_xtcu6_10 layout-component text-serif-m layout-normal text-serif-m layout-padded\">Politiadvokat Jeanette bekrefter dette.<\/p>\n<p class=\"_paragraph_ew2ao_4 _paragraph_xtcu6_10 layout-component text-serif-m layout-normal text-serif-m layout-padded\">\u2013 Vi har ingen indikasjoner p\u00e5 at han har beg\u00e5tt overgrep f\u00f8r 2015 eller etter 2020. Men vi etterforsker saken enn\u00e5 for fullt, og vil ikke utelukke noe.<\/p>\n<p><img alt=\"AVH\u00d8R AV BARNA: Sju av de 16 forn\u00e6rmede barna skal i avh\u00f8r, det f\u00f8rste av disse ble foretatt i dag.  Foto: Hallgeir V\u00e5genes \/ VG\" class=\"_image_qp4xg_65 layout-component layout-normal\" data-fullscreen- data-track-element-type=\"Article image fullscreen\" data-track-name=\"ImageFullscreen\" decoding=\"async\" loading=\"lazy\" height=\"4000\" itemprop=\"image\"  src=\"https:\/\/www.europesays.com\/no\/wp-content\/uploads\/2025\/09\/3a2ded25-6d7f-46e0-ac98-061b0201f28a\"  style=\"object-position:0% 0%\" width=\"6000\"\/>AVH\u00d8R AV BARNA: Sju av de 16 forn\u00e6rmede barna skal i avh\u00f8r, det f\u00f8rste av disse ble foretatt i dag.  Foto: Hallgeir V\u00e5genes \/ VG<\/p>\n<p class=\"_paragraph_ew2ao_4 _paragraph_xtcu6_10 layout-component text-serif-m layout-normal text-serif-m layout-padded\">N\u00e5 har politiet begynt avh\u00f8rene av barna. Forel\u00f8pig er det planlagt \u00e5 gjennomf\u00f8re tilrettelagt avh\u00f8r av fem av barna\u00a0p\u00e5 Barnehuset. Dessuten skal de to forn\u00e6rmede som er over 16 \u00e5r, til vanlig avh\u00f8r. <\/p>\n<p class=\"_paragraph_ew2ao_4 _paragraph_xtcu6_10 layout-component text-serif-m layout-normal text-serif-m layout-padded\"><strong class=\"_strong_ew2ao_25\">Det er et stort spenn i hvor grove overgrepene er. Noen av overgrepene skal v\u00e6re fullbyrdete voldtekter, og ogs\u00e5 grov voldtekt.<\/strong><\/p>\n<p class=\"_paragraph_ew2ao_4 _paragraph_xtcu6_10 layout-component text-serif-m layout-normal text-serif-m layout-padded\">Mannen selv har kun v\u00e6rt ett avh\u00f8r. Det ble foretatt 19. mai, like etter at han ble p\u00e5grepet.<\/p>\n<p class=\"_paragraph_ew2ao_4 _paragraph_xtcu6_10 layout-component text-serif-m layout-normal text-serif-m layout-padded\">\u2013 Det ble fors\u00f8kt \u00e5 gjennomf\u00f8re et nytt avh\u00f8r, men dette ble avbrutt av siktede. Vi har fors\u00f8kt \u00e5 f\u00e5 ham til avh\u00f8r to ganger etter det, men han har oppgitt at han har forklart det han husker, sier Svendsen.<\/p>\n<p class=\"_paragraph_ew2ao_4 _paragraph_xtcu6_10 layout-component text-serif-m layout-normal text-serif-m layout-padded\">Mannens advokat Dag Svensson sier til VG at mannen har v\u00e6rt i to avh\u00f8r.<\/p>\n<p class=\"_paragraph_ew2ao_4 _paragraph_xtcu6_10 layout-component text-serif-m layout-normal text-serif-m layout-padded\"><strong class=\"_strong_ew2ao_25\">\u2013 Etter det jeg husker, har det v\u00e6rt to. Han nekter ikke \u00e5 forklare seg, men han vegrer seg. Han f\u00f8ler han har forklart at han er skyldig, og at han har fortalt det han husker.<\/strong><\/p>\n<p><img alt=\"KUN HER: Alle de 16 barna er ivaretatt av kriseteamet i Ullensaker kommune.  Foto: Hallgeir V\u00e5genes \/ VG\" class=\"_image_qp4xg_65 layout-component layout-normal\" data-fullscreen- data-track-element-type=\"Article image fullscreen\" data-track-name=\"ImageFullscreen\" decoding=\"async\" loading=\"lazy\" height=\"4000\" itemprop=\"image\"  src=\"https:\/\/www.europesays.com\/no\/wp-content\/uploads\/2025\/09\/33f75faa-1ce9-425b-a0a0-e49fe2400ef8\"  style=\"object-position:0% 0%\" width=\"6000\"\/>KUN HER: Alle de 16 barna er ivaretatt av kriseteamet i Ullensaker kommune.  Foto: Hallgeir V\u00e5genes \/ VG<\/p>\n<p class=\"_paragraph_ew2ao_4 _paragraph_xtcu6_10 layout-component text-serif-m layout-normal text-serif-m layout-padded\">Mannen ble etterforsket allerede i 2018, etter at mor til et barnehagebarn anmeldte ham. <a href=\"https:\/\/www.vg.no\/i\/63La1O\" data-track-element-type=\"Link\" data-track-id=\"link:63La1O\" class=\"_link_ew2ao_39\" rel=\"nofollow noopener\" target=\"_blank\">Saken ble henlagt.<\/a><\/p>\n<p class=\"_paragraph_ew2ao_4 _paragraph_xtcu6_10 layout-component text-serif-m layout-normal text-serif-m layout-padded\">\u2013 Hva var grunnen til at mannens digitale enheter ikke ble unders\u00f8kt allerede da?<\/p>\n<p class=\"_paragraph_ew2ao_4 _paragraph_xtcu6_10 layout-component text-serif-m layout-normal text-serif-m layout-padded\">\u2013 Anmeldelsen gjaldt mistanke om fysiske overgrep. Vi\u00a0fikk\u00a0ingen opplysninger\u00a0om at siktede skulle ha tatt bilder eller videoer av barna. Vi hadde heller ingen informasjon\u00a0i v\u00e5re systemer om at han skulle v\u00e6re i befatning med overgrepsmateriale. Det ble nok vurdert p\u00e5 den tiden at vilk\u00e5rene for \u00e5 ta beslag ikke var oppfylt, sier politiadvokat Svendsen.<\/p>\n<p class=\"_paragraph_ew2ao_4 _paragraph_xtcu6_10 layout-component text-serif-m layout-normal text-serif-m layout-padded\">En talsperson for selskapet som drifter barnehagene, sier til VG at den siktede ikke fortsatte i jobb etter anmeldelsen i 2018.<\/p>\n<p class=\"_paragraph_ew2ao_4 _paragraph_xtcu6_10 layout-component text-serif-m layout-normal text-serif-m layout-padded\">\u2013 Men han valgte \u00e5 beholde videoene og bildene han hadde tatt av overgrepene, ogs\u00e5 selv etter at han var blitt etterforsket. Det er noe vi gjerne skulle hatt forklaring p\u00e5, sier politiadvokat Svendsen.<\/p>\n<p>    <img decoding=\"async\" alt=\"Tips oss illustrasjon\" width=\"62px\" height=\"auto\" src=\"https:\/\/www.europesays.com\/no\/wp-content\/uploads\/2025\/08\/1754784428_95_W9avJzE.png\"\/>    <\/p>\n<p class=\"title-serif-s\">Har du tips til oss?<\/p>\n<p class=\"text-sans-m\">Send oss informasjon, bilder eller video<\/p>\n<p>  <a href=\"https:\/\/www.vg.no\/tips-oss\" rel=\"nofollow noopener\" target=\"_blank\"> Tips oss <\/a>      <\/p>\n","protected":false},"excerpt":{"rendered":"Familiene til de 16 barna i overgrepssaken i Ullensaker ble innkalt til politiet mandag. Politiadvokat Jeanette Svendsen beskriver&hellip;\n","protected":false},"author":2,"featured_media":38126,"comment_status":"","ping_status":"","sticky":false,"template":"","format":"standard","meta":{"footnotes":""},"categories":[5],"tags":[20,21,24,25,15,19,22,23,729,17,18,13,30,28,29,14,1622,16,254,26,27,4443],"class_list":{"0":"post-38125","1":"post","2":"type-post","3":"status-publish","4":"format-standard","5":"has-post-thumbnail","7":"category-overskrifter","8":"tag-breaking-news","9":"tag-breakingnews","10":"tag-featured-news","11":"tag-featurednews","12":"tag-headlines","13":"tag-hovedoppslag","14":"tag-latest-news","15":"tag-latestnews","16":"tag-lillestrom","17":"tag-main-news","18":"tag-mainnews","19":"tag-news","20":"tag-no","21":"tag-norge","22":"tag-norway","23":"tag-nyheter","24":"tag-overgrep","25":"tag-overskrifter","26":"tag-politi","27":"tag-top-stories","28":"tag-topstories","29":"tag-ullensaker"},"share_on_mastodon":{"url":"","error":""},"_links":{"self":[{"href":"https:\/\/www.europesays.com\/no\/wp-json\/wp\/v2\/posts\/38125","targetHints":{"allow":["GET"]}}],"collection":[{"href":"https:\/\/www.europesays.com\/no\/wp-json\/wp\/v2\/posts"}],"about":[{"href":"https:\/\/www.europesays.com\/no\/wp-json\/wp\/v2\/types\/post"}],"author":[{"embeddable":true,"href":"https:\/\/www.europesays.com\/no\/wp-json\/wp\/v2\/users\/2"}],"replies":[{"embeddable":true,"href":"https:\/\/www.europesays.com\/no\/wp-json\/wp\/v2\/comments?post=38125"}],"version-history":[{"count":0,"href":"https:\/\/www.europesays.com\/no\/wp-json\/wp\/v2\/posts\/38125\/revisions"}],"wp:featuredmedia":[{"embeddable":true,"href":"https:\/\/www.europesays.com\/no\/wp-json\/wp\/v2\/media\/38126"}],"wp:attachment":[{"href":"https:\/\/www.europesays.com\/no\/wp-json\/wp\/v2\/media?parent=38125"}],"wp:term":[{"taxonomy":"category","embeddable":true,"href":"https:\/\/www.europesays.com\/no\/wp-json\/wp\/v2\/categories?post=38125"},{"taxonomy":"post_tag","embeddable":true,"href":"https:\/\/www.europesays.com\/no\/wp-json\/wp\/v2\/tags?post=38125"}],"curies":[{"name":"wp","href":"https:\/\/api.w.org\/{rel}","templated":true}]}}