{"id":38127,"date":"2025-09-17T20:07:07","date_gmt":"2025-09-17T20:07:07","guid":{"rendered":"https:\/\/www.europesays.com\/no\/38127\/"},"modified":"2025-09-17T20:07:07","modified_gmt":"2025-09-17T20:07:07","slug":"cupen-sandefjord-sandefjord-sendte-rekruttlaget-i-protest-fikk-nei-av-nff-til-a-flytte-kamptidspunkt-2","status":"publish","type":"post","link":"https:\/\/www.europesays.com\/no\/38127\/","title":{"rendered":"Cupen, Sandefjord | Sandefjord sendte rekruttlaget i protest: Fikk nei av NFF til \u00e5 flytte kamptidspunkt"},"content":{"rendered":"<p> (<a href=\"https:\/\/www.nettavisen.no\" rel=\"nofollow noopener\" target=\"_blank\">Nettavisen<\/a>) <\/p>\n<p>Startelleveren og benken til eliteserielaget i onsdagens 3. rundekamp i cupen fikk nemlig flere til \u00e5 sperre opp \u00f8ynene. Kun fire spillere hadde f\u00e5tt minutter i Eliteserien fra f\u00f8r av, mens ogs\u00e5 hovedtrener Andreas Tegstr\u00f6m og hans assistent Per Verner R\u00f8nning ble v\u00e6rende hjemme i Sandefjord.<\/p>\n<p>\u00c5rsaken skal etter det Nettavisen kjenner til v\u00e6re manglende geh\u00f8r fra NFF p\u00e5 en foresp\u00f8rsel om \u00e5 f\u00e5 flyttet kampen. Sandefjord skal i utgangspunktet ha \u00f8nsket \u00e5 flytte kampen til neste uke n\u00e5r resten av cuprunden avholdes.<\/p>\n<p>Et alternativ kunne ogs\u00e5 v\u00e6rt \u00e5 spille kampen tidligere enn klokken 18.00 onsdag, slik at laget rakk et fly tilbake til \u00d8stlandet samme kveld.<\/p>\n<p>Heller ikke det lot seg gj\u00f8re.<\/p>\n<p>Den negative responsen gj\u00f8r at vestfoldingene m\u00e5 dra hjem dagen etter.<\/p>\n<p>Det betyr at Sandefjord reiser hjem fra Troms\u00f8 torsdag og kun f\u00e5r en trening f\u00f8r de tar imot Brann p\u00e5 hjemmebane l\u00f8rdag.<\/p>\n<p>Reagerer kraftig<\/p>\n<p>I etterkant av onsdagens kamp har Sandefjord publisert en <a href=\"https:\/\/www.sandefjordfotball.no\/nyheter\/uttalelse-angaende-prioriteringer-rundt-cupen-og-eliteserien\" rel=\"Follow nofollow noopener\" target=\"_blank\">pressemelding<\/a> der de bekrefter at de \u00f8nsket \u00e5 flytte kampen til neste uke.<\/p>\n<p>\u2013 Men fikk avslag. NFF la da skylden p\u00e5 Brann og mente at vi fikk en konkurransefordel. Vi har i ettertid snakket med Brann og de stilte seg uforst\u00e5ende til denne p\u00e5standen fra NFF. De hadde ikke v\u00e6rt i kontakt med NFF, og mente heller ikke at dette hadde v\u00e6rt et konkurransefortrinn for oss i Sandefjord Fotball.<\/p>\n<p>\u2013 Da vi fikk avslag om \u00e5 flytte kampen \u00e9n uke, fors\u00f8kte vi \u00e5 fremskynde kampen \u00e9n time og ha kampstart kl. 17.00, slik at vi kunne rekke et fly hjem p\u00e5 kveldstid onsdag. Ogs\u00e5 dette fikk vi avslag p\u00e5.<\/p>\n<p>Sandefjord m\u00e5tte derfor reise tirsdag og overnatte til torsdag.<\/p>\n<p>\u2013 Tre dager skulle alts\u00e5 brukes til reise og kamp, samme uke som vi har l\u00f8rdagskamp mot Brann.<\/p>\n<p>Sandefjord uttaler at de sett fra et trenings- og belastningsperspektiv m\u00e5tte gj\u00f8re det de mener er best for v\u00e5re spillere, slik at de er best mulig rustet for eliteseriekampen mot Brann p\u00e5 l\u00f8rdag.<\/p>\n<p>\u2013 Avslutningsvis vil vi presisere at vi har v\u00e6rt veldig tydelige med NFF at vi ville m\u00e5tte sende en alternativ a-tropp til denne cupkampen, om vi ikke fikk den utsatt. Vi fikk bekreftet av NFF at de forsto konsekvensene av at kampen ble spilt denne uken, og aksepterte, slik vi har forst\u00e5tt det, v\u00e5r avgj\u00f8relse.<\/p>\n<p>Tromsdalen vant kampen hele 6\u20131. Like f\u00f8r avspark bekreftet ogs\u00e5 Norsk Tipping at oddsen ble kraftig justert etter at lagoppstillingene ble offentliggjort. Flere spill ble ogs\u00e5 stanset.<\/p>\n<p>Redusert lag og ingen hovedtrener<\/p>\n<p>Bl\u00e5tr\u00f8yenes valg om \u00e5 sende et tiln\u00e6rmet rent B-lag skal dermed v\u00e6re i ren protest mot NFF.<\/p>\n<p>Nettavisen har v\u00e6rt i kontakt med konkurransedirekt\u00f8r Nils Fisketj\u00f8nn. Han opplyser at han er p\u00e5 reise og ikke kan svare p\u00e5 sp\u00f8rsm\u00e5l. Seksjonsleder turneringsadm og arrangement, Rune Pedersen har heller ikke v\u00e6rt tilgjengelig for en kommentar da han er p\u00e5 ferie.<\/p>\n<p>Verken daglig leder Ole Jonny Borgersen-Berg, sportssjef Matteus B\u00e5rdsen eller trener Andreas Tegstr\u00f6m har besvart Nettavisens henvendelser onsdag.<\/p>\n<p>Et argument fra Norges Fotballforbund skal ha v\u00e6rt at l\u00f8rdagens motstander Brann skulle f\u00e5 like konkurransevilk\u00e5r inn mot helgens kamp. Sandefjord spilte s\u00f8ndag borte mot Sarpsborg 08 i Eliteserien og spiller alts\u00e5 hjemme mot Brann allerede l\u00f8rdag.<\/p>\n<p>At Sandefjord heller ikke sendte hovedtrener Andreas Tegstr\u00f6m for \u00e5 lede laget, er et tydelig signal om hvordan Sandefjord stiller seg til NFFs manglende forst\u00e5else.<\/p>\n<p>Sandefjord blir ledet av SF 2-trener Samir Saric og toppspillerutvikler Henrik Gustavsen.<\/p>\n<p><b>LES OGS\u00c5: <a href=\"https:\/\/www.nettavisen.no\/sport\/omstridt-endring-vedtatt-cupfinale-for-menn-pa-varen\/s\/5-95-2314190\" rel=\"Follow nofollow noopener\" target=\"_blank\">Omstridt endring vedtatt: Cupfinale for menn p\u00e5 v\u00e5ren<\/a><\/b><\/p>\n<p>Omstridt endring<\/p>\n<p>Det s\u00e5kalte Hangeland-utvalgets forslag om \u00e5 starte fotball-NM for menn p\u00e5 h\u00f8sten og avslutte p\u00e5 v\u00e5ren ble vedtatt etter lang debatt p\u00e5 fotballtinget i v\u00e5r.<\/p>\n<p>Det var en prestisjeseier for styret i Norges Fotballforbund, som ogs\u00e5 fikk gjennomslag for \u00e5 fortsette med VAR i Eliteserien. Allerede i 2026 skal det spilles cupfinale p\u00e5 v\u00e5ren.<\/p>\n<p>NFF-styret \u00f8nsket \u00e5 gjennomf\u00f8re cupflyttingen allerede i fjor, men m\u00f8tte da motb\u00f8r p\u00e5 tinget. Styreleder Morten Kokkim i Lillestr\u00f8m tok til orde for at en slik endring ikke kunne vedtas av forbundsstyret, og han vant fram med et forslag om at saken skal stemmes over av fotballtinget.<\/p>\n<p>Dermed havnet saken p\u00e5 tingets bord i \u00e5r.<\/p>\n<p>\u2013 Utvalget har best\u00e5tt av gode folk, men gode folk betyr ikke n\u00f8dvendigvis et godt resultat. Gjennom 118 utgaver siden oppstarten i 1902 er cupen blitt det mest tradisjonsrike vi har. Tukling med tradisjoner b\u00f8r kreve mer enn et styrevedtak, sa Kokkim fra talerstolen p\u00e5 fjor\u00e5rets fotballting.<\/p>\n<p>Han var ogs\u00e5 blant dem som tok ordet i mars og argumenterte for \u00e5 beholde den n\u00e5v\u00e6rende cupordningen med start p\u00e5 v\u00e5ren og finale i desember. Det samme gjorde for eksempel Gisle Selnes fra Rosenborg, som har fremmet forslag om \u00e5 beholde dagens modell.<\/p>\n<p>\u2013 Vi mener at de tidlige cuprundene p\u00e5 v\u00e5ren gir breddeklubber \u00f8kt eksponering, \u00f8konomiske muligheter og ikke minst store folkefester rundt omkring, poengterte Selnes.<\/p>\n<p>Hektisk 2025<\/p>\n<p>NFFs argumenter for cupfinale p\u00e5 v\u00e5ren er blant annet dalende interesse for NM de siste \u00e5rene, tett kampkalender for toppfotballen p\u00e5 h\u00f8sten og \u00f8konomiske muligheter.<\/p>\n<p>Styreleder Cato Haug i Norsk Toppfotball, som representerer de 32 toppklubbene p\u00e5 herresiden, vektla ogs\u00e5 \u00f8konomi og utvikling og st\u00f8ttet forslaget om \u00e5 snu cupen.<\/p>\n<p>NFFs forslag ble vedtatt med 275 mot 101 stemmer.<\/p>\n<p>Forslaget om \u00e5 flytte cupen til \u00e5 spilles h\u00f8st\/v\u00e5r kom fra det mye omtalte utvalget som ble ledet av Brede Hangeland og hadde som oppgave \u00e5 vurdere den norske sesongmodellen.<\/p>\n<p>Endringen inneb\u00e6rer rent praktisk at 1.\u20133. cuprunde spilles p\u00e5 h\u00f8sten, mens \u00e5ttedelsfinaler, kvartfinaler, semifinaler og finale spilles p\u00e5 v\u00e5ren. NM utvides i tillegg med to kvalifiseringsrunder, og endringene trer i kraft fra h\u00f8sten 2025.<\/p>\n<p>Det betyr at 1. til 3. runde i NM 2025\/26 spilles f\u00f8r NM-finalen i 2025. NFF legger opp til at semifinalene i \u00e5rets cup skal spilles i juli.<\/p>\n<p>Det kom ogs\u00e5 fram at man videref\u00f8rer systemet med automatisk hjemmebanefordel for lag som m\u00f8ter et lag fra en h\u00f8yere divisjon i cupen helt til og med semifinalen.<\/p>\n","protected":false},"excerpt":{"rendered":"(Nettavisen) Startelleveren og benken til eliteserielaget i onsdagens 3. rundekamp i cupen fikk nemlig flere til \u00e5 sperre&hellip;\n","protected":false},"author":2,"featured_media":38016,"comment_status":"","ping_status":"","sticky":false,"template":"","format":"standard","meta":{"footnotes":""},"categories":[59],"tags":[36,1599,30,28,29,4782,83,82,3640,1510],"class_list":{"0":"post-38127","1":"post","2":"type-post","3":"status-publish","4":"format-standard","5":"has-post-thumbnail","7":"category-sport","8":"tag-art","9":"tag-cupen","10":"tag-no","11":"tag-norge","12":"tag-norway","13":"tag-sandefjord","14":"tag-sport","15":"tag-sports","16":"tag-sportsvarsel","17":"tag-story"},"share_on_mastodon":{"url":"","error":""},"_links":{"self":[{"href":"https:\/\/www.europesays.com\/no\/wp-json\/wp\/v2\/posts\/38127","targetHints":{"allow":["GET"]}}],"collection":[{"href":"https:\/\/www.europesays.com\/no\/wp-json\/wp\/v2\/posts"}],"about":[{"href":"https:\/\/www.europesays.com\/no\/wp-json\/wp\/v2\/types\/post"}],"author":[{"embeddable":true,"href":"https:\/\/www.europesays.com\/no\/wp-json\/wp\/v2\/users\/2"}],"replies":[{"embeddable":true,"href":"https:\/\/www.europesays.com\/no\/wp-json\/wp\/v2\/comments?post=38127"}],"version-history":[{"count":0,"href":"https:\/\/www.europesays.com\/no\/wp-json\/wp\/v2\/posts\/38127\/revisions"}],"wp:featuredmedia":[{"embeddable":true,"href":"https:\/\/www.europesays.com\/no\/wp-json\/wp\/v2\/media\/38016"}],"wp:attachment":[{"href":"https:\/\/www.europesays.com\/no\/wp-json\/wp\/v2\/media?parent=38127"}],"wp:term":[{"taxonomy":"category","embeddable":true,"href":"https:\/\/www.europesays.com\/no\/wp-json\/wp\/v2\/categories?post=38127"},{"taxonomy":"post_tag","embeddable":true,"href":"https:\/\/www.europesays.com\/no\/wp-json\/wp\/v2\/tags?post=38127"}],"curies":[{"name":"wp","href":"https:\/\/api.w.org\/{rel}","templated":true}]}}