{"id":38179,"date":"2025-09-17T21:25:33","date_gmt":"2025-09-17T21:25:33","guid":{"rendered":"https:\/\/www.europesays.com\/no\/38179\/"},"modified":"2025-09-17T21:25:33","modified_gmt":"2025-09-17T21:25:33","slug":"dagligvare-boikott-henriette-boikotter-dagligvare-sparer-tusenvis-utfordrer-matmonopol","status":"publish","type":"post","link":"https:\/\/www.europesays.com\/no\/38179\/","title":{"rendered":"Dagligvare, Boikott | Henriette boikotter dagligvare: Sparer tusenvis, utfordrer matmonopol"},"content":{"rendered":"\n<p>Henriette Bergliot Rulnes Brandset har den siste tiden snudd matvanene sine p\u00e5 hodet. I en m\u00e5ned skal hun boikotte de tre store dagligvarekjedene Reitan, Norgesgruppen og Coop. I stedet handler hun lokalt, p\u00e5 sm\u00e5butikker, g\u00e5rdsutsalg, Reko-ringen og Bondens marked.<\/p>\n<p>\u2013 De fleste av oss sitter igjen med veldig f\u00e5 reelle valg, og det er et problem i seg selv, skriver hun p\u00e5 sin <a href=\"https:\/\/www.tiktok.com\/@henriettebergliot?lang=nb\" rel=\"Follow nofollow noopener\" target=\"_blank\">TikTok<\/a>&#8211; og <a href=\"https:\/\/www.instagram.com\/henriettebergliot\/\" rel=\"Follow nofollow noopener\" target=\"_blank\">Instagram-konto<\/a>, der hun deler erfaringer fra prosjektet.<\/p>\n<p>Protest mot monopol<\/p>\n<p>Boikotten var ikke en impuls, men en bevisst protest mot det hun beskriver som et \u00abekstremt problematisk\u00bb matvaremonopol.<\/p>\n<p><b>\u2013 Norgesgruppen, Coop og Rema kontrollerer nesten hele markedet. Resultatet er h\u00f8yere priser, f\u00e6rre valgmuligheter og sm\u00e5 produsenter som presses ut, sl\u00e5r hun fast.<\/b><\/p>\n<p>Med over 90 prosent av markedet under kontroll av tre akt\u00f8rer, mener Brandset at det burde ringe noen varsellamper hos b\u00e5de politikere og forbrukere. Hennes prosjekt er et fors\u00f8k p\u00e5 \u00e5 belyse problemet og vise at det finnes alternativer, selv om det krever en omstilling.<\/p>\n<p>\u2013 En stor del av problemet er at vi ikke har nok konkurranse. De reelle valgmulighetene forsvinner. Hvis alle produktene du har \u00e5 velge mellom er det butikkene selv har produsert, hva har du egentlig \u00e5 velge mellom da?<\/p>\n<p>  <a href=\"https:\/\/www.nationen.no\/5-148-786924\" class=\"related-teaser has-image default-opinion-teaser article--c-eRUmMG article--c-eRUmMG-jKCPdD-design-default\" rel=\"nofollow noopener\" target=\"_blank\"><\/p>\n<p>    <img decoding=\"async\" loading=\"lazy\"  src=\"https:\/\/www.europesays.com\/no\/wp-content\/uploads\/2025\/09\/NTB_rxHB2wgbGnY.jpg\" alt=\"\" class=\"brick-c-cFOWSL\" style=\"\"\/><\/p>\n<p>\n            Les ogs\u00e5<\/p>\n<p>              Stortingets jobb nummer en er \u00e5 f\u00e5 ned matvareprisene\n        <\/p>\n<p>  <\/a><br \/>\n  F\u00e6rre spontankj\u00f8p, mer penger igjen <\/p>\n<p>Et av de store sp\u00f8rsm\u00e5lene mange stiller seg er om det i det hele tatt er mulig \u00e5 handle lokalt og st\u00f8tte sm\u00e5 akt\u00f8rer uten at matbudsjettet eksploderer. Brandset har et klart m\u00e5l:<\/p>\n<p>\u2013 Jeg vil jo ogs\u00e5 finne ut av om det er mulig \u00e5 leve uten de tre store uten og sprenge matbudsjettet, skriver hun p\u00e5 <a rel=\"Follow nofollow noopener\" href=\"https:\/\/www.instagram.com\/p\/DOHBJ-GCNTm\/\" target=\"_blank\">Instagram<\/a>.<\/p>\n<p>Boikotten har tvunget Brandset, ektemann og tre barn til \u00e5 endre handlevanene sine. Resultatet? F\u00e6rre spontankj\u00f8p.<\/p>\n<p>\u2013 N\u00e5 g\u00e5r jeg bare inn p\u00e5 butikken og har et m\u00e5l, og s\u00e5 klarer jeg \u00e5 reise ut igjen, forteller hun. Hun peker p\u00e5 at dagligvarebutikkenes layout er designet for mersalg, noe som er frav\u00e6rende i sm\u00e5 butikker og g\u00e5rdsutsalg.<\/p>\n<p><b>Kanskje mest overraskende: Prosjektet har ikke sprengt matbudsjettet \u2013 snarere tvert imot.<\/b><\/p>\n<p>\u2013 Jeg har faktisk brukt mindre penger. Vi har blitt flinke til \u00e5 spise opp det vi har i kj\u00f8leskapet siden vi ikke har hatt s\u00e5 mange spontankj\u00f8p. Vi har spart nesten 1500 kroner til n\u00e5, forteller Brandset, som ogs\u00e5 kan bekrefte at familiens kosthold er uendret.<\/p>\n<p>  <a href=\"https:\/\/www.nationen.no\/5-148-763544\" class=\"related-teaser has-image default-story-teaser article--c-eRUmMG article--c-eRUmMG-jKCPdD-design-default\" rel=\"nofollow noopener\" target=\"_blank\"><\/p>\n<p>    <img decoding=\"async\" loading=\"lazy\"  src=\"https:\/\/www.europesays.com\/no\/wp-content\/uploads\/2025\/09\/Rl_UFCbcr7Py1M-IrSUtrPK8S1Q.jpg\" alt=\"\" class=\"brick-c-cFOWSL\" style=\"\"\/><\/p>\n<p>\n            Les ogs\u00e5<\/p>\n<p>              Sommerguide: Her finner du kortreiste matopplevelser\n        <\/p>\n<p>  <\/a><br \/>\n  Ikke alle er like heldige<\/p>\n<p>Brandset er \u00e6rlig p\u00e5 at hennes situasjon ikke er representativ for alle nordmenn. I Skien har hun mange alternativer til de store kjedene rett utenfor d\u00f8ren, og ser p\u00e5 seg selv som heldig.<\/p>\n<p><b>\u2013 Mange plasser har man ikke noe alternativ til de store dagligvaregigantene. Jeg synes det er trist at man f\u00e5r de begrensningene, sier Brandset.<\/b><\/p>\n<p>Hun trekker en parallell til Sverige:<\/p>\n<p>\u2013 Bare man kj\u00f8rer over svenskegrensa, s\u00e5 har man s\u00e5 mye mer utvalg av produkter og produsenter. Ogs\u00e5 kj\u00f8rer du tilbake til Norge og ser at det er de samme produktene overalt.<\/p>\n<p>  <a href=\"https:\/\/www.nationen.no\/5-148-771777\" class=\"related-teaser has-image default-story-teaser article--c-eRUmMG article--c-eRUmMG-jKCPdD-design-default\" rel=\"nofollow noopener\" target=\"_blank\"><\/p>\n<p>    <img decoding=\"async\" loading=\"lazy\"  src=\"https:\/\/www.europesays.com\/no\/wp-content\/uploads\/2025\/09\/cueres_scp-mangler_navn_OZRxPNWSH3Y.jpg\" alt=\"\" class=\"brick-c-cFOWSL\" style=\"\"\/><\/p>\n<p>\n            Les ogs\u00e5<\/p>\n<p>              Listhaug p\u00e5 grensehandel: \u2013 Det er jo litt spr\u00f8tt\n        <\/p>\n<p>  <\/a><br \/>\n  Kritisk til h\u00f8ye priser<\/p>\n<p>Butikkenes egne merkevarer (EMV) er produkter som selges under dagligvarekjedens eget navn, selv om de ofte er produsert av eksterne leverand\u00f8rer.<\/p>\n<p>Selv om disse ofte er lovet \u00e5 ha en lavere pris enn alternativene, mener ikke Brandset at dette er tilfellet:<\/p>\n<p><b>\u2013 Sist gang jeg var i en vanlig butikk, som n\u00e5 er noen uker siden, s\u00e5 var det ikke veldig stor prisforskjell p\u00e5 de egne merkevarene og standard produkter. Hva er da vitsen?<\/b><\/p>\n<p>  <a href=\"https:\/\/www.nationen.no\/5-148-777773\" class=\"related-teaser has-image default-story-teaser article--c-eRUmMG article--c-eRUmMG-jKCPdD-design-default\" rel=\"nofollow noopener\" target=\"_blank\"><\/p>\n<p>    <img decoding=\"async\" loading=\"lazy\"  src=\"https:\/\/www.europesays.com\/no\/wp-content\/uploads\/2025\/09\/68DiYflqCvB5qMiB-8A6E3fj_MM.jpg\" alt=\"\" class=\"brick-c-cFOWSL\" style=\"\"\/><\/p>\n<p>\n            Les ogs\u00e5<\/p>\n<p>              Dagligvareekspert: Dette tror han skjer med matprisene etter gigantboten\n        <\/p>\n<p>  <\/a><\/p>\n<p>Som mange andre forbrukere, reagerer hun p\u00e5 prisstigningen p\u00e5 mat og drikke de siste \u00e5rene. Hun er ogs\u00e5 bekymret for hvem som skal betale for Konkurransetilsynets dom om prissamarbeid mellom dagligvarekjedene:<\/p>\n<p>\u2013 Alle vet jo at det er forbrukerne som betaler for det til slutt.<\/p>\n<p>Ivar Pettersen, samfunns\u00f8konom i Alo-Analyse, mener at det er behov for engasjerte forbrukere som Brandset.<\/p>\n<p>\u2013 Jeg tror ogs\u00e5 det kan ha positiv effekt av forbrukere mer aktivt ser etter alternativer til en ganske ensartet dagligvarehandel, som er dominert cirka 65 prosent av lavpriskjeder og med stadig mer komplekse former for priskonkurranse som kuponger og lojalitetsbonuser, sier han til Nationen.<\/p>\n<p>Pettersen, som har ledet to arbeidsm\u00f8ter om strategi for Dagligvaretilsynet, mener samtidig at det er krevende \u00e5 f\u00e5 nok innflytelse alene.<\/p>\n<p>\u2013 Aller viktigst for forbrukerne er det at vi har et effektivt Konkurransetilsyn og kompetent Forbrukerr\u00e5d med kapasitet til \u00e5 h\u00e5ndtere forbrukernes henvendelser.<\/p>\n<p><b>Det skjer likevel utvikling p\u00e5 feltet, mener han. Spesielt er det \u00e9n ting som dagligvarekjedene fortjener ros for: <\/b><\/p>\n<p>\u2013 Faktisk er dagligvarehandelen ganske konstruktive bidragsytere til \u00e5 f\u00e5 fram det som for eksempel kalles \u00abmatskatter\u00bb. De f\u00e5r skryt for \u00e5 \u00e5pne sine hyller av produsenter av \u00f8kologiske produkter, ofte mer skryt enn jordbrukets egne samvirker, sier han.<\/p>\n<p>  <a href=\"https:\/\/www.nationen.no\/5-148-788726\" class=\"related-teaser has-image default-story-teaser article--c-eRUmMG article--c-eRUmMG-jKCPdD-design-default\" rel=\"nofollow noopener\" target=\"_blank\"><\/p>\n<p>    <img decoding=\"async\" loading=\"lazy\"  src=\"https:\/\/www.europesays.com\/no\/wp-content\/uploads\/2025\/09\/nordstad+med+melk+og+vann.JPG\" alt=\"\" class=\"brick-c-cFOWSL\" style=\"\"\/><\/p>\n<p>\n            Les ogs\u00e5<\/p>\n<p>              Beskylder Nordstad for \u00e5 dikte om matpriser\n        <\/p>\n<p>  <\/a><br \/>\n  H\u00e5per p\u00e5 en bevegelse<\/p>\n<p>Brandset h\u00e5per at flere vil slenge seg p\u00e5 boikotten og skape en folkebevegelse.<\/p>\n<p><b>\u2013 Det at \u00e9n person boikotter er jo en dr\u00e5pe i havet for de store dagligvaregigantene, men det har veldig mye \u00e5 si for de sm\u00e5 og lokale akt\u00f8rene. Det er der skoen trykker mest. Vi m\u00e5 bli flinkere til \u00e5 bruke de sm\u00e5, sier hun.<\/b><\/p>\n<p>Hennes budskap til forbrukere som f\u00f8ler seg maktesl\u00f8se, er \u00e5 legge mer press p\u00e5 kjedene.<\/p>\n<p>\u2013 Hvis man er flere som legger litt press p\u00e5 de store kjedene, at man forh\u00e5pentligvis kan gj\u00f8re noen endringer. Sp\u00f8r om \u00e5 f\u00e5 inn flere lokale produkter, dropp butikkenes egne merkevarer, og gj\u00f8r andre sm\u00e5 grep, sier Brandset.<\/p>\n<p><b>\u2013 Det handler om holdningsendring blant de store kjedene ogs\u00e5, og da m\u00e5 man jo starte en plass.<\/b><\/p>\n<p>  <a href=\"https:\/\/www.nationen.no\/5-148-780838\" class=\"related-teaser has-image default-story-teaser article--c-eRUmMG article--c-eRUmMG-jKCPdD-design-default\" rel=\"nofollow noopener\" target=\"_blank\"><\/p>\n<p>    <img decoding=\"async\" loading=\"lazy\"  src=\"https:\/\/www.europesays.com\/no\/wp-content\/uploads\/2025\/09\/IMG_0921.jpeg\" alt=\"\" class=\"brick-c-cFOWSL\" style=\"\"\/><\/p>\n<p>\n            Les ogs\u00e5<\/p>\n<p>              Sp\u00e5r matprisoppr\u00f8r i Norge: \u2013 Det lukter r\u00e5ttent\n        <\/p>\n<p>  <\/a><\/p>\n<p>  <a href=\"https:\/\/www.nationen.no\/5-148-769455\" class=\"related-teaser has-image default-opinion-teaser article--c-eRUmMG article--c-eRUmMG-jKCPdD-design-default\" rel=\"nofollow noopener\" target=\"_blank\"><\/p>\n<p>    <img decoding=\"async\" loading=\"lazy\"  src=\"https:\/\/www.europesays.com\/no\/wp-content\/uploads\/2025\/08\/last+ned+(53)_1.jfif\" alt=\"\" class=\"brick-c-cFOWSL\" style=\"\"\/><\/p>\n<p>\n            Les ogs\u00e5<\/p>\n<p>              EMV er ikke n\u00f8dvendigvis et onde\n        <\/p>\n<p>  <\/a><\/p>\n<p><script async src=\"\/\/www.instagram.com\/embed.js\"><\/script><script async src=\"\/\/www.tiktok.com\/embed.js\"><\/script><\/p>\n","protected":false},"excerpt":{"rendered":"Henriette Bergliot Rulnes Brandset har den siste tiden snudd matvanene sine p\u00e5 hodet. I en m\u00e5ned skal hun&hellip;\n","protected":false},"author":2,"featured_media":38080,"comment_status":"","ping_status":"","sticky":false,"template":"","format":"standard","meta":{"footnotes":""},"categories":[56],"tags":[36,6061,60,1749,824,61,6062,1229,62,30,28,319,29,3552,1510],"class_list":{"0":"post-38179","1":"post","2":"type-post","3":"status-publish","4":"format-standard","5":"has-post-thumbnail","7":"category-naeringsliv","8":"tag-art","9":"tag-boikott","10":"tag-business","11":"tag-coop","12":"tag-dagligvare","13":"tag-economy","14":"tag-emv","15":"tag-matpriser","16":"tag-naeringsliv","17":"tag-no","18":"tag-norge","19":"tag-norgesgruppen","20":"tag-norway","21":"tag-reitan","22":"tag-story"},"share_on_mastodon":{"url":"","error":""},"_links":{"self":[{"href":"https:\/\/www.europesays.com\/no\/wp-json\/wp\/v2\/posts\/38179","targetHints":{"allow":["GET"]}}],"collection":[{"href":"https:\/\/www.europesays.com\/no\/wp-json\/wp\/v2\/posts"}],"about":[{"href":"https:\/\/www.europesays.com\/no\/wp-json\/wp\/v2\/types\/post"}],"author":[{"embeddable":true,"href":"https:\/\/www.europesays.com\/no\/wp-json\/wp\/v2\/users\/2"}],"replies":[{"embeddable":true,"href":"https:\/\/www.europesays.com\/no\/wp-json\/wp\/v2\/comments?post=38179"}],"version-history":[{"count":0,"href":"https:\/\/www.europesays.com\/no\/wp-json\/wp\/v2\/posts\/38179\/revisions"}],"wp:featuredmedia":[{"embeddable":true,"href":"https:\/\/www.europesays.com\/no\/wp-json\/wp\/v2\/media\/38080"}],"wp:attachment":[{"href":"https:\/\/www.europesays.com\/no\/wp-json\/wp\/v2\/media?parent=38179"}],"wp:term":[{"taxonomy":"category","embeddable":true,"href":"https:\/\/www.europesays.com\/no\/wp-json\/wp\/v2\/categories?post=38179"},{"taxonomy":"post_tag","embeddable":true,"href":"https:\/\/www.europesays.com\/no\/wp-json\/wp\/v2\/tags?post=38179"}],"curies":[{"name":"wp","href":"https:\/\/api.w.org\/{rel}","templated":true}]}}