{"id":38200,"date":"2025-09-17T22:02:15","date_gmt":"2025-09-17T22:02:15","guid":{"rendered":"https:\/\/www.europesays.com\/no\/38200\/"},"modified":"2025-09-17T22:02:15","modified_gmt":"2025-09-17T22:02:15","slug":"blir-alltid-snakk-om-det","status":"publish","type":"post","link":"https:\/\/www.europesays.com\/no\/38200\/","title":{"rendered":"&#8211; Blir alltid snakk om det"},"content":{"rendered":"<p>  Karsten Warholm (29) jogget inn til VM-finale p\u00e5 400 meter hekk. N\u00e5 stilles det nok en gang sp\u00f8rsm\u00e5l om verdensrekorden.<\/p>\n<p>\n    GREI SKURING: Karsten Warholm tok seg enkelt til finalen og fikk det som han ville med andreplass. Foto: Andrej ISAKOVIC \/ AFP \/ NTB\n  <\/p>\n<p>TOKYO (Dagbladet): Karsten Warholm er klar for VM-finale. 29-\u00e5ringen l\u00f8p kontrollert i bane fire, og bremset godt ned p\u00e5 slutten.\u00a0<\/p>\n<p>Nordmannen jogget inn til en andreplass p\u00e5 tida 47,72.\u00a0<\/p>\n<p class=\"font-weight-bold m-font-weight-bold\" data-lab-font_weight=\"font-weight-bold\"> &#8211; Det er interessant at han tidlig slipper p\u00e5 gassen og fortsatt kommer p\u00e5 47,72, istemmer Vebj\u00f8rn Rodal. <\/p>\n<p>F\u00f8r l\u00f8pet sa trener Leif Olav Alnes at han h\u00e5pet p\u00e5 en andreplass. Det ville bety at Warholm i beste fall kunne f\u00e5 en bedre bane i finalen.\u00a0<\/p>\n<p>&#8211; Jeg ble i alle fall nummer to, s\u00e5 jeg er forn\u00f8yd. Jeg f\u00e5r gode svar. Bare at jeg hadde kontroll. Det er en god f\u00f8lelse i et semifinale-heat, sier Warholm.<\/p>\n<p>&#8211; Jeg syns egentlig det var veldig bra. Jeg hadde litt lyst til \u00e5 teste speeden, se om det svarte der. Jeg ville bare ha gode svar. S\u00e5 slakket jeg litt av p\u00e5 slutten. Samba var veldig ivrig p\u00e5 den f\u00f8rsteplassen, s\u00e5 den ga jeg pent og pyntelig til ham, sier Warholm til skrivende presse.<\/p>\n<p>&#8211; Jeg tror passeringen p\u00e5 300 var veldig bra, sier Warholm om den solide starten i l\u00f8pet.<\/p>\n<p class=\"italic m-italic\" data-lab-italic=\"italic\">&#8211; Var det perfekte forhold i dag?<\/p>\n<p>&#8211; Det var veldig varmt. Jeg syns det var veldig, veldig varmt i dag. Men det m\u00e5 vi bare ta som det er. Det er mye varmere i dag enn p\u00e5 mandag, sier Warholm til Dagbladet, og sikter til da han l\u00f8p fors\u00f8ket.<\/p>\n<p>          <img loading=\"lazy\" decoding=\"async\" src=\"https:\/\/www.europesays.com\/no\/wp-content\/uploads\/2025\/09\/1758146533_4_83606605.webp\" width=\"686\" height=\"392\" title=\"ENKELT VIDERE: Karsten Warholm hadde ingen problemer med \u00e5 ta seg til VM-finalen. Foto: Heiko Junge \/ NTB\" alt=\"\" class=\"\" style=\"--aspect-ratio-image: 1.75; \"\/><\/p>\n<p>\n          ENKELT VIDERE: Karsten Warholm hadde ingen problemer med \u00e5 ta seg til VM-finalen. Foto: Heiko Junge \/ NTB\n      <\/p>\n<p>Jakter sitt fjerde VM-gull\t<\/p>\n<p>Warholm l\u00f8p i heat 1. Nordmannens to store rivaler, Rai Benjamin og Alison dos Santos, l\u00f8p begge i heat 3. Amerikanske Benjamin vant enkelt foran Dos Santos, som tidlig i l\u00f8pet smalt kneet i den ene hekken.\u00a0<\/p>\n<p class=\"font-weight-bold m-font-weight-bold\" data-lab-font_weight=\"font-weight-bold\">Warholm jakter sitt fjerde VM-gull i Tokyo, etter \u00e5 ha g\u00e5tt til topps p\u00e5 \u00f8velsen i London (2017), Doha (2019) og Budapest (2023). 29-\u00e5ringen satte ogs\u00e5 verdensrekorden (45.94) i nettopp Tokyo under OL i 2021.<\/p>\n<p class=\"font-weight-normal m-font-weight-normal\" data-lab-font_weight=\"font-weight-normal\">&#8211; Det kommer alltid til \u00e5 bli snakk om det. Men helt \u00e6rlig, jeg vil egentlig bare pr\u00f8ve \u00e5 vinne l\u00f8pet, sier Warholm om muligheten for ny rekord.<\/p>\n<p>29-\u00e5ringen satte \u00e5rsbeste i verden da han klokket inn til 46,28 i et stevne i Polen 16. august. Det er den nest beste tiden Warholm har p\u00e5 distansen.<\/p>\n<p class=\"italic m-italic\" data-lab-italic=\"italic\">Finalen p\u00e5 400 meter hekk g\u00e5r fredag klokka 14.15 norsk tid.<\/p>\n<p>          <img loading=\"lazy\" decoding=\"async\" src=\"https:\/\/www.europesays.com\/no\/wp-content\/uploads\/2025\/09\/1758146534_837_83606732.webp\" width=\"980\" height=\"559\" title=\"BARE NESTEN: Amalie Iuel l\u00f8p inn til ny pers, men VM-finalen glapp. Foto: Heiko Junge \/ NTB\" alt=\"\" class=\"\" style=\"--aspect-ratio-image: 1.75; \"\/><\/p>\n<p>\n          BARE NESTEN: Amalie Iuel l\u00f8p inn til ny pers, men VM-finalen glapp. Foto: Heiko Junge \/ NTB\n      <\/p>\n<p>Iuel: &#8211; Surt\t<\/p>\n<p class=\"no_italic m-no_italic\" data-lab-italic=\"\">Amalie Iuel har hatt en fremragende sesong, og var gira p\u00e5 \u00e5 toppe det med en VM-finale. Det klarte hun ikke.\u00a0<\/p>\n<p class=\"no_italic m-no_italic\" data-lab-italic=\"\"> I heatet ble hun nummer tre, men tiden var ikke god nok for \u00e5 ta seg til finalen. Hun var bare 25 hundredeler unna andreplassen og finalebillett.<\/p>\n<p class=\"no_italic m-no_italic\" data-lab-italic=\"\"> &#8211; Det skulle v\u00e6rt 420 meter hekk. Da hadde jeg kanskje hatt bedre sjans. Men nei, det var selvf\u00f8lgelig litt surt \u00e5 se at finalen akkurat glapp. Jeg ble nummer ti faktisk. Det er en stor prestasjon for min del, sier hun til Dagbladet og \u00f8vrig skrivende presse og fortsetter:<\/p>\n<p class=\"no_italic m-no_italic\" data-lab-italic=\"\">&#8211; Det er ogs\u00e5 veldig g\u00f8y \u00e5 perse i en VM-semifinale. Det betyr jo at jeg aldri har l\u00f8pt fortere, s\u00e5 jeg er jo happy med det. Men kunne det ikke g\u00e5tt litt fortere, da?<\/p>\n<p>        Molly Caudery fikk VM-dr\u00f8mmen knust. Video: NRK<\/p>\n<p>    <a itemprop=\"url\" href=\"https:\/\/www.dagbladet.no\/sport\/reagerte-pa-bildene\/83601434\" rel=\"nofollow noopener\" target=\"_blank\"><\/p>\n<p>      <img loading=\"lazy\" decoding=\"async\" src=\"https:\/\/www.europesays.com\/no\/wp-content\/uploads\/2025\/09\/1758146535_234_83601575.webp\" width=\"980\" height=\"441\" title=\"Reagerte p\u00e5 bildene\" alt=\"\" class=\"lazyload\" style=\"--aspect-ratio-image: 2.22; \"\/><\/p>\n<p>        Reagerte p\u00e5 bildene<\/p>\n<p>    <\/a><\/p>\n","protected":false},"excerpt":{"rendered":"Karsten Warholm (29) jogget inn til VM-finale p\u00e5 400 meter hekk. N\u00e5 stilles det nok en gang sp\u00f8rsm\u00e5l&hellip;\n","protected":false},"author":2,"featured_media":38201,"comment_status":"","ping_status":"","sticky":false,"template":"","format":"standard","meta":{"footnotes":""},"categories":[5],"tags":[20,21,24,25,15,19,2196,22,23,17,18,13,30,28,29,14,16,83,26,27,5131],"class_list":{"0":"post-38200","1":"post","2":"type-post","3":"status-publish","4":"format-standard","5":"has-post-thumbnail","7":"category-overskrifter","8":"tag-breaking-news","9":"tag-breakingnews","10":"tag-featured-news","11":"tag-featurednews","12":"tag-headlines","13":"tag-hovedoppslag","14":"tag-karsten-warholm","15":"tag-latest-news","16":"tag-latestnews","17":"tag-main-news","18":"tag-mainnews","19":"tag-news","20":"tag-no","21":"tag-norge","22":"tag-norway","23":"tag-nyheter","24":"tag-overskrifter","25":"tag-sport","26":"tag-top-stories","27":"tag-topstories","28":"tag-vm-i-friidrett"},"share_on_mastodon":{"url":"","error":""},"_links":{"self":[{"href":"https:\/\/www.europesays.com\/no\/wp-json\/wp\/v2\/posts\/38200","targetHints":{"allow":["GET"]}}],"collection":[{"href":"https:\/\/www.europesays.com\/no\/wp-json\/wp\/v2\/posts"}],"about":[{"href":"https:\/\/www.europesays.com\/no\/wp-json\/wp\/v2\/types\/post"}],"author":[{"embeddable":true,"href":"https:\/\/www.europesays.com\/no\/wp-json\/wp\/v2\/users\/2"}],"replies":[{"embeddable":true,"href":"https:\/\/www.europesays.com\/no\/wp-json\/wp\/v2\/comments?post=38200"}],"version-history":[{"count":0,"href":"https:\/\/www.europesays.com\/no\/wp-json\/wp\/v2\/posts\/38200\/revisions"}],"wp:featuredmedia":[{"embeddable":true,"href":"https:\/\/www.europesays.com\/no\/wp-json\/wp\/v2\/media\/38201"}],"wp:attachment":[{"href":"https:\/\/www.europesays.com\/no\/wp-json\/wp\/v2\/media?parent=38200"}],"wp:term":[{"taxonomy":"category","embeddable":true,"href":"https:\/\/www.europesays.com\/no\/wp-json\/wp\/v2\/categories?post=38200"},{"taxonomy":"post_tag","embeddable":true,"href":"https:\/\/www.europesays.com\/no\/wp-json\/wp\/v2\/tags?post=38200"}],"curies":[{"name":"wp","href":"https:\/\/api.w.org\/{rel}","templated":true}]}}