{"id":38214,"date":"2025-09-17T22:23:09","date_gmt":"2025-09-17T22:23:09","guid":{"rendered":"https:\/\/www.europesays.com\/no\/38214\/"},"modified":"2025-09-17T22:23:09","modified_gmt":"2025-09-17T22:23:09","slug":"en-hilsen-fra-sutrete-russ","status":"publish","type":"post","link":"https:\/\/www.europesays.com\/no\/38214\/","title":{"rendered":"En hilsen fra \u00absutrete\u00bb russ"},"content":{"rendered":"<p>   <strong class=\"_name_ygndg_51 title-serif-xs\">Av: LISA BREKKE M\u00d8LLER<\/strong><\/p>\n<p class=\"_paragraph_ew2ao_4 text-sans-m _description_ygndg_56\">Russepresident 2027 ved Hartvig Nissens skole<\/p>\n<p class=\"_paragraph_ew2ao_4 _paragraph_xtcu6_10 layout-component text-serif-m layout-normal text-serif-m layout-padded\">For mange norske ungdommer er russetiden viktig. <\/p>\n<p class=\"_paragraph_ew2ao_4 _paragraph_xtcu6_10 layout-component text-serif-m layout-normal text-serif-m layout-padded\">N\u00e5 har politikerne igjen v\u00e6rt inne og <a href=\"https:\/\/www.vg.no\/nyheter\/i\/nyp2vJ\/russen-faar-ikke-lenger-sitte-sidestilt-eller-staa-under-kjoering\" data-track-element-type=\"Link\" data-track-id=\"link:nyp2vJ\" class=\"_link_ew2ao_39\" rel=\"nofollow noopener\" target=\"_blank\">tuklet med feiringen<\/a> \u2013 og denne gangen g\u00e5r det hardt utover bussrussen.bussrussen.Russ som er p\u00e5 buss.<\/p>\n<p class=\"_paragraph_ew2ao_4 _paragraph_xtcu6_10 layout-component text-serif-m layout-normal text-serif-m layout-padded\">Fra 2026 blir de ber\u00f8mte sidestilte setene forbudt.<\/p>\n<p class=\"_paragraph_ew2ao_4 _paragraph_xtcu6_10 layout-component text-serif-m layout-normal text-serif-m layout-padded\">For russen betyr det penger rett ned i vasken. <\/p>\n<p><img alt=\"Kunnskapsminister Kari Nessa Nordtun (Ap).  Foto: Carina Johansen \/ NTB\" class=\"_image_qp4xg_65 layout-component layout-normal\" data-fullscreen- data-track-element-type=\"Article image fullscreen\" data-track-name=\"ImageFullscreen\" decoding=\"async\" loading=\"lazy\" height=\"4092\" itemprop=\"image\"  src=\"https:\/\/www.europesays.com\/no\/wp-content\/uploads\/2025\/09\/61e6f155-ff78-4df8-ba15-aa8d5fe95e65\"  style=\"object-position:0% 0%\" width=\"3862\"\/>Kunnskapsminister Kari Nessa Nordtun (Ap).  Foto: Carina Johansen \/ NTBNye regler for russebusser<\/p>\n<ul class=\"_list_ew2ao_3 _list_xtcu6_9 _list_16v91_9 _unordered_ew2ao_99 layout-component text-serif-m layout-normal text-sans-m layout-padded\">\n<li class=\"_item_ew2ao_30\"><strong class=\"_strong_ew2ao_25\">Hva endres:<\/strong> Det blir forbudt med st\u00e5plasser under kj\u00f8ring, og sidestilte seter blir ikke lenger tillatt.<\/li>\n<li class=\"_item_ew2ao_30\"><strong class=\"_strong_ew2ao_25\">Konsekvens:<\/strong> Russebusser med sidestilte seter eller st\u00e5plasser kan ikke brukes til rulling. Mange eksisterende busser m\u00e5 derfor bygges om eller settes ut av bruk.<\/li>\n<li class=\"_item_ew2ao_30\"><strong class=\"_strong_ew2ao_25\">Gyldig fra:<\/strong> 1. januar 2026.<\/li>\n<li class=\"_item_ew2ao_30\"><strong class=\"_strong_ew2ao_25\">Bakgrunn:<\/strong> Regjeringen strammer inn regelverket for \u00e5 \u00f8ke trafikksikkerheten og s\u00f8rge for at russebusser f\u00f8lger samme standard som andre busser.<\/li>\n<\/ul>\n<p>Vis mer<\/p>\n<p class=\"_paragraph_ew2ao_4 _paragraph_xtcu6_10 layout-component text-serif-m layout-normal text-serif-m layout-padded\">For mange er dette bare en seteregel. Men for russen er det snakk om mye penger, tid og innsats. <\/p>\n<p class=\"_paragraph_ew2ao_4 _paragraph_xtcu6_10 layout-component text-serif-m layout-normal text-serif-m layout-padded\"><strong class=\"_strong_ew2ao_25\">Russen ba lenge om en overgangsperiode. Men de ble ikke h\u00f8rt.<\/strong><\/p>\n<p class=\"_paragraph_ew2ao_4 _paragraph_xtcu6_10 layout-component text-serif-m layout-normal text-serif-m layout-padded\">Plutselig har regjeringen gjort millioninvesteringen til hundrevis av unge om til blikkboks.<\/p>\n<p class=\"_paragraph_ew2ao_4 _paragraph_xtcu6_10 layout-component text-serif-m layout-normal text-serif-m layout-padded\">Varslingen har v\u00e6rt for d\u00e5rlig, og innf\u00f8ringen kommer altfor raskt. I \u00e5revis skjedde det ingenting \u2013 saken l\u00e5 der som en tom trussel.<\/p>\n<p><img alt=\"Foto: Gabriel Aas Sk\u00e5levik \/ VG\" class=\"_image_qp4xg_65 layout-component layout-normal\" data-fullscreen- data-track-element-type=\"Article image fullscreen\" data-track-name=\"ImageFullscreen\" decoding=\"async\" loading=\"lazy\" height=\"3978\" itemprop=\"image\"  src=\"https:\/\/www.europesays.com\/no\/wp-content\/uploads\/2025\/09\/75a9590e-97cc-4450-8014-1e7cd2aed972\"  style=\"object-position:0% 0%\" width=\"3467\"\/>Foto: Gabriel Aas Sk\u00e5levik \/ VG<\/p>\n<p class=\"_paragraph_ew2ao_4 _paragraph_xtcu6_10 layout-component text-serif-m layout-normal text-serif-m layout-padded\">Arbeiderpartiet sier de vil totalrenovere russetiden. Politikerne insisterer p\u00e5 at de unner oss en verdig feiring.<\/p>\n<p class=\"_paragraph_ew2ao_4 _paragraph_xtcu6_10 layout-component text-serif-m layout-normal text-serif-m layout-padded\"><strong class=\"_strong_ew2ao_25\">Men hvor verdig er det egentlig? <\/strong><\/p>\n<p class=\"_paragraph_ew2ao_4 _paragraph_xtcu6_10 layout-component text-serif-m layout-normal text-serif-m layout-padded\">N\u00e5r russekl\u00e6r er forbudt p\u00e5 skolen, n\u00e5r eksamen legges midt i feiringen, og n\u00e5r enkelte fylker bare f\u00e5r \u00e9n uke med russetid? <\/p>\n<p class=\"_paragraph_ew2ao_4 _paragraph_xtcu6_10 layout-component text-serif-m layout-normal text-serif-m layout-padded\">Blant de hundrevis av registrerte russekj\u00f8ret\u00f8yene finnes 36 veteranbusser med sidestilte seter. <\/p>\n<p class=\"_paragraph_ew2ao_4 _paragraph_xtcu6_10 layout-component text-serif-m layout-normal text-serif-m layout-padded\">Og om noen tror at A-satsebusseneA-satsebusseneEn satsebuss er en russebuss der det brukes mye tid og penger p\u00e5 utstyr, utseende og status. i Oslo gir opp tradisjon etter fem \u00e5rs planlegging \u2013 bare for \u00e5 slippe en bakfull eksamen \u2013 s\u00e5 tar de grundig feil.<\/p>\n<p class=\"_paragraph_ew2ao_4 _paragraph_xtcu6_10 layout-component text-serif-m layout-normal text-serif-m layout-padded\">Regjeringen sier forbudet handler om trafikksikkerhet. De kaller det ogs\u00e5 et inkluderingstiltak. <\/p>\n<p class=\"_paragraph_ew2ao_4 _paragraph_xtcu6_10 layout-component text-serif-m layout-normal text-serif-m layout-padded\">Problemet er at resultatet blir det motsatte: Fellesskap bygges ned.<\/p>\n<p class=\"_paragraph_ew2ao_4 _paragraph_xtcu6_10 layout-component text-serif-m layout-normal text-serif-m layout-padded\">For russefeiringen i Norge er noe helt eget.<\/p>\n<p class=\"_paragraph_ew2ao_4 _paragraph_xtcu6_10 layout-component text-serif-m layout-normal text-serif-m layout-padded\">Etter tretten \u00e5r p\u00e5 skolebenken samler man en gjeng, jobber p\u00e5 dugnad, lager l\u00e5t, trykker klistremerker og kl\u00e6r, og bygger et prosjekt sammen.<\/p>\n<p class=\"_paragraph_ew2ao_4 _paragraph_xtcu6_10 layout-component text-serif-m layout-normal text-serif-m layout-padded\">Det fellesskapet b\u00f8r vi ta vare p\u00e5. <\/p>\n<p class=\"_paragraph_ew2ao_4 _paragraph_xtcu6_10 layout-component text-serif-m layout-normal text-serif-m layout-padded\">Vi m\u00e5 skape gode milj\u00f8er ogs\u00e5 for de som ikke er med i buss eller grupper \u2013 ikke rive ned det som allerede finnes. <\/p>\n<p class=\"_paragraph_ew2ao_4 _paragraph_xtcu6_10 layout-component text-serif-m layout-normal text-serif-m layout-padded\"><strong class=\"_strong_ew2ao_25\">Man fjerner heller ikke grupperinger, man lager bare nye.<\/strong><\/p>\n<p class=\"_paragraph_ew2ao_4 _paragraph_xtcu6_10 layout-component text-serif-m layout-normal text-serif-m layout-padded\">De som slipper \u00e5 bygge om bussene, klatrer i skoleg\u00e5rdens rangstige. De som m\u00e5 bruke hundretusener p\u00e5 omrigging, faller ned.<\/p>\n<p><img alt=\"Foto: Bastian Lunde Hvitmyhr \/ VG\" class=\"_image_qp4xg_65 layout-component layout-normal\" data-fullscreen- data-track-element-type=\"Article image fullscreen\" data-track-name=\"ImageFullscreen\" decoding=\"async\" loading=\"lazy\" height=\"2944\" itemprop=\"image\"  src=\"https:\/\/www.europesays.com\/no\/wp-content\/uploads\/2025\/09\/0c5989da-9bc3-4170-8929-0a1d3ee1d33f\"  style=\"object-position:0% 0%\" width=\"2328\"\/>Foto: Bastian Lunde Hvitmyhr \/ VG<\/p>\n<p class=\"_paragraph_ew2ao_4 _paragraph_xtcu6_10 layout-component text-serif-m layout-normal text-serif-m layout-padded\"><strong class=\"_strong_ew2ao_25\">\u00c5rets russetid er allerede preget av kompromisser. <\/strong><\/p>\n<p class=\"_paragraph_ew2ao_4 _paragraph_xtcu6_10 layout-component text-serif-m layout-normal text-serif-m layout-padded\">F\u00f8rst ble feiringen flyttet bort fra 17. mai. N\u00e5 m\u00e5 vi ogs\u00e5 m\u00f8te politikerne p\u00e5 midten om setene.<\/p>\n<p class=\"_paragraph_ew2ao_4 _paragraph_xtcu6_10 layout-component text-serif-m layout-normal text-serif-m layout-padded\">At de sidestilte setene fases ut, mener jeg er greit. Men da m\u00e5 det skje gradvis.<\/p>\n<p class=\"_paragraph_ew2ao_4 _paragraph_xtcu6_10 layout-component text-serif-m layout-normal text-serif-m layout-padded\">For vi setter ikke propp i oljekranen over natten. <\/p>\n<p class=\"_paragraph_ew2ao_4 _paragraph_xtcu6_10 layout-component text-serif-m layout-normal text-serif-m layout-padded\">P\u00e5 samme m\u00e5te b\u00f8r ikke russebusskulturen stanses br\u00e5tt.<\/p>\n<p class=\"_paragraph_ew2ao_4 _paragraph_xtcu6_10 layout-component text-serif-m layout-normal text-serif-m layout-padded\">Ungdom har spart og planlagt i \u00e5revis. <\/p>\n<p class=\"_paragraph_ew2ao_4 _paragraph_xtcu6_10 layout-component text-serif-m layout-normal text-serif-m layout-padded\">Det \u00f8konomiske tapet vi n\u00e5 st\u00e5r overfor er enormt.<\/p>\n<p class=\"_paragraph_ew2ao_4 _paragraph_xtcu6_10 layout-component text-serif-m layout-normal text-serif-m layout-padded\">Vi vil ha tre ting: <\/p>\n<p class=\"_paragraph_ew2ao_4 _paragraph_xtcu6_10 layout-component text-serif-m layout-normal text-serif-m layout-padded\">Satse p\u00e5 inkluderende tiltak, utfasing i stedet for fullbrems, og en avgangsfeiring som faktisk er verdig.<\/p>\n<p>      Dette er en kronikk. Kronikken gir uttrykk for skribentens holdning. Du kan sende inn kronikker og debattinnlegg til <a class=\"_link_jv5ak_10\" href=\"https:\/\/www.vg.no\/nyheter\/i\/3Mv2Jq\/mailto:debatt@vg.no\" rel=\"nofollow noopener\" target=\"_blank\">debatt@vg.no<\/a>. Unge meninger-prosjektet er finansiert med st\u00f8tte av Stiftelsen Tinius. <a class=\"_link_jv5ak_10\" href=\"https:\/\/www.vg.no\/informasjon\/redaksjonelle-avgjorelser\/240\" rel=\"nofollow noopener\" target=\"_blank\">Les mer<\/a>. <\/p>\n","protected":false},"excerpt":{"rendered":"Av: LISA BREKKE M\u00d8LLER Russepresident 2027 ved Hartvig Nissens skole For mange norske ungdommer er russetiden viktig. N\u00e5&hellip;\n","protected":false},"author":2,"featured_media":38215,"comment_status":"","ping_status":"","sticky":false,"template":"","format":"standard","meta":{"footnotes":""},"categories":[5],"tags":[20,21,24,25,15,19,22,23,17,18,13,30,28,29,14,16,3750,5813,26,27,103],"class_list":{"0":"post-38214","1":"post","2":"type-post","3":"status-publish","4":"format-standard","5":"has-post-thumbnail","7":"category-overskrifter","8":"tag-breaking-news","9":"tag-breakingnews","10":"tag-featured-news","11":"tag-featurednews","12":"tag-headlines","13":"tag-hovedoppslag","14":"tag-latest-news","15":"tag-latestnews","16":"tag-main-news","17":"tag-mainnews","18":"tag-news","19":"tag-no","20":"tag-norge","21":"tag-norway","22":"tag-nyheter","23":"tag-overskrifter","24":"tag-russ","25":"tag-russetid","26":"tag-top-stories","27":"tag-topstories","28":"tag-vgmeninger"},"share_on_mastodon":{"url":"","error":""},"_links":{"self":[{"href":"https:\/\/www.europesays.com\/no\/wp-json\/wp\/v2\/posts\/38214","targetHints":{"allow":["GET"]}}],"collection":[{"href":"https:\/\/www.europesays.com\/no\/wp-json\/wp\/v2\/posts"}],"about":[{"href":"https:\/\/www.europesays.com\/no\/wp-json\/wp\/v2\/types\/post"}],"author":[{"embeddable":true,"href":"https:\/\/www.europesays.com\/no\/wp-json\/wp\/v2\/users\/2"}],"replies":[{"embeddable":true,"href":"https:\/\/www.europesays.com\/no\/wp-json\/wp\/v2\/comments?post=38214"}],"version-history":[{"count":0,"href":"https:\/\/www.europesays.com\/no\/wp-json\/wp\/v2\/posts\/38214\/revisions"}],"wp:featuredmedia":[{"embeddable":true,"href":"https:\/\/www.europesays.com\/no\/wp-json\/wp\/v2\/media\/38215"}],"wp:attachment":[{"href":"https:\/\/www.europesays.com\/no\/wp-json\/wp\/v2\/media?parent=38214"}],"wp:term":[{"taxonomy":"category","embeddable":true,"href":"https:\/\/www.europesays.com\/no\/wp-json\/wp\/v2\/categories?post=38214"},{"taxonomy":"post_tag","embeddable":true,"href":"https:\/\/www.europesays.com\/no\/wp-json\/wp\/v2\/tags?post=38214"}],"curies":[{"name":"wp","href":"https:\/\/api.w.org\/{rel}","templated":true}]}}