{"id":38242,"date":"2025-09-17T23:35:07","date_gmt":"2025-09-17T23:35:07","guid":{"rendered":"https:\/\/www.europesays.com\/no\/38242\/"},"modified":"2025-09-17T23:35:07","modified_gmt":"2025-09-17T23:35:07","slug":"det-er-all-grunn-til-a-tro-pa-navalnyjs-enke","status":"publish","type":"post","link":"https:\/\/www.europesays.com\/no\/38242\/","title":{"rendered":"Det er all grunn til \u00e5 tro p\u00e5 Navalnyjs enke"},"content":{"rendered":"\n<p class=\"_lead_ew2ao_2 _lead_xtcu6_50 layout-component text-serif-m layout-normal text-serif-l layout-component layout-normal layout-padded layout-padded\">Det har aldri v\u00e6rt noen tvil om at Vladimir Putin var ansvarlig for Aleksej Navalnyjs d\u00f8d. Det er ogs\u00e5 grunn til \u00e5 tro p\u00e5 enkens nye p\u00e5stand om at han ble giftdrept.<\/p>\n<p>Skriver om krigen i Ukraina, sjakk, Formel 1, idrettspolitikk, m.m.. Utdannet ved NMBU og Moskvas statsuniversitet. Hobbybonde.<\/p>\n<p><a href=\"https:\/\/www.vg.no\/nyheter\/i\/4BM2m9\/mailto:ole.kristian.strom@vg.no\" class=\"_button_6bkpv_2 button-label-large _filled_6bkpv_106 _button_43ilh_75\" rel=\"nofollow noopener\" target=\"_blank\">E-post<\/a><img alt=\"Aleksej Navalnyj (t.v.) og Vladimir Putin. Foto: [MLADEN ANTONOV, TIZIANA FABI] \/ AFP \/ NTB\" class=\"_image_qp4xg_65 layout-component layout-wide\" data-fullscreen- data-track-element-type=\"Article image fullscreen\" data-track-name=\"ImageFullscreen\" fetchpriority=\"high\" decoding=\"sync\" loading=\"eager\" height=\"2400\" itemprop=\"image\"  src=\"https:\/\/www.europesays.com\/no\/wp-content\/uploads\/2025\/09\/852db035-1e3c-4c11-a108-24c67e778a83\"  style=\"object-position:0% 0%\" width=\"3200\"\/>Aleksej Navalnyj (t.v.) og Vladimir Putin. Foto: [MLADEN ANTONOV, TIZIANA FABI] \/ AFP \/ NTBOnsdag 17. september kl. 21:45     <\/p>\n<p class=\"_paragraph_ew2ao_4 _paragraph_xtcu6_10 layout-component text-serif-m layout-normal text-serif-m layout-padded\">Aleksej Navalnyj var Putins st\u00f8rste fiende p\u00e5 hjemmebane.<\/p>\n<p class=\"_paragraph_ew2ao_4 _paragraph_xtcu6_10 layout-component text-serif-m layout-normal text-serif-m layout-padded\">Presidenten unngikk n\u00f8ye \u00e5 nevne Navalnyj ved navn mens han levde, men refererte kort til ham en m\u00e5ned etter hans d\u00f8d ved \u00e5 si at et menneskes bortgang \u00aballtid er en trist hendelse\u00bb.<\/p>\n<p class=\"_paragraph_ew2ao_4 _paragraph_xtcu6_10 layout-component text-serif-m layout-normal text-serif-m layout-padded\">Navalnyj avsl\u00f8rte f\u00f8rst korrupsjonen hos alle presidentens menn.<\/p>\n<p class=\"_paragraph_ew2ao_4 _paragraph_xtcu6_10 layout-component text-serif-m layout-normal text-serif-m layout-padded\">S\u00e5 avsl\u00f8rte han agentene som pr\u00f8vde \u00e5 forgifte ham.<\/p>\n<p class=\"_paragraph_ew2ao_4 _paragraph_xtcu6_10 layout-component text-serif-m layout-normal text-serif-m layout-padded\">N\u00e5 mener enken, Julia Navalnaja, \u00e5 kunne bevise at mannen ble drept. Hun melder p\u00e5 X at laboratoriepr\u00f8ver viser at han ble forgiftet f\u00f8r han d\u00f8de i en straffeleirstraffeleirEn type fengsel eller arbeidsleir hvor innsatte ofte m\u00e5 utf\u00f8re hardt arbeid under strenge forhold. i Sibir februar 2024. <\/p>\n<p class=\"_paragraph_ew2ao_4 _paragraph_xtcu6_10 layout-component text-serif-m layout-normal text-serif-m layout-padded\">Det er all grunn til \u00e5 tro p\u00e5 henne n\u00e5r hun skriver at de har klart \u00e5 f\u00e5 overf\u00f8re biologisk materiale fra mannen og f\u00e5tt dem unders\u00f8kt p\u00e5 laboratorier i to ulike land. Russiske myndigheter har tidligere hevdet at han d\u00f8de av naturlige \u00e5rsaker. <\/p>\n<p class=\"_paragraph_ew2ao_4 _paragraph_xtcu6_10 layout-component text-serif-m layout-normal text-serif-m layout-padded\">Navalnaja har ikke opplyst hvilket stoff det handler om. I august 2020 ble mannen forgiftet av stoffet novitsjok under en flyvning fra Sibir til Moskva &#8211; men overlevde mirakul\u00f8st nok og ble sendt til Tyskland for behandling. Navalnyj returnerte til <a href=\"https:\/\/www.vg.no\/tag\/russland?utm_source=vg-article&amp;utm_medium=auto-tagger&amp;utm_campaign=4BM2m9\" class=\"_link_ew2ao_39\" rel=\"nofollow noopener\" target=\"_blank\">Russland<\/a>, selv om han visste at det betydde en mulig d\u00f8d. <\/p>\n<p class=\"_paragraph_ew2ao_4 _paragraph_xtcu6_10 layout-component text-serif-m layout-normal text-serif-m layout-padded\">Det har aldri v\u00e6rt tvil om at Putin var ansvarlig for Navalnyjs d\u00f8d, men vi har ikke visst om han ble direkte drept, eller om han d\u00f8de av d\u00e5rlig behandling i straffeleiren.<\/p>\n<p class=\"_paragraph_ew2ao_4 _paragraph_xtcu6_10 layout-component text-serif-m layout-normal text-serif-m layout-padded\">I videoen som ble lagt ut onsdag, forteller Navalnaja ogs\u00e5 i detalj om ektemannens siste dager, basert p\u00e5 det hun hevder er vitnem\u00e5l fra ansatte i straffeleiren.<\/p>\n<p class=\"_paragraph_ew2ao_4 _paragraph_xtcu6_10 layout-component text-serif-m layout-normal text-serif-m layout-padded\">If\u00f8lge henne ble Navalnyj den dagen han d\u00f8de, tatt med ut p\u00e5 en spasertur, men han f\u00f8lte seg d\u00e5rlig. Da han ble f\u00f8rt tilbake til cellen, \u00abla han seg ned p\u00e5 gulvet, trakk kn\u00e6rne opp og begynte \u00e5 st\u00f8nne av smerte&#8230; deretter begynte han \u00e5 kaste opp\u00bb. Hun hevder at det tok 40 minutter f\u00f8r ambulanse ble tilkalt.<\/p>\n<p class=\"_paragraph_ew2ao_4 _paragraph_xtcu6_10 layout-component text-serif-m layout-normal text-serif-m layout-padded\">Etter at Vladimir Putin beordret fullskala krig i februar 2022, gikk russerne p\u00e5 gatene for \u00e5 protestere. Det ble sl\u00e5tt ned med jernh\u00e5nd. Siden har vi ikke sett demonstrasjoner direkte mot regimet. Putins politiske motstandere har enten blitt fengslet eller har r\u00f8mt landet.<\/p>\n<p class=\"_paragraph_ew2ao_4 _paragraph_xtcu6_10 layout-component text-serif-m layout-normal text-serif-m layout-padded\">Men presidenten har likevel ikke klart \u00e5 knuse alle protester.  Novaya Gazeta Europe &#8211; en avis som opererer fra Vesten &#8211; telte over 38.000 protester i Russland fram til mars 2025.<\/p>\n<p class=\"_paragraph_ew2ao_4 _paragraph_xtcu6_10 layout-component text-serif-m layout-normal text-serif-m layout-padded\">Noen av dem handler om lokale byggesaker, andre om milj\u00f8vern &#8211; eller kanskje manglende utbetaling av l\u00f8nn (Russland er i ferd med \u00e5 f\u00e5 en stadig st\u00f8rre barter\u00f8konomibarter\u00f8konomiEn \u00f8konomi hvor varer og tjenester byttes direkte uten bruk av penger.). <\/p>\n<p class=\"_paragraph_ew2ao_4 _paragraph_xtcu6_10 layout-component text-serif-m layout-normal text-serif-m layout-padded\">Kort sagt handler det om folk som er misforn\u00f8yde, og Ukraina bruker dette r\u00e5tt n\u00e5r de n\u00e5 angriper oljeraffinerier rundt i Russland. Det kan bety b\u00e5de mangel p\u00e5 bensin og \u00f8kte priser. Det er forhold som gir grobunn for protester. Og kanskje et press om \u00e5 stanse krigen, for den vanlige russer er &#8211; tross propagandaen i alle medier &#8211; ikke s\u00e5 glad for at deres s\u00f8nner og ektemenn fortsatt sendes til en krig som koster veldig mange liv hver eneste dag og som ogs\u00e5 g\u00e5r ut over \u00f8konomien.<\/p>\n<p class=\"_paragraph_ew2ao_4 _paragraph_xtcu6_10 layout-component text-serif-m layout-normal text-serif-m layout-padded\">Putin har aldri likt folkelige protester. Som gammel KGB-mann har det v\u00e6rt hans mareritt. Derfor skulle n\u00e6rmere 40.000 protester v\u00e6re til bekymring. Trolig holder etterretningstjenesteneetterretningstjenesteneOrganisasjoner som samler inn og analyserer informasjon for \u00e5 beskytte nasjonal sikkerhet. kontroll over hva som skjer &#8211; helt til de ikke lenger har kontroll. Slike ting kan skje raskt. Det vet vi fra mange andre land.<\/p>\n<p class=\"_paragraph_ew2ao_4 _paragraph_xtcu6_10 layout-component text-serif-m layout-normal text-serif-m layout-padded\">Det finnes ogs\u00e5 enkelte kritiske stemmer n\u00e6r Putin. Sentralbanksjefen Elvira Nabiullina har advart mot stagnasjon i \u00f8konomien, og Dmitrij Kozak, som har v\u00e6rt en av Putins n\u00e6rmeste gjennom mange \u00e5r, har if\u00f8lge New York Times bedt Putin om \u00e5 avslutte krigen og starte fredsforhandlinger.<\/p>\n<p class=\"_paragraph_ew2ao_4 _paragraph_xtcu6_10 layout-component text-serif-m layout-normal text-serif-m layout-padded\">Mange russiske soldater har kommet hjem fra Ukraina i kister. Russiske BBC og Mediazona mener det handler om mellom 197.100 og 284.700. Verken Russland eller Ukraina g\u00e5r ut med sine tapstall. <\/p>\n<p class=\"_paragraph_ew2ao_4 _paragraph_xtcu6_10 layout-component text-serif-m layout-normal text-serif-m layout-padded\">Vladimir Putin risikerer \u00e5 g\u00e5 i den klassiske diktatorfellen at dine n\u00e6rmeste ikke t\u00f8r \u00e5 fortelle deg de d\u00e5rlige nyhetene. KremlKremlDen offisielle residensen til Russlands president og et symbol p\u00e5 de russiske myndighetene. kontrollerer fullstendig mediene, og det betyr at det ikke hjelper noe \u00e5 lese aviser. Putin er heller ikke s\u00e6rlig digital av seg og har visstnok ikke smarttelefon.<\/p>\n<p class=\"_paragraph_ew2ao_4 _paragraph_xtcu6_10 layout-component text-serif-m layout-normal text-serif-m layout-padded\">Som s\u00e5 mange andre har Aleksej Navalnyj blitt enda viktigere etter sin d\u00f8d. Enken lover \u00e5 f\u00f8re hans tanker videre og er klar p\u00e5 at Vladimir Putin er skyldig i \u00e5 drepe mannen. <\/p>\n<p class=\"_paragraph_ew2ao_4 _paragraph_xtcu6_10 layout-component text-serif-m layout-normal text-serif-m layout-padded\">Aleksej Navalnyj etterlot seg et tomrom som som den fremste lederen mot Kreml, som fortsatt \u00f8nsker \u00e5 fremstille Russland som et demokratisk land. Men i all hovedsak har Putins folk kontroll p\u00e5 de partiene som finnes og som derfor ikke er reelle opposisjonspartier. <\/p>\n<p class=\"_paragraph_ew2ao_4 _paragraph_xtcu6_10 layout-component text-serif-m layout-normal text-serif-m layout-padded\">Julia Navalnaja er en sterk kvinne. Hun har ikke gitt opp. Hun h\u00e5per at mannen ikke d\u00f8de forgjeves.<\/p>\n<p>   Dette er en kommentar. Kommentaren gir uttrykk for skribentens holdning. <\/p>\n","protected":false},"excerpt":{"rendered":"Det har aldri v\u00e6rt noen tvil om at Vladimir Putin var ansvarlig for Aleksej Navalnyjs d\u00f8d. Det er&hellip;\n","protected":false},"author":2,"featured_media":38243,"comment_status":"","ping_status":"","sticky":false,"template":"","format":"standard","meta":{"footnotes":""},"categories":[5],"tags":[6077,20,21,24,25,15,19,22,23,17,18,13,30,28,29,14,16,188,26,27,186],"class_list":{"0":"post-38242","1":"post","2":"type-post","3":"status-publish","4":"format-standard","5":"has-post-thumbnail","7":"category-overskrifter","8":"tag-aleksej-navalnyj","9":"tag-breaking-news","10":"tag-breakingnews","11":"tag-featured-news","12":"tag-featurednews","13":"tag-headlines","14":"tag-hovedoppslag","15":"tag-latest-news","16":"tag-latestnews","17":"tag-main-news","18":"tag-mainnews","19":"tag-news","20":"tag-no","21":"tag-norge","22":"tag-norway","23":"tag-nyheter","24":"tag-overskrifter","25":"tag-russland","26":"tag-top-stories","27":"tag-topstories","28":"tag-vladimir-putin"},"share_on_mastodon":{"url":"","error":""},"_links":{"self":[{"href":"https:\/\/www.europesays.com\/no\/wp-json\/wp\/v2\/posts\/38242","targetHints":{"allow":["GET"]}}],"collection":[{"href":"https:\/\/www.europesays.com\/no\/wp-json\/wp\/v2\/posts"}],"about":[{"href":"https:\/\/www.europesays.com\/no\/wp-json\/wp\/v2\/types\/post"}],"author":[{"embeddable":true,"href":"https:\/\/www.europesays.com\/no\/wp-json\/wp\/v2\/users\/2"}],"replies":[{"embeddable":true,"href":"https:\/\/www.europesays.com\/no\/wp-json\/wp\/v2\/comments?post=38242"}],"version-history":[{"count":0,"href":"https:\/\/www.europesays.com\/no\/wp-json\/wp\/v2\/posts\/38242\/revisions"}],"wp:featuredmedia":[{"embeddable":true,"href":"https:\/\/www.europesays.com\/no\/wp-json\/wp\/v2\/media\/38243"}],"wp:attachment":[{"href":"https:\/\/www.europesays.com\/no\/wp-json\/wp\/v2\/media?parent=38242"}],"wp:term":[{"taxonomy":"category","embeddable":true,"href":"https:\/\/www.europesays.com\/no\/wp-json\/wp\/v2\/categories?post=38242"},{"taxonomy":"post_tag","embeddable":true,"href":"https:\/\/www.europesays.com\/no\/wp-json\/wp\/v2\/tags?post=38242"}],"curies":[{"name":"wp","href":"https:\/\/api.w.org\/{rel}","templated":true}]}}