{"id":38254,"date":"2025-09-17T23:58:16","date_gmt":"2025-09-17T23:58:16","guid":{"rendered":"https:\/\/www.europesays.com\/no\/38254\/"},"modified":"2025-09-17T23:58:16","modified_gmt":"2025-09-17T23:58:16","slug":"na-kommer-serien-om-victoria-beckham","status":"publish","type":"post","link":"https:\/\/www.europesays.com\/no\/38254\/","title":{"rendered":"N\u00e5 kommer serien om Victoria Beckham"},"content":{"rendered":"<p class=\"kicker \" style=\"\">Victoria Beckham:<\/p>\n<p>  Gir et intimt innblikk i stjernes liv.<\/p>\n<p>\n    Victoria Beckham: Moteikonet f\u00e5r egen dokumentar-serie p\u00e5 Netflix. FOTO: NTB\n  <\/p>\n<p>En ny dokumentarserie fra Netflix gir et intimt innblikk i Victorias reise fra Spice Girls-stjerne til moteikon \u2013 og kampen for \u00e5 st\u00e5 st\u00f8tt p\u00e5 egne ben ved siden av Beckham-navnet.<\/p>\n<p>Hun startet som Posh Spice i en av de mest popul\u00e6re jentebandene gjennom tidene.<\/p>\n<p>Siden den gang har Victoria Beckham utviklet seg til \u00e5 bli en av moteverdenens mest respekterte designere \u2013 og n\u00e5 f\u00e5r hun sin egen dokumentarserie.<\/p>\n<p>    <a itemprop=\"url\" href=\"https:\/\/www.kk.no\/mote\/dukket-opp-i-et-helt-spesielt-antrekk\/83050488\" rel=\"nofollow noopener\" target=\"_blank\"><\/p>\n<p>      <img loading=\"lazy\" decoding=\"async\" src=\"https:\/\/www.europesays.com\/no\/wp-content\/uploads\/2025\/09\/83050532.webp\" width=\"980\" height=\"441\" title=\"Dukket opp i et helt spesielt antrekk\" alt=\"\" class=\"lazyload\" style=\"--aspect-ratio-image: 2.22; \"\/><\/p>\n<p>        Dukket opp i et helt spesielt antrekk<\/p>\n<p>    <\/a><\/p>\n<p>I oktober har \u00abVictoria Beckham\u00bb nemlig premiere \u2013 en ny, tredelt dokumentar regissert av Nadia Hallgren, som ogs\u00e5 sto bak Michelle Obama-filmen \u00abBecoming\u00bb.<\/p>\n<p>Serien er produsert av teamet bak den Emmy-vinnende Netflix-suksessen Beckham.<\/p>\n<p>    <a itemprop=\"url\" href=\"https:\/\/www.kk.no\/mote\/na-snakker-alle-om-denne-parfymen\/82066227\" rel=\"nofollow noopener\" target=\"_blank\"><\/p>\n<p>      <img loading=\"lazy\" decoding=\"async\" src=\"https:\/\/www.europesays.com\/no\/wp-content\/uploads\/2025\/09\/82136620.webp\" width=\"980\" height=\"441\" title=\"N\u00e5 snakker alle om denne parfymen\" alt=\"\" class=\"lazyload\" style=\"--aspect-ratio-image: 2.22; \"\/><\/p>\n<p>        N\u00e5 snakker alle om denne parfymen<\/p>\n<p>    <\/a><\/p>\n<p>          <img loading=\"lazy\" decoding=\"async\" src=\"https:\/\/www.europesays.com\/no\/wp-content\/uploads\/2025\/09\/83606294.webp\" width=\"686\" height=\"1023\" title=\"Victoria Beckham-serien har premiere i oktober. Foto: Netflix\" alt=\"\" class=\"\" style=\"--aspect-ratio-image: 0.67; \"\/><\/p>\n<p>\n          Victoria Beckham-serien har premiere i oktober. Foto: Netflix\n      <\/p>\n<p>Dokumentaren f\u00f8lger Victorias reise fra barndommen i England, gjennom det store gjennombruddet med Spice Girls, forholdet til fotballikonet David Beckham \u2013 og hennes harde kamp for \u00e5 bygge seg en selvstendig karriere som designer i haute couture-verdenen.<\/p>\n<p><a href=\"https:\/\/www.netflix.com\/tudum\/articles\/victoria-beckham-doc-series-release-date-trailer-news\" rel=\"nofollow noopener\" target=\"_blank\">If\u00f8lge Netflix<\/a> tar serien seerne helt med bak kulissene mens Victoria forbereder sitt mest ambisi\u00f8se moteshow noensinne \u2013 til Paris Fashion Week.<\/p>\n<p>    <a itemprop=\"url\" href=\"https:\/\/www.kk.no\/mote\/veldig-posh-spice-vibber-1\/82147547\" rel=\"nofollow noopener\" target=\"_blank\"><\/p>\n<p>      <img loading=\"lazy\" decoding=\"async\" src=\"https:\/\/www.europesays.com\/no\/wp-content\/uploads\/2025\/09\/82118314.webp\" width=\"980\" height=\"441\" title=\"- Veldig \u00abPosh Spice\u00bb-vibber\" alt=\"\" class=\"lazyload\" style=\"--aspect-ratio-image: 2.22; \"\/><\/p>\n<p>        &#8211; Veldig \u00abPosh Spice\u00bb-vibber<\/p>\n<p>    <\/a><\/p>\n<p>          <img loading=\"lazy\" decoding=\"async\" src=\"https:\/\/www.europesays.com\/no\/wp-content\/uploads\/2025\/09\/83606317.webp\" width=\"980\" height=\"559\" title=\"Victoria Beckham, Paris Fashion Week. FOTO: NTB\" alt=\"\" class=\"\" style=\"--aspect-ratio-image: 1.75; \"\/><\/p>\n<p>\n          Victoria Beckham, Paris Fashion Week. FOTO: NTB\n      <\/p>\n<p>Vi f\u00e5r ogs\u00e5 se intervjuer med hennes n\u00e6rmeste, inkludert David Beckham, samt noen av de st\u00f8rste navnene i motebransjen.<\/p>\n<p>Netflix har tidligere fulgt familien Beckham i dokumentaren om David Beckham, som hadde premiere i 2023.<\/p>\n<p>    <a itemprop=\"url\" href=\"https:\/\/www.kk.no\/underholdning\/giftet-seg-pa-ny-uten-david-og-victoria-1\/83416070\" rel=\"nofollow noopener\" target=\"_blank\"><\/p>\n<p>      <img loading=\"lazy\" decoding=\"async\" src=\"https:\/\/www.europesays.com\/no\/wp-content\/uploads\/2025\/09\/83416315.webp\" width=\"980\" height=\"441\" title=\"Giftet seg p\u00e5 ny - uten David og Victoria\" alt=\"\" class=\"lazyload\" style=\"--aspect-ratio-image: 2.22; \"\/><\/p>\n<p>        Giftet seg p\u00e5 ny &#8211; uten David og Victoria <\/p>\n<p>    <\/a><\/p>\n<p class=\"italic m-italic\" data-lab-italic=\"italic\">\u00abVictoria Beckham\u00bb har premiere p\u00e5 Netflix 9. oktober 2025.<\/p>\n<p>    <a itemprop=\"url\" href=\"https:\/\/www.kk.no\/underholdning\/derfor-smiler-hun-aldri-1\/82290000\" rel=\"nofollow noopener\" target=\"_blank\"><\/p>\n<p>      <img loading=\"lazy\" decoding=\"async\" src=\"https:\/\/www.europesays.com\/no\/wp-content\/uploads\/2025\/09\/82290233.webp\" width=\"980\" height=\"441\" title=\"Derfor smiler hun \u00abaldri\u00bb\" alt=\"\" class=\"lazyload\" style=\"--aspect-ratio-image: 2.22; \"\/><\/p>\n<p>        Derfor smiler hun \u00abaldri\u00bb<\/p>\n<p>    <\/a><\/p>\n<p class=\"italic m-italic\" data-lab-italic=\"italic\">Denne saken ble f\u00f8rst publisert p\u00e5<a href=\"https:\/\/www.seoghoer.dk\/streaming\/fra-spice-girl-til-mode-dronning-serie-om-victoria-beckham-er-paa-vej\" rel=\"nofollow noopener\" target=\"_blank\"> Se og H\u00f8r<\/a>, som ogs\u00e5 eies av Aller Media.<\/p>\n","protected":false},"excerpt":{"rendered":"Victoria Beckham: Gir et intimt innblikk i stjernes liv. Victoria Beckham: Moteikonet f\u00e5r egen dokumentar-serie p\u00e5 Netflix. FOTO:&hellip;\n","protected":false},"author":2,"featured_media":38255,"comment_status":"","ping_status":"","sticky":false,"template":"","format":"standard","meta":{"footnotes":""},"categories":[58],"tags":[6080,71,220,30,28,29,792,72,6081],"class_list":{"0":"post-38254","1":"post","2":"type-post","3":"status-publish","4":"format-standard","5":"has-post-thumbnail","7":"category-underholdning","8":"tag-david-beckham","9":"tag-entertainment","10":"tag-netflix","11":"tag-no","12":"tag-norge","13":"tag-norway","14":"tag-tv-serie","15":"tag-underholdning","16":"tag-victoria-beckham"},"share_on_mastodon":{"url":"","error":""},"_links":{"self":[{"href":"https:\/\/www.europesays.com\/no\/wp-json\/wp\/v2\/posts\/38254","targetHints":{"allow":["GET"]}}],"collection":[{"href":"https:\/\/www.europesays.com\/no\/wp-json\/wp\/v2\/posts"}],"about":[{"href":"https:\/\/www.europesays.com\/no\/wp-json\/wp\/v2\/types\/post"}],"author":[{"embeddable":true,"href":"https:\/\/www.europesays.com\/no\/wp-json\/wp\/v2\/users\/2"}],"replies":[{"embeddable":true,"href":"https:\/\/www.europesays.com\/no\/wp-json\/wp\/v2\/comments?post=38254"}],"version-history":[{"count":0,"href":"https:\/\/www.europesays.com\/no\/wp-json\/wp\/v2\/posts\/38254\/revisions"}],"wp:featuredmedia":[{"embeddable":true,"href":"https:\/\/www.europesays.com\/no\/wp-json\/wp\/v2\/media\/38255"}],"wp:attachment":[{"href":"https:\/\/www.europesays.com\/no\/wp-json\/wp\/v2\/media?parent=38254"}],"wp:term":[{"taxonomy":"category","embeddable":true,"href":"https:\/\/www.europesays.com\/no\/wp-json\/wp\/v2\/categories?post=38254"},{"taxonomy":"post_tag","embeddable":true,"href":"https:\/\/www.europesays.com\/no\/wp-json\/wp\/v2\/tags?post=38254"}],"curies":[{"name":"wp","href":"https:\/\/api.w.org\/{rel}","templated":true}]}}