{"id":38273,"date":"2025-09-18T02:07:09","date_gmt":"2025-09-18T02:07:09","guid":{"rendered":"https:\/\/www.europesays.com\/no\/38273\/"},"modified":"2025-09-18T02:07:09","modified_gmt":"2025-09-18T02:07:09","slug":"saudi-arabia-og-pakistan-inngar-forsvarspakt","status":"publish","type":"post","link":"https:\/\/www.europesays.com\/no\/38273\/","title":{"rendered":"Saudi-Arabia og Pakistan inng\u00e5r forsvarspakt"},"content":{"rendered":"\n<p class=\"_lead_ew2ao_2 _lead_xtcu6_50 layout-component text-serif-m layout-normal text-serif-l layout-component layout-wide layout-padded _wide_17hqh_1 layout-padded\">Avtalen kommer etter \u00f8kt uro i Midt\u00f8sten.<\/p>\n<p><img alt=\"Saudi-Arabias kronprins Mohammed bin Salman og Pakistans statsminister Shehbaz Sharif omfavnet hverandre da de undertegnet en forsvarsavtale i Riyadh, Saudi-Arabia, 17. september 2025. Foto: Saudi Press Agency \/ Reuters \/ NTB\" class=\"_image_qp4xg_65 layout-component layout-wide\" data-fullscreen- data-track-element-type=\"Article image fullscreen\" data-track-name=\"ImageFullscreen\" fetchpriority=\"high\" decoding=\"sync\" loading=\"eager\" height=\"1644\" itemprop=\"image\"  src=\"https:\/\/www.europesays.com\/no\/wp-content\/uploads\/2025\/09\/afbf084e-26b0-44c2-8711-78fdb29a953a\"  style=\"object-position:0% 0%\" width=\"2048\"\/>Saudi-Arabias kronprins Mohammed bin Salman og Pakistans statsminister Shehbaz Sharif omfavnet hverandre da de undertegnet en forsvarsavtale i Riyadh, Saudi-Arabia, 17. september 2025. Foto: Saudi Press Agency \/ Reuters \/ NTB<\/p>\n<ul aria-hidden=\"true\" class=\"_images_1y6fe_106\">\n<li><a class=\"_link_1y6fe_111\" href=\"https:\/\/www.vg.no\/forfatter\/kari-aarstad-aase\" style=\"z-index:1\" title=\"Kari Aarstad Aase\" rel=\"nofollow noopener\" target=\"_blank\"><img alt=\"Bilde av Kari Aarstad Aase\" class=\"_image_1y6fe_88\" fetchpriority=\"low\" loading=\"lazy\" decoding=\"async\" itemprop=\"image\"  src=\"https:\/\/www.europesays.com\/no\/wp-content\/uploads\/2025\/09\/1758161229_246_0dbde33e-6d8e-4680-8e4f-e2a64281e2b8\"  width=\"480\"\/><\/a><\/li>\n<\/ul>\n<p> Oppdatert torsdag 18. september kl. 02:14     <\/p>\n<p class=\"_paragraph_ew2ao_4 _paragraph_xtcu6_10 layout-component text-serif-m layout-normal text-serif-m layout-padded\">Saudi-Arabia og det atomv\u00e5penutrustede <a href=\"https:\/\/www.vg.no\/tag\/pakistan?utm_source=vg-article&amp;utm_medium=auto-tagger&amp;utm_campaign=0V55XB\" class=\"_link_ew2ao_39\" rel=\"nofollow noopener\" target=\"_blank\">Pakistan<\/a> signerte onsdag en gjensidig forsvarsavtale som styrker et ti\u00e5r langt sikkerhetspartnerskap, melder Reuters.<\/p>\n<p class=\"_paragraph_ew2ao_4 _paragraph_xtcu6_10 layout-component text-serif-m layout-normal text-serif-m layout-padded\">Den nye avtalen kommer mens Golfstatene blir stadig mer bekymret for USAs p\u00e5litelighet som sikkerhetsgarantist. Israels angrep p\u00e5 Qatar forrige uke forsterket disse bekymringene.<\/p>\n<p class=\"_paragraph_ew2ao_4 _paragraph_xtcu6_10 layout-component text-serif-m layout-normal text-serif-m layout-padded\">\u2013 Denne avtalen er et resultat av \u00e5rs diskusjoner. Dette er ikke et svar p\u00e5 spesifikke land eller hendelser, men en institusjonalisering av langvarig og dypt samarbeid mellom v\u00e5re to land, sa en h\u00f8ytst\u00e5ende saudisk tjenestemann til Reuters.<\/p>\n<p class=\"_paragraph_ew2ao_4 _paragraph_xtcu6_10 layout-component text-serif-m layout-normal text-serif-m layout-padded\">Pakten kan endre den strategiske balansen i regionen. Golfmonarkiene har s\u00f8kt \u00e5 stabilisere forholdet til b\u00e5de Iran og Israel for \u00e5 l\u00f8se langvarige sikkerhetsproblemer.<\/p>\n<p class=\"_paragraph_ew2ao_4 _paragraph_xtcu6_10 layout-component text-serif-m layout-normal text-serif-m layout-padded\">Pakistans statsminister Shehbaz Sharif og Saudi-Arabias kronprins Mohammed bin Salman omfavnet hverandre etter signeringen. Til stede var ogs\u00e5 Pakistans arm\u00e9sjef, som regnes som landets mektigste person.<\/p>\n<p class=\"_paragraph_ew2ao_4 _paragraph_xtcu6_10 layout-component text-serif-m layout-normal text-serif-m layout-padded\">\u2013 Enhver aggresjon mot det ene landet skal betraktes som aggresjon mot begge, het det i en uttalelse fra den pakistanske statsministerens kontor.<\/p>\n<p class=\"_paragraph_ew2ao_4 _paragraph_xtcu6_10 layout-component text-serif-m layout-normal text-serif-m layout-padded\">Den saudiske tjenestemann bekreftet at avtalen omfatter \u00aballe milit\u00e6re midler\u00bb, men ville ikke kommentere om det inkluderer atomv\u00e5pen.<\/p>\n","protected":false},"excerpt":{"rendered":"Avtalen kommer etter \u00f8kt uro i Midt\u00f8sten. Saudi-Arabias kronprins Mohammed bin Salman og Pakistans statsminister Shehbaz Sharif omfavnet&hellip;\n","protected":false},"author":2,"featured_media":38274,"comment_status":"","ping_status":"","sticky":false,"template":"","format":"standard","meta":{"footnotes":""},"categories":[12],"tags":[20,21,24,25,15,22,23,6082,13,30,28,29,14,16,958,986,26,27,42,46,43,44,45],"class_list":{"0":"post-38273","1":"post","2":"type-post","3":"status-publish","4":"format-standard","5":"has-post-thumbnail","7":"category-verden","8":"tag-breaking-news","9":"tag-breakingnews","10":"tag-featured-news","11":"tag-featurednews","12":"tag-headlines","13":"tag-latest-news","14":"tag-latestnews","15":"tag-mohammed-bin-salman","16":"tag-news","17":"tag-no","18":"tag-norge","19":"tag-norway","20":"tag-nyheter","21":"tag-overskrifter","22":"tag-pakistan","23":"tag-saudi-arabia","24":"tag-top-stories","25":"tag-topstories","26":"tag-verden","27":"tag-vgai","28":"tag-world","29":"tag-world-news","30":"tag-worldnews"},"share_on_mastodon":{"url":"","error":""},"_links":{"self":[{"href":"https:\/\/www.europesays.com\/no\/wp-json\/wp\/v2\/posts\/38273","targetHints":{"allow":["GET"]}}],"collection":[{"href":"https:\/\/www.europesays.com\/no\/wp-json\/wp\/v2\/posts"}],"about":[{"href":"https:\/\/www.europesays.com\/no\/wp-json\/wp\/v2\/types\/post"}],"author":[{"embeddable":true,"href":"https:\/\/www.europesays.com\/no\/wp-json\/wp\/v2\/users\/2"}],"replies":[{"embeddable":true,"href":"https:\/\/www.europesays.com\/no\/wp-json\/wp\/v2\/comments?post=38273"}],"version-history":[{"count":0,"href":"https:\/\/www.europesays.com\/no\/wp-json\/wp\/v2\/posts\/38273\/revisions"}],"wp:featuredmedia":[{"embeddable":true,"href":"https:\/\/www.europesays.com\/no\/wp-json\/wp\/v2\/media\/38274"}],"wp:attachment":[{"href":"https:\/\/www.europesays.com\/no\/wp-json\/wp\/v2\/media?parent=38273"}],"wp:term":[{"taxonomy":"category","embeddable":true,"href":"https:\/\/www.europesays.com\/no\/wp-json\/wp\/v2\/categories?post=38273"},{"taxonomy":"post_tag","embeddable":true,"href":"https:\/\/www.europesays.com\/no\/wp-json\/wp\/v2\/tags?post=38273"}],"curies":[{"name":"wp","href":"https:\/\/api.w.org\/{rel}","templated":true}]}}