{"id":38300,"date":"2025-09-18T04:35:08","date_gmt":"2025-09-18T04:35:08","guid":{"rendered":"https:\/\/www.europesays.com\/no\/38300\/"},"modified":"2025-09-18T04:35:08","modified_gmt":"2025-09-18T04:35:08","slug":"mann-alvorlig-skadet-med-spiss-gjenstand","status":"publish","type":"post","link":"https:\/\/www.europesays.com\/no\/38300\/","title":{"rendered":"Mann alvorlig skadet med spiss gjenstand"},"content":{"rendered":"\n<p class=\"_paragraph_ew2ao_4 _paragraph_xtcu6_10 layout-component text-serif-m layout-normal text-serif-m layout-padded\">En politipatrulje kom over en person med skader i Storgata. <\/p>\n<p class=\"_paragraph_ew2ao_4 _paragraph_xtcu6_10 layout-component text-serif-m layout-normal text-serif-m layout-padded\">\u2013 Det fremst\u00e5r som kuttskader fra en skarp\/spiss gjenstand, og vedkommende er \u00e5 anse som alvorlig skadet, opplyser operasjonsleder  Alexander \u00d8sterhaug ved <a href=\"https:\/\/www.vg.no\/tag\/oslo-politidistrikt?utm_source=vg-article&amp;utm_medium=auto-tagger&amp;utm_campaign=dRyy8J\" class=\"_link_ew2ao_39\" rel=\"nofollow noopener\" target=\"_blank\">Oslo politidistrikt<\/a> klokken 04.31. <\/p>\n<p class=\"_paragraph_ew2ao_4 _paragraph_xtcu6_10 layout-component text-serif-m layout-normal text-serif-m layout-padded\">Den skadde ble ivaretatt av ambulansepersonell f\u00f8r han ble kj\u00f8rt til sykehus. <\/p>\n<p class=\"_paragraph_ew2ao_4 _paragraph_xtcu6_10 layout-component text-serif-m layout-normal text-serif-m layout-padded\">\u2013 Vi fikk ogs\u00e5 kontroll p\u00e5 en annen person i umiddelbar tilknytning til \u00e5stedet. Denne personen har n\u00e5 status som siktet, og kj\u00f8res arrest, opplyser operasjonsleder.<\/p>\n<p>    <img decoding=\"async\" alt=\"Tips oss illustrasjon\" width=\"62px\" height=\"auto\" src=\"https:\/\/www.europesays.com\/no\/wp-content\/uploads\/2025\/08\/1754784428_95_W9avJzE.png\"\/>    <\/p>\n<p class=\"title-serif-s\">Har du tips til oss?<\/p>\n<p class=\"text-sans-m\">Send oss informasjon, bilder eller video<\/p>\n<p>  <a href=\"https:\/\/www.vg.no\/tips-oss\" rel=\"nofollow noopener\" target=\"_blank\"> Tips oss <\/a>      <\/p>\n","protected":false},"excerpt":{"rendered":"En politipatrulje kom over en person med skader i Storgata. \u2013 Det fremst\u00e5r som kuttskader fra en skarp\/spiss&hellip;\n","protected":false},"author":2,"featured_media":38301,"comment_status":"","ping_status":"","sticky":false,"template":"","format":"standard","meta":{"footnotes":""},"categories":[10],"tags":[31,20,21,24,25,15,22,23,13,30,28,29,14,1597,16,26,27],"class_list":{"0":"post-38300","1":"post","2":"type-post","3":"status-publish","4":"format-standard","5":"has-post-thumbnail","7":"category-norge","8":"tag-breaking","9":"tag-breaking-news","10":"tag-breakingnews","11":"tag-featured-news","12":"tag-featurednews","13":"tag-headlines","14":"tag-latest-news","15":"tag-latestnews","16":"tag-news","17":"tag-no","18":"tag-norge","19":"tag-norway","20":"tag-nyheter","21":"tag-oslo-politidistrikt","22":"tag-overskrifter","23":"tag-top-stories","24":"tag-topstories"},"share_on_mastodon":{"url":"","error":""},"_links":{"self":[{"href":"https:\/\/www.europesays.com\/no\/wp-json\/wp\/v2\/posts\/38300","targetHints":{"allow":["GET"]}}],"collection":[{"href":"https:\/\/www.europesays.com\/no\/wp-json\/wp\/v2\/posts"}],"about":[{"href":"https:\/\/www.europesays.com\/no\/wp-json\/wp\/v2\/types\/post"}],"author":[{"embeddable":true,"href":"https:\/\/www.europesays.com\/no\/wp-json\/wp\/v2\/users\/2"}],"replies":[{"embeddable":true,"href":"https:\/\/www.europesays.com\/no\/wp-json\/wp\/v2\/comments?post=38300"}],"version-history":[{"count":0,"href":"https:\/\/www.europesays.com\/no\/wp-json\/wp\/v2\/posts\/38300\/revisions"}],"wp:featuredmedia":[{"embeddable":true,"href":"https:\/\/www.europesays.com\/no\/wp-json\/wp\/v2\/media\/38301"}],"wp:attachment":[{"href":"https:\/\/www.europesays.com\/no\/wp-json\/wp\/v2\/media?parent=38300"}],"wp:term":[{"taxonomy":"category","embeddable":true,"href":"https:\/\/www.europesays.com\/no\/wp-json\/wp\/v2\/categories?post=38300"},{"taxonomy":"post_tag","embeddable":true,"href":"https:\/\/www.europesays.com\/no\/wp-json\/wp\/v2\/tags?post=38300"}],"curies":[{"name":"wp","href":"https:\/\/api.w.org\/{rel}","templated":true}]}}