{"id":38304,"date":"2025-09-18T04:45:10","date_gmt":"2025-09-18T04:45:10","guid":{"rendered":"https:\/\/www.europesays.com\/no\/38304\/"},"modified":"2025-09-18T04:45:10","modified_gmt":"2025-09-18T04:45:10","slug":"eiker-kultur-varin-28-fant-lykken-pa-uventet-sted-ikke-alle-som-finner-veien-dit","status":"publish","type":"post","link":"https:\/\/www.europesays.com\/no\/38304\/","title":{"rendered":"Eiker, Kultur | V\u00e5rin (28) fant lykken p\u00e5 uventet sted: \u2013 Ikke alle som finner veien dit"},"content":{"rendered":"\n<p><b>HOKKSUND: <\/b>\u2013 N\u00e5 har det skjedd. Jeg har det dritbra.<\/p>\n<p>V\u00e5rin Strand ler hjertelig. Musikeren fra Hokksund slapp i v\u00e5r sin tredje plate. Denne heter \u00abHeading home\u00bb, og er en musikalsk reise <a class=\"simple-relation related-teaser article--c-eRUmMG article--c-eRUmMG-jKCPdD-design-default article--c-eRUmMG-iBPVJb-cv\" href=\"https:\/\/www.dt.no\/her-leter-varin-28-etter-svar-redd-for-a-leve-livet-mitt-feil\/f\/5-57-2589491\" rel=\"nofollow noopener\" target=\"_blank\">tilbake til egne r\u00f8tter og barndom<\/a>. L\u00e5tene skrev hun p\u00e5 togreisen mellom Oslo, der hun bor, og Hokksund, der hun vokste opp.<\/p>\n<p>Melankolien er et fremtredende element i musikken til Vaarin \u2013 som er artistnavnet hun opererer under. Og dette liker anmelderne. Aftenposten, Dagsavisen og Klassekampen rullet alle terningen til en femmer.<\/p>\n<p>   <img decoding=\"async\" width=\"6048\" height=\"4024\" fetchpriority=\"low\"  loading=\"lazy\"  src=\"https:\/\/www.europesays.com\/no\/wp-content\/uploads\/2025\/09\/Togtur+med+Vaarin-13.jpg\" alt=\"\" class=\"brick-c-cFOWSL\" style=\"--brick-image-ratio: 6048 \/ 4024;\"\/><\/p>\n<p>    L\u00e5tene til den nye plata ble skrevet p\u00e5 togturen mellom Hokksund og Oslo.<br \/>\n    Foto: Louise Samn\u00f8y\n  <\/p>\n<p>Men n\u00e5 sp\u00f8rs det om ikke melankolien kommer til \u00e5 vike noe ved neste korsvei.<\/p>\n<p>V\u00e5rin jobber n\u00e5 med neste plate, men en endring i livssituasjon setter sitt preg p\u00e5 musikken som skapes.<\/p>\n<p>\u2013 Klarer ikke skjule det<\/p>\n<p>\u2013 Det er umulig \u00e5 gjemme slike f\u00f8lelser. N\u00e5r man er forelska, klarer man ikke \u00e5 skjule det i sangene. Men jeg forblir nok en melankoliker, bare n\u00e5 med litt lysere utsikter og en h\u00e5pefull penn, sier hun.<\/p>\n<p>\u2013 Det blir litt mer dur enn moll? <\/p>\n<p>\u2013 Det kan fort bli det!<\/p>\n<p>V\u00e5rin Strand dukket opp p\u00e5 den r\u00f8de l\u00f8peren sammen med Ole Skaug, broren til Hedda Skaug &#8211; kjent influenser og TV-profil, da filmen \u00abAffeksjonsverdi\u00bb hadde <a class=\"simple-relation related-teaser article--c-eRUmMG article--c-eRUmMG-jKCPdD-design-default article--c-eRUmMG-iBPVJb-cv\" href=\"https:\/\/www.dt.no\/dukket-opp-i-joggebukse-pa-den-rode-loperen-litt-nedpa\/s\/5-57-2691661\" rel=\"nofollow noopener\" target=\"_blank\">f\u00f8rpremiere p\u00e5 Gateway Studios forrige uke<\/a>.<\/p>\n<p>Strand bekrefter overfor Drammens Tidende at de to er et par.<\/p>\n<p>   <img decoding=\"async\" width=\"2048\" height=\"1535\" fetchpriority=\"low\"  loading=\"lazy\"  src=\"https:\/\/www.europesays.com\/no\/wp-content\/uploads\/2025\/09\/db775893-9429-41f9-a9c6-e3ad5aeceb0b.jpg\" alt=\"\" class=\"brick-c-cFOWSL\" style=\"--brick-image-ratio: 2048 \/ 1535;\"\/><\/p>\n<p>    Paret m\u00f8tte opp da \u00abAffeksjonsverdi\u00bb hadde f\u00f8rpremiere p\u00e5 Gateway Studios.<br \/>\n    Foto: Reidar Folkedal\n  <\/p>\n<p><b>\u2013 Plutselig dukket han opp p\u00e5 platemesse i Mj\u00f8ndalen. Det er ikke alle som finner veien dit. Siden da har det v\u00e6rt \u00abbankers\u00bb. <\/b><\/p>\n<p>\u2013 En heldig tilfeldighet<\/p>\n<p>Det var under nevnte platemesse at V\u00e5rin b\u00e5de opptr\u00e5dte og signerte platen. Og der dukket Ole Skaug opp. De to hadde m\u00f8ttes for ti \u00e5r siden. Da sto begge p\u00e5 scenen i Drammens Teater under Akademiets avslutningsfest.<\/p>\n<p>Da de m\u00f8ttes igjen i Mj\u00f8ndalen i mai, satt kjemien som et skudd fra start.<\/p>\n<p>   <img decoding=\"async\" width=\"3024\" height=\"4032\" fetchpriority=\"low\"  loading=\"lazy\"  src=\"https:\/\/www.europesays.com\/no\/wp-content\/uploads\/2025\/09\/IMG_4816.jpeg\" alt=\"\" class=\"brick-c-cFOWSL\" style=\"--brick-image-ratio: 3024 \/ 4032;\"\/><\/p>\n<p>    \u2013 Veldig tydelig at Ole var et riktig hjem for meg, sier V\u00e5rin Strand.<br \/>\n    Foto: Privat\n  <\/p>\n<p><b>\u2013 Jeg var ikke p\u00e5 aktiv leting, men det var jo en heldig tilfeldighet at han kom seg til Mj\u00f8ndalen akkurat da. Noen f\u00f8rste-m\u00f8ter f\u00f8les jo som man har kjent hverandre en evighet. Det var veldig tydelig for meg at Ole var et riktig hjem for meg, sier hun.<\/b><\/p>\n<p>Ogs\u00e5 p\u00e5 den profesjonelle banen har det skjedd endringer for V\u00e5rin denne sommeren.<\/p>\n<p>Hun har nemlig f\u00e5tt Eivind Bryd\u00f8y som manager. Han har hatt samme rolle for en rekke store artister, inkludert Kaizers Orchestra. For Eiker-artisten er det alts\u00e5 spennende dager i sikte.<\/p>\n<p>\u2013 N\u00e5 begynner han \u00e5 legge planer. Jeg er klar for alle nye muligheter som m\u00e5tte komme v\u00e5r vei.<\/p>\n<p><b>LES OGS\u00c5: <\/b><\/p>\n<p>  <a href=\"https:\/\/www.dt.no\/5-57-2695656\" class=\"related-teaser has-image default-story-teaser article--c-eRUmMG article--c-eRUmMG-jKCPdD-design-default\" rel=\"nofollow noopener\" target=\"_blank\"><\/p>\n<p>    <img decoding=\"async\" loading=\"lazy\"  src=\"https:\/\/www.europesays.com\/no\/wp-content\/uploads\/2025\/09\/bybrua.png\" alt=\"\" class=\"brick-c-cFOWSL\" style=\"\"\/><\/p>\n<p>\n            Les ogs\u00e5<\/p>\n<p>              Slik blir \u00e5pningen av Bybrua: \u2013 En kjempefest for Drammen\n        <\/p>\n<p>  <\/a><\/p>\n<p>  <a href=\"https:\/\/www.dt.no\/5-57-2692735\" class=\"related-teaser has-image default-story-teaser article--c-eRUmMG article--c-eRUmMG-jKCPdD-design-default\" rel=\"nofollow noopener\" target=\"_blank\"><\/p>\n<p>    <img decoding=\"async\" loading=\"lazy\"  src=\"https:\/\/www.europesays.com\/no\/wp-content\/uploads\/2025\/09\/5_57_1868537+dag2_5.jpg\" alt=\"\" class=\"brick-c-cFOWSL\" style=\"\"\/><\/p>\n<p>\n            Les ogs\u00e5<\/p>\n<p>              Millionene renner inn: \u2013 Hadde veldig lite da jeg var yngre\n        <\/p>\n<p>  <\/a><\/p>\n<p>Les mer om: artikkelemnene<\/p>\n","protected":false},"excerpt":{"rendered":"HOKKSUND: \u2013 N\u00e5 har det skjedd. Jeg har det dritbra. V\u00e5rin Strand ler hjertelig. Musikeren fra Hokksund slapp&hellip;\n","protected":false},"author":2,"featured_media":38305,"comment_status":"","ping_status":"","sticky":false,"template":"","format":"standard","meta":{"footnotes":""},"categories":[58],"tags":[36,454,71,410,30,28,29,447,1510,72],"class_list":{"0":"post-38304","1":"post","2":"type-post","3":"status-publish","4":"format-standard","5":"has-post-thumbnail","7":"category-underholdning","8":"tag-art","9":"tag-eiker","10":"tag-entertainment","11":"tag-kultur","12":"tag-no","13":"tag-norge","14":"tag-norway","15":"tag-nyhet","16":"tag-story","17":"tag-underholdning"},"share_on_mastodon":{"url":"","error":""},"_links":{"self":[{"href":"https:\/\/www.europesays.com\/no\/wp-json\/wp\/v2\/posts\/38304","targetHints":{"allow":["GET"]}}],"collection":[{"href":"https:\/\/www.europesays.com\/no\/wp-json\/wp\/v2\/posts"}],"about":[{"href":"https:\/\/www.europesays.com\/no\/wp-json\/wp\/v2\/types\/post"}],"author":[{"embeddable":true,"href":"https:\/\/www.europesays.com\/no\/wp-json\/wp\/v2\/users\/2"}],"replies":[{"embeddable":true,"href":"https:\/\/www.europesays.com\/no\/wp-json\/wp\/v2\/comments?post=38304"}],"version-history":[{"count":0,"href":"https:\/\/www.europesays.com\/no\/wp-json\/wp\/v2\/posts\/38304\/revisions"}],"wp:featuredmedia":[{"embeddable":true,"href":"https:\/\/www.europesays.com\/no\/wp-json\/wp\/v2\/media\/38305"}],"wp:attachment":[{"href":"https:\/\/www.europesays.com\/no\/wp-json\/wp\/v2\/media?parent=38304"}],"wp:term":[{"taxonomy":"category","embeddable":true,"href":"https:\/\/www.europesays.com\/no\/wp-json\/wp\/v2\/categories?post=38304"},{"taxonomy":"post_tag","embeddable":true,"href":"https:\/\/www.europesays.com\/no\/wp-json\/wp\/v2\/tags?post=38304"}],"curies":[{"name":"wp","href":"https:\/\/api.w.org\/{rel}","templated":true}]}}