{"id":38311,"date":"2025-09-18T04:52:21","date_gmt":"2025-09-18T04:52:21","guid":{"rendered":"https:\/\/www.europesays.com\/no\/38311\/"},"modified":"2025-09-18T04:52:21","modified_gmt":"2025-09-18T04:52:21","slug":"dagens-horoskop-for-torsdag-18-september","status":"publish","type":"post","link":"https:\/\/www.europesays.com\/no\/38311\/","title":{"rendered":"Dagens horoskop for torsdag 18. september"},"content":{"rendered":"<p class=\"kicker \" style=\"\">Dagens horoskop:<\/p>\n<p>  Se hva astrologen sier at dagen vil bringe.<\/p>\n<p>\n    DAGENS HOROSKOP: V\u00e5r astrolog forteller deg hva dagen i dag vil bringe. FOTO: NTB\n  <\/p>\n<p>Hver dag vil v\u00e5r astrolog Sol gi deg et innblikk i fremtiden. Er du nysgjerrig p\u00e5 kj\u00e6rlighet, jobb, \u00f8konomi, venner eller kanskje familie? La stjernetegnet ditt vise vei. Pssst, <a href=\"https:\/\/www.kk.no\/horoskop\" rel=\"nofollow noopener\" target=\"_blank\">her finner du v\u00e5rt ukeshoroskop<\/a>.<\/p>\n<p class=\"font-weight-bold m-font-weight-bold\" data-lab-font_weight=\"font-weight-bold\">Nedenfor finner du horoskopet for torsdag 18. september.\u00a0<\/p>\n<p>    KKs Astrolog<\/p>\n<ul>\n<li>Sol W. Jonassen (46).<\/li>\n<li>Utdannet Evolusjon\u00e6r Astrolog, Soulflow terapeut og meditasjonsinstrukt\u00f8r.<\/li>\n<li>Har jobbet internasjonalt med \u00e5 holde foredrag og undervise i 20 \u00e5r.<\/li>\n<\/ul>\n<p>      Vis mer<br \/>\n      Vis mindre<\/p>\n<p>V\u00c6REN\t<\/p>\n<p>F\u00f8dt: 21. mars\u201320. april<\/p>\n<p> Merkur,<br \/>\nplaneten for kommunikasjon, har n\u00e5 tatt plass i din sektor for forhold,<br \/>\nsamarbeid og valg. Det kan f\u00f8les som om du st\u00e5r p\u00e5 terskelen til et helt nytt<br \/>\nkapittel i livet. N\u00e5r Merkur samtidig danner en opposisjon til Neptun, som<br \/>\nbefinner seg i tegnet ditt, kan en ny og inspirerende visjon for fremtiden<br \/>\ndukke opp. Kanskje kommer dette overraskende, men innerst inne vet du at det er<br \/>\nnoe du virkelig \u00f8nsker deg. Selv om det bare er et lite fr\u00f8 som blir s\u00e5dd n\u00e5,<br \/>\nb\u00e6rer det en slik kraft at du f\u00e5r lyst til \u00e5 legge planer og bygge videre p\u00e5<br \/>\ndet som spirer. V\u00e6r \u00e5pen for forandring. <\/p>\n<p>    <a itemprop=\"url\" href=\"https:\/\/www.kk.no\/livet\/pappa-jeg-onsker-ikke-a-do-men-jeg-tror-ikke-jeg-klarer-a-leve-1\/83209772\" rel=\"nofollow noopener\" target=\"_blank\"><\/p>\n<p>      <img loading=\"lazy\" decoding=\"async\" src=\"https:\/\/www.europesays.com\/no\/wp-content\/uploads\/2025\/09\/83307327.webp\" width=\"980\" height=\"441\" title=\"- Pappa, jeg \u00f8nsker ikke \u00e5 d\u00f8, men jeg tror ikke jeg klarer \u00e5 leve\" alt=\"\" class=\"lazyload\" style=\"--aspect-ratio-image: 2.22; \"\/><\/p>\n<p>        &#8211; Pappa, jeg \u00f8nsker ikke \u00e5 d\u00f8, men jeg tror ikke jeg klarer \u00e5 leve<\/p>\n<p>    <\/a><\/p>\n<p>TYREN\t<\/p>\n<p>F\u00f8dt: 21. april\u201321. mai<\/p>\n<p> Takket<br \/>\nv\u00e6re Pluto sitt inntog i din sektor for autoritet og ledelse f\u00e5r du mange<br \/>\nanledninger til \u00e5 trene opp akkurat den siden av deg for tiden. Du vil gjerne<br \/>\ngj\u00f8re en god jobb og du \u00f8nsker \u00e5 v\u00e6re nyttig, men har du levd i skyggene av de<br \/>\nsom er mer dominante, og dermed ikke klart \u00e5 skape den balansen du trenger, vil<br \/>\ndagens kosmos by p\u00e5 en fabelaktig mulighet til \u00e5 endre dette. Og det handler<br \/>\nmest sannsynlig om kommunikasjon. Vil du noe, m\u00e5 du si det h\u00f8yt. Andre folk er<br \/>\nikke telepatiske og plukker opp det du tenker. Bruk ordene dine. <\/p>\n<p>    <a itemprop=\"url\" href=\"https:\/\/www.kk.no\/livet\/caroline-kastet-bort-tiden-pa-tinder-sa-fant-hun-kjaerligheten-pa-uventet-vis\/83569186\" rel=\"nofollow noopener\" target=\"_blank\"><\/p>\n<p>      <img loading=\"lazy\" decoding=\"async\" src=\"https:\/\/www.europesays.com\/no\/wp-content\/uploads\/2025\/09\/83569208.webp\" width=\"980\" height=\"441\" title=\"Caroline kastet bort tiden p\u00e5 Tinder. S\u00e5 fant hun kj\u00e6rligheten p\u00e5 uventet vis\" alt=\"\" class=\"lazyload\" style=\"--aspect-ratio-image: 2.22; \"\/><\/p>\n<p>        Caroline kastet bort tiden p\u00e5 Tinder. S\u00e5 fant hun kj\u00e6rligheten p\u00e5 uventet vis<\/p>\n<p>    <\/a><\/p>\n<p>TVILLINGENE\t<\/p>\n<p>F\u00f8dt: 22. mai\u201321. juni<\/p>\n<p> Denne<br \/>\nuken st\u00e5r presis kommunikasjon \u00f8verst p\u00e5 pensum, og du f\u00e5r en gyllen mulighet<br \/>\ntil \u00e5 snakke \u00e5pent og \u00e6rlig om noe som har plaget deg en stund. Resultatet kan<br \/>\nbli at du og den det gjelder klarer \u00e5 rydde opp i misforst\u00e5elser og dermed<br \/>\nunng\u00e5 konflikt. Dette er en stor seier for deg, s\u00e6rlig fordi du kan ha v\u00e6rt<br \/>\nredd for at samtalen skulle spinne ut av kontroll og dere skulle ende opp med \u00e5<br \/>\ndiskutere alt mulig annet enn det som egentlig var saken. Nettopp derfor er det<br \/>\nviktig \u00e5 holde fokus: bli p\u00e5 temaet, og led samtalen tilbake dit om den begynner<br \/>\n\u00e5 spore av. <\/p>\n<p>    <a itemprop=\"url\" href=\"https:\/\/www.kk.no\/livet\/jeg-gruet-meg-litt-til-den-forste-sommerferien-etter-bruddet\/83578975\" rel=\"nofollow noopener\" target=\"_blank\"><\/p>\n<p>      <img loading=\"lazy\" decoding=\"async\" src=\"https:\/\/www.europesays.com\/no\/wp-content\/uploads\/2025\/09\/1758171132_607_82717237.webp\" width=\"980\" height=\"441\" title=\"\u2013 Jeg gruet meg litt til den f\u00f8rste sommerferien etter bruddet\" alt=\"\" class=\"lazyload\" style=\"--aspect-ratio-image: 2.22; \"\/><\/p>\n<p>        \u2013 Jeg gruet meg litt til den f\u00f8rste sommerferien etter bruddet<\/p>\n<p>    <\/a><\/p>\n<p>KREPSEN\t<\/p>\n<p>F\u00f8dt: 22. juni\u201322. juli<\/p>\n<p> Du<br \/>\nb\u00f8r ta deg god tid til \u00e5 planlegge neste skritt. Merkur og Saturn st\u00e5r i dag i<br \/>\net litt anspent forhold til hverandre og trekker i forskjellige retninger.<br \/>\nMerkur fokusere p\u00e5 detaljene og Saturn ser det store bildet, og n\u00e5r du da<br \/>\nfors\u00f8ker \u00e5 forholde deg til alt dette, kan du ende opp med \u00e5 ikke se skogen for<br \/>\nbare tr\u00e6r. N\u00e5 kan det l\u00f8nne seg \u00e5 gj\u00f8re livet litt enklere, ikke tenke for<br \/>\nlangt inn i fremtiden og forholde deg til det du vet fremfor \u00e5 spekulere rundt<br \/>\ndet du ikke vet. Stol p\u00e5 intuisjonen din og lytt innover. <\/p>\n<p>    <a itemprop=\"url\" href=\"https:\/\/www.kk.no\/kultur\/disse-stjernetegnene-passer-best-sammen\/67984373\" rel=\"nofollow noopener\" target=\"_blank\"><\/p>\n<p>      <img loading=\"lazy\" decoding=\"async\" src=\"https:\/\/www.europesays.com\/no\/wp-content\/uploads\/2025\/09\/1758171133_251_67984383.webp\" width=\"980\" height=\"441\" title=\"Disse stjernetegnene passer best sammen\" alt=\"\" class=\"lazyload\" style=\"--aspect-ratio-image: 2.22; \"\/><\/p>\n<p>        Disse stjernetegnene passer best sammen<\/p>\n<p>    <\/a><\/p>\n<p>L\u00d8VEN\t<\/p>\n<p>F\u00f8dt: 23. juli\u201323. august<\/p>\n<p> Dette<br \/>\ner virkelig en tid fylt av kontraster. P\u00e5 den ene siden kan du kjenne en dyp<br \/>\ntakknemlighet for alt du har, samtidig som du m\u00e5 forholde deg til det som er<br \/>\nvanskelig eller s\u00e5rt. Kanskje handler det om et familiemedlem som stadig<br \/>\nutfordrer deg p\u00e5 grensesetting og kommunikasjon, eller en kollega som tr\u00e5kker<br \/>\ndeg p\u00e5 t\u00e6rne. M\u00e5nen beveger seg n\u00e5 gjennom tegnet ditt, og det kan gj\u00f8re dette<br \/>\ntil en ekstra f\u00f8lsom dag. Utfordringen ligger i \u00e5 uttrykke f\u00f8lelsene dine p\u00e5 en<br \/>\nkonstruktiv og moden m\u00e5te, en tiln\u00e6rming som b\u00e5de gir deg styrke og skaper<br \/>\nklarhet for andre. <\/p>\n<p>    <a itemprop=\"url\" href=\"https:\/\/www.kk.no\/mamma\/kun-atte-har-fatt-navnet-siden-1971\/83568637\" rel=\"nofollow noopener\" target=\"_blank\"><\/p>\n<p>      <img loading=\"lazy\" decoding=\"async\" src=\"https:\/\/www.europesays.com\/no\/wp-content\/uploads\/2025\/09\/83570016.webp\" width=\"980\" height=\"441\" title=\"Kun \u00e5tte har f\u00e5tt navnet siden 1971\" alt=\"\" class=\"lazyload\" style=\"--aspect-ratio-image: 2.22; \"\/><\/p>\n<p>        Kun \u00e5tte har f\u00e5tt navnet siden 1971<\/p>\n<p>    <\/a><\/p>\n<p>JOMFRUEN\t<\/p>\n<p>F\u00f8dt: 24. august\u201323. september<\/p>\n<p> Du<br \/>\nhar en kvalitetsbevisst og sofistikert smak, noe som gjenspeiles i valgene<br \/>\ndine. Du investerer heller i noe varig enn \u00e5 kj\u00f8pe noe du vet vil g\u00e5 i stykker<br \/>\nom et par \u00e5r. N\u00e5 som M\u00e5nen og Venus seiler gjennom din sektor for<br \/>\nspiritualitet, trekkes du ikke bare mot det materielle, men ogs\u00e5 mot kunst, \u00e5nd<br \/>\nog opplevelser som beriker sjelen. I dag kan du f\u00f8le deg inspirert til \u00e5 se en<br \/>\nfilm du lenge har hatt p\u00e5 listen, dykke inn i en bok eller p\u00e5 andre m\u00e5ter gi<br \/>\ndeg selv rom for kunst og kultur. S\u00f8k det som gir deg en f\u00f8lelse av indre<br \/>\nskj\u00f8nnhet, for i en stresset verden er dette ren medisin. <\/p>\n<p>    <a itemprop=\"url\" href=\"https:\/\/www.kk.no\/helse\/blir-fysisk-uvel\/83210594\" rel=\"nofollow noopener\" target=\"_blank\"><\/p>\n<p>      <img loading=\"lazy\" decoding=\"async\" src=\"https:\/\/www.europesays.com\/no\/wp-content\/uploads\/2025\/09\/83210752.webp\" width=\"980\" height=\"441\" title=\"- Blir fysisk uvel\" alt=\"\" class=\"lazyload\" style=\"--aspect-ratio-image: 2.22; \"\/><\/p>\n<p>        &#8211; Blir fysisk uvel<\/p>\n<p>    <\/a><\/p>\n<p>VEKTEN\t<\/p>\n<p>F\u00f8dt: 24. september\u201323. oktober<\/p>\n<p> Det<br \/>\nfinnes ting i livet som ikke kan unng\u00e5s, og n\u00e5r de f\u00f8rst oppst\u00e5r, er den eneste<br \/>\nveien gjennom. Astrologisk bygger n\u00e5 energien opp mot s\u00f8ndagens eklipse, og<br \/>\ndenne uken kan det f\u00f8les som om livet er i full bevegelse. Kaos kan seile inn,<br \/>\nb\u00e5de gjennom ytre situasjoner du ikke kan kontrollere og gjennom prosesser p\u00e5<br \/>\ninnsiden. Kanskje har du n\u00e5dd en grense. Dersom kroppen f\u00f8les tung, er det<br \/>\nekstra viktig \u00e5 ta vare p\u00e5 deg selv. Ikke press deg selv lenger enn n\u00f8dvendig.<br \/>\nGi rom for hvile, og la prosessen f\u00e5 utfolde seg i sitt eget tempo. <\/p>\n<p>    <a itemprop=\"url\" href=\"https:\/\/www.kk.no\/underholdning\/vi-hadde-stram-okonomi\/83583746\" rel=\"nofollow noopener\" target=\"_blank\"><\/p>\n<p>      <img loading=\"lazy\" decoding=\"async\" src=\"https:\/\/www.europesays.com\/no\/wp-content\/uploads\/2025\/09\/82187634.webp\" width=\"980\" height=\"441\" title=\"- Vi hadde stram \u00f8konomi\" alt=\"\" class=\"lazyload\" style=\"--aspect-ratio-image: 2.22; \"\/><\/p>\n<p>        &#8211; Vi hadde stram \u00f8konomi<\/p>\n<p>    <\/a><\/p>\n<p>SKORPIONEN\t<\/p>\n<p>F\u00f8dt: 24. oktober\u201322. november<\/p>\n<p> F\u00e5<br \/>\nmennesker forst\u00e5r behovet for tillit bedre enn en Skorpion. N\u00e5r noen deler en<br \/>\nhemmelighet med deg, vet de at den blir v\u00e6rende hos deg, og du legger din \u00e6re i<br \/>\n\u00e5 v\u00e6re en person andre kan stole p\u00e5. Nettopp derfor vender folk seg til deg n\u00e5r<br \/>\nde har noe vanskelig \u00e5 dele. Du lar deg ikke skremme av sannheten. Tvert imot,<br \/>\ndu har opplevd s\u00e5 mye selv at det skal mye til for \u00e5 ryste deg. I dag kan du se<br \/>\nfruktene av denne styrken: den tilliten du har bygget opp til en annen er i<br \/>\nferd med \u00e5 blomstre, og det kan utvikle seg til et trygt og solid b\u00e5nd. <\/p>\n<p>    <a itemprop=\"url\" href=\"https:\/\/www.kk.no\/underholdning\/deler-oppdatering-etter-kreftbeskjeden\/83583723\" rel=\"nofollow noopener\" target=\"_blank\"><\/p>\n<p>      <img loading=\"lazy\" decoding=\"async\" src=\"https:\/\/www.europesays.com\/no\/wp-content\/uploads\/2025\/09\/83583737.webp\" width=\"980\" height=\"441\" title=\"Etter kreftbeskjeden: - F\u00f8ler jeg er midt i en storm\" alt=\"\" class=\"lazyload\" style=\"--aspect-ratio-image: 2.22; \"\/><\/p>\n<p>        Etter kreftbeskjeden: &#8211; F\u00f8ler jeg er midt i en storm<\/p>\n<p>    <\/a><\/p>\n<p>SKYTTEN<\/p>\n<p>F\u00f8dt: 23. november\u201321. desember<\/p>\n<p> Det<br \/>\nkan v\u00e6re du kjenner p\u00e5 et visst prestasjonspress og det gj\u00f8r det vanskelig for<br \/>\ndeg \u00e5 ta et vanskelig valg. Litt ulikt deg \u00e5 v\u00e6re redd for \u00e5 skuffe andre, for<br \/>\nstort sett s\u00e5 klarer du \u00e5 heve deg over hva andre forventer av deg, s\u00e6rlig om<br \/>\ndet ikke er berettiget, men akkurat i dette tilfelle har du ikke bare lyst til<br \/>\n\u00e5 levere, du har lyst til \u00e5 imponere. Dermed blir de sm\u00e5 valgene du m\u00e5 gj\u00f8re<br \/>\nunderveis ekstra viktige, og selv om det bare er noe s\u00e5 enkelt som \u00e5 formulere<br \/>\nen mail, s\u00e5 bruker du mer tid enn du trenger. Stol p\u00e5 deg selv og lytt til<br \/>\nhjertet ditt. <\/p>\n<p>    <a itemprop=\"url\" href=\"https:\/\/www.kk.no\/helse\/da-nicoline-ble-singel-som-29-aring-bestemte-hun-seg-na-skal-jeg-fa-barn-alene-1\/83476181\" rel=\"nofollow noopener\" target=\"_blank\"><\/p>\n<p>      <img loading=\"lazy\" decoding=\"async\" src=\"https:\/\/www.europesays.com\/no\/wp-content\/uploads\/2025\/09\/83563915.webp\" width=\"980\" height=\"441\" title=\"Da Nicoline ble singel som 29-\u00e5ring, bestemte hun seg: \u00abN\u00e5 skal jeg f\u00e5 barn alene\u00bb\" alt=\"\" class=\"lazyload\" style=\"--aspect-ratio-image: 2.22; \"\/><\/p>\n<p>        Da Nicoline ble singel som 29-\u00e5ring, bestemte hun seg: \u00abN\u00e5 skal jeg f\u00e5 barn alene\u00bb<\/p>\n<p>    <\/a><\/p>\n<p>STEINBUKKEN<\/p>\n<p>F\u00f8dt: 22. desember\u201320. januar<\/p>\n<p> Du<br \/>\ner god p\u00e5 \u00e5 ta p\u00e5 deg mer enn du egentlig burde. Siden du har livet ditt p\u00e5<br \/>\nstell er det lett for deg \u00e5 hjelpe de som ikke klarer seg s\u00e5 godt, men du har<br \/>\nlov til \u00e5 si nei selv om du har visse privilegier. Det kan v\u00e6re en del av deg<br \/>\nsom sliter med \u00e5 virkelig nyte livet n\u00e5r du ser andre ikke har det s\u00e5 bra, men<br \/>\ngir du deg selv lov til det, vil du ogs\u00e5 se at du slipper de byrdene som ikke<br \/>\ner dine \u00e5 b\u00e6re. Ha omsorg for deg selv og senk ambisjonene for hva du skal<br \/>\nklare \u00e5 f\u00e5 til, og s\u00e5 kan du nyte dagens kosmiske b\u00f8lge i fred og ro uten \u00e5<br \/>\nslite deg selv ut. <\/p>\n<p>    <a itemprop=\"url\" href=\"https:\/\/www.kk.no\/livet\/jeg-sprang-ut-med-bikkja-under-armen-og-mobilen-i-den-andre\/83578835\" rel=\"nofollow noopener\" target=\"_blank\"><\/p>\n<p>      <img loading=\"lazy\" decoding=\"async\" src=\"https:\/\/www.europesays.com\/no\/wp-content\/uploads\/2025\/09\/83578891.webp\" width=\"980\" height=\"441\" title=\"- Jeg sprang ut med bikkja under armen og mobilen i den andre\" alt=\"\" class=\"lazyload\" style=\"--aspect-ratio-image: 2.22; \"\/><\/p>\n<p>        &#8211; Jeg sprang ut med bikkja under armen og mobilen i den andre<\/p>\n<p>    <\/a><\/p>\n<p>VANNMANNEN<\/p>\n<p>F\u00f8dt: 21. januar\u201318. februar<\/p>\n<p>Kommunikasjonsplaneten Merkur har n\u00e5 beveget seg<br \/>\ninn i din sektor for ekspansjon, reise og vekst, og vekker en sterk lyst til \u00e5<br \/>\nutforske nye horisonter. Ofte blir det med tanken, men n\u00e5 har du nok driv til<br \/>\nogs\u00e5 \u00e5 se p\u00e5 de praktiske l\u00f8sningene som kan gj\u00f8re dr\u00f8mmene dine mulige. Enten<br \/>\ndet handler om en konsert i London eller et yogaretreat i Spania \u2013 ta \u00f8nsket<br \/>\nditt p\u00e5 alvor. Forplikter du deg til \u00e5 f\u00e5 det til, kan du plutselig oppleve at<br \/>\ndu st\u00e5r midt i eventyret, med hjertet fylt av inspirasjon og kjenner p\u00e5 livet.<\/p>\n<p>    <a itemprop=\"url\" href=\"https:\/\/www.kk.no\/livet\/uskiftet-bo-advarer-mot-stemor-fella\/83563048\" rel=\"nofollow noopener\" target=\"_blank\"><\/p>\n<p>      <img loading=\"lazy\" decoding=\"async\" src=\"https:\/\/www.europesays.com\/no\/wp-content\/uploads\/2025\/09\/1758171140_490_73180735.webp\" width=\"980\" height=\"441\" title=\"Uskiftet bo: Advarer mot \u00abstemor-fella\u00bb\" alt=\"\" class=\"lazyload\" style=\"--aspect-ratio-image: 2.22; \"\/><\/p>\n<p>        Uskiftet bo: Advarer mot \u00abstemor-fella\u00bb<\/p>\n<p>    <\/a><\/p>\n<p>FISKENE<\/p>\n<p>F\u00f8dt: 19. februar\u201320. mars<\/p>\n<p> Du<br \/>\nsom vanligvis har tillit til at ting ordner seg og derfor ofte tar sjanser du<br \/>\negentlig ikke er helt forberedt p\u00e5, merker n\u00e5 en ny skepsis og<br \/>\ntilbakeholdenhet. Merkur har beveget seg inn i ditt omr\u00e5de for intimitet og<br \/>\nselvinnsikt, og det gj\u00f8r deg mer varsom til det som blir foresl\u00e5tt. Der hvor<br \/>\nmotivene tidligere kunne v\u00e6re skjult, opplever du n\u00e5 at du ser rett gjennom<br \/>\nmennesker og forst\u00e5r hvorfor de handler som de gj\u00f8r. Dette klarsynet er en<br \/>\ngave, men det kan ogs\u00e5 bety at du m\u00e5 ta noen \u00e6rlige konfrontasjoner n\u00e5r du ser<br \/>\nat folk ikke spiller med \u00e5pne kort. <\/p>\n<p>    <a itemprop=\"url\" href=\"https:\/\/www.kk.no\/kultur\/denne-treningen-passer-for-deg\/67987682\" rel=\"nofollow noopener\" target=\"_blank\"><\/p>\n<p>      <img loading=\"lazy\" decoding=\"async\" src=\"https:\/\/www.europesays.com\/no\/wp-content\/uploads\/2025\/09\/1758171141_680_67987690.webp\" width=\"980\" height=\"441\" title=\"Denne treningen passer for deg\" alt=\"\" class=\"lazyload\" style=\"--aspect-ratio-image: 2.22; \"\/><\/p>\n<p>        Denne treningen passer for deg<\/p>\n<p>    <\/a><\/p>\n","protected":false},"excerpt":{"rendered":"Dagens horoskop: Se hva astrologen sier at dagen vil bringe. DAGENS HOROSKOP: V\u00e5r astrolog forteller deg hva dagen&hellip;\n","protected":false},"author":2,"featured_media":2150,"comment_status":"","ping_status":"","sticky":false,"template":"","format":"standard","meta":{"footnotes":""},"categories":[58],"tags":[4065,4064,71,4063,30,28,29,4066,72],"class_list":{"0":"post-38311","1":"post","2":"type-post","3":"status-publish","4":"format-standard","5":"has-post-thumbnail","7":"category-underholdning","8":"tag-astrologi","9":"tag-dagens_horoskop","10":"tag-entertainment","11":"tag-horoskop","12":"tag-no","13":"tag-norge","14":"tag-norway","15":"tag-stjernetegn","16":"tag-underholdning"},"share_on_mastodon":{"url":"","error":""},"_links":{"self":[{"href":"https:\/\/www.europesays.com\/no\/wp-json\/wp\/v2\/posts\/38311","targetHints":{"allow":["GET"]}}],"collection":[{"href":"https:\/\/www.europesays.com\/no\/wp-json\/wp\/v2\/posts"}],"about":[{"href":"https:\/\/www.europesays.com\/no\/wp-json\/wp\/v2\/types\/post"}],"author":[{"embeddable":true,"href":"https:\/\/www.europesays.com\/no\/wp-json\/wp\/v2\/users\/2"}],"replies":[{"embeddable":true,"href":"https:\/\/www.europesays.com\/no\/wp-json\/wp\/v2\/comments?post=38311"}],"version-history":[{"count":0,"href":"https:\/\/www.europesays.com\/no\/wp-json\/wp\/v2\/posts\/38311\/revisions"}],"wp:featuredmedia":[{"embeddable":true,"href":"https:\/\/www.europesays.com\/no\/wp-json\/wp\/v2\/media\/2150"}],"wp:attachment":[{"href":"https:\/\/www.europesays.com\/no\/wp-json\/wp\/v2\/media?parent=38311"}],"wp:term":[{"taxonomy":"category","embeddable":true,"href":"https:\/\/www.europesays.com\/no\/wp-json\/wp\/v2\/categories?post=38311"},{"taxonomy":"post_tag","embeddable":true,"href":"https:\/\/www.europesays.com\/no\/wp-json\/wp\/v2\/tags?post=38311"}],"curies":[{"name":"wp","href":"https:\/\/api.w.org\/{rel}","templated":true}]}}