{"id":38318,"date":"2025-09-18T04:58:17","date_gmt":"2025-09-18T04:58:17","guid":{"rendered":"https:\/\/www.europesays.com\/no\/38318\/"},"modified":"2025-09-18T04:58:17","modified_gmt":"2025-09-18T04:58:17","slug":"modum-sport-na-er-vm-soknaden-sendt-dette-blir-fantastisk-norgesreklame","status":"publish","type":"post","link":"https:\/\/www.europesays.com\/no\/38318\/","title":{"rendered":"Modum, Sport | N\u00e5 er VM-s\u00f8knaden sendt: \u2013 Dette blir fantastisk norgesreklame"},"content":{"rendered":"\n<p>I 2030 er det Vikersund sin tur til \u00e5 arrangere VM i skiflyging. Men det m\u00e5 likevel sendes inn en formell s\u00f8knad. Fristen for \u00e5 gj\u00f8re dette var egentlig 1. mai i \u00e5r. Men p\u00e5 grunn av den meget krevende \u00f8konomien i hoppsenteret, s\u00e5 har man f\u00e5tt utsettelse.<\/p>\n<p>I august kom toppkandidatene i Buskerud AP, anf\u00f8rt av stortingspresident og f\u00f8rstekandidat Masud Gharahkhani, med en gledelig melding om en ekstrabevilgning til nasjonalanlegget i skiflyging p\u00e5 4,5 millioner kroner.<\/p>\n<p>\u2013 Stiftelsen Vikersund Hoppsenter har v\u00e6rt i en krevende \u00f8konomisk situasjon i lang tid, og har av den grunn ikke kunnet s\u00f8ke om VM i skiflygning i 2030, selv om bakken kan f\u00e5 VM hvert \u00e5ttende \u00e5r, sa Gharahkhani.<\/p>\n<p>  <a href=\"https:\/\/www.bygdeposten.no\/5-10-747179\" class=\"related-teaser has-image default-story-teaser article--c-eRUmMG article--c-eRUmMG-jKCPdD-design-default\" rel=\"nofollow noopener\" target=\"_blank\"><\/p>\n<p>    <img decoding=\"async\" loading=\"lazy\"  src=\"https:\/\/www.europesays.com\/no\/wp-content\/uploads\/2025\/09\/IMG_6619.jpg\" alt=\"\" class=\"brick-c-cFOWSL\" style=\"\"\/><\/p>\n<p>\n            Les ogs\u00e5<\/p>\n<p>              Masud kom med friske millioner til Vikersund\n        <\/p>\n<p>  <\/a><br \/>\n  S\u00f8knaden er sendt<\/p>\n<p>Onsdag ble den formelle s\u00f8knaden sendt inn av Skiforbundet og Modum kommune. Dette skjer etter at skistyret nylig vedtok \u00e5 sende inn s\u00f8knad.<\/p>\n<p>\u2013 Skiflygings-VM p\u00e5 hjemmebane er noe helt spesielt. Vi \u00f8nsker \u00e5 servere lange og spektakul\u00e6re svev til et stort publikum. Det er viktig at vi har aktivitet i et anlegg hvor det er lagt ned stor innsats, b\u00e5de \u00f8konomisk og gjennom de frivillige i mange \u00e5r. Dette blir fantastisk norgesreklame, sier skipresident Tove Moe Dyrhaug i en pressemelding.<\/p>\n<p>Sist det var VM i Vikersund var i 2022.<\/p>\n<p>Les mer om: artikkelemnene<\/p>\n","protected":false},"excerpt":{"rendered":"I 2030 er det Vikersund sin tur til \u00e5 arrangere VM i skiflyging. Men det m\u00e5 likevel sendes&hellip;\n","protected":false},"author":2,"featured_media":38319,"comment_status":"","ping_status":"","sticky":false,"template":"","format":"standard","meta":{"footnotes":""},"categories":[59],"tags":[36,6087,30,28,642,29,83,82,1510,6088,1871],"class_list":{"0":"post-38318","1":"post","2":"type-post","3":"status-publish","4":"format-standard","5":"has-post-thumbnail","7":"category-sport","8":"tag-art","9":"tag-modum","10":"tag-no","11":"tag-norge","12":"tag-norges-skiforbund","13":"tag-norway","14":"tag-sport","15":"tag-sports","16":"tag-story","17":"tag-vikersund-hoppsenter","18":"tag-vm"},"share_on_mastodon":{"url":"","error":""},"_links":{"self":[{"href":"https:\/\/www.europesays.com\/no\/wp-json\/wp\/v2\/posts\/38318","targetHints":{"allow":["GET"]}}],"collection":[{"href":"https:\/\/www.europesays.com\/no\/wp-json\/wp\/v2\/posts"}],"about":[{"href":"https:\/\/www.europesays.com\/no\/wp-json\/wp\/v2\/types\/post"}],"author":[{"embeddable":true,"href":"https:\/\/www.europesays.com\/no\/wp-json\/wp\/v2\/users\/2"}],"replies":[{"embeddable":true,"href":"https:\/\/www.europesays.com\/no\/wp-json\/wp\/v2\/comments?post=38318"}],"version-history":[{"count":0,"href":"https:\/\/www.europesays.com\/no\/wp-json\/wp\/v2\/posts\/38318\/revisions"}],"wp:featuredmedia":[{"embeddable":true,"href":"https:\/\/www.europesays.com\/no\/wp-json\/wp\/v2\/media\/38319"}],"wp:attachment":[{"href":"https:\/\/www.europesays.com\/no\/wp-json\/wp\/v2\/media?parent=38318"}],"wp:term":[{"taxonomy":"category","embeddable":true,"href":"https:\/\/www.europesays.com\/no\/wp-json\/wp\/v2\/categories?post=38318"},{"taxonomy":"post_tag","embeddable":true,"href":"https:\/\/www.europesays.com\/no\/wp-json\/wp\/v2\/tags?post=38318"}],"curies":[{"name":"wp","href":"https:\/\/api.w.org\/{rel}","templated":true}]}}