{"id":38454,"date":"2025-09-18T08:04:09","date_gmt":"2025-09-18T08:04:09","guid":{"rendered":"https:\/\/www.europesays.com\/no\/38454\/"},"modified":"2025-09-18T08:04:09","modified_gmt":"2025-09-18T08:04:09","slug":"ingebrigtsen-og-nordas-i-hvert-sitt-5000-meterheat","status":"publish","type":"post","link":"https:\/\/www.europesays.com\/no\/38454\/","title":{"rendered":"Ingebrigtsen og Nord\u00e5s i hvert sitt 5000-meterheat"},"content":{"rendered":"\n<p class=\"_lead_ew2ao_2 _lead_xtcu6_50 layout-component text-serif-m layout-normal text-serif-l layout-component layout-wide layout-padded _wide_17hqh_1 layout-padded\">Narve Gilje Nord\u00e5s (26) og Jakob Ingebrigtsen (24) m\u00f8tes eventuelt ikke f\u00f8r i s\u00f8ndagens finale p\u00e5 5000-meteren i friidretts-VM.<\/p>\n<p><img alt=\"Jakob Ingebrigtsen etter 8.-plassen i kvalifiseringsheatet.  Foto: Heiko Junge \/ NTB.\" class=\"_image_qp4xg_65 layout-component layout-wide\" data-fullscreen- data-track-element-type=\"Article image fullscreen\" data-track-name=\"ImageFullscreen\" fetchpriority=\"high\" decoding=\"sync\" loading=\"eager\" height=\"3185\" itemprop=\"image\"  src=\"https:\/\/www.europesays.com\/no\/wp-content\/uploads\/2025\/09\/c68dca47-ddfc-4cdf-ab99-7973bc8f24a1\"  style=\"object-position:0% 0%\" width=\"4778\"\/>Jakob Ingebrigtsen etter 8.-plassen i kvalifiseringsheatet.  Foto: Heiko Junge \/ NTB.<\/p>\n<ul aria-hidden=\"true\" class=\"_images_1y6fe_106\">\n<li><a class=\"_link_1y6fe_111\" href=\"https:\/\/www.vg.no\/forfatter\/ntb\" style=\"z-index:1\" title=\"NTB\" rel=\"nofollow noopener\" target=\"_blank\"><img alt=\"Bilde av NTB\" class=\"_image_1y6fe_88\" fetchpriority=\"low\" loading=\"lazy\" decoding=\"async\" itemprop=\"image\"  src=\"https:\/\/www.europesays.com\/no\/wp-content\/uploads\/2025\/09\/1758182649_193_c33980b0-5d07-4027-84a1-813f90a7c8d6\"  width=\"480\"\/><\/a><\/li>\n<\/ul>\n<p> Oppdatert torsdag 18. september kl. 09:34     <\/p>\n<p class=\"_paragraph_ew2ao_4 _paragraph_xtcu6_10 layout-component text-serif-m layout-normal text-serif-m layout-padded\">Nord\u00e5s er satt opp i det f\u00f8rste heatet i fredagens kvalifisering norsk tid. Der m\u00f8ter han blant andre USAs Cole Hocker og Sveriges Andreas Almgren. Sistnevnte tok bronse p\u00e5 10.000 meter tidligere i mesterskapet.<\/p>\n<p class=\"_paragraph_ew2ao_4 _paragraph_xtcu6_10 layout-component text-serif-m layout-normal text-serif-m layout-padded\">Noen minutter senere skal Jakob Ingebrigtsen ut i det andre heatet. Der m\u00f8ter han blant andre franske Jimmy Gressier, som ble verdensmester p\u00e5 10.000 meter for noen dager siden. <\/p>\n<p class=\"_paragraph_ew2ao_4 _paragraph_xtcu6_10 layout-component text-serif-m layout-normal text-serif-m layout-padded\">Verken Nord\u00e5s eller Ingebrigtsen har dokumentert toppform i mesterskapet. Nord\u00e5s manglet en hundredel p\u00e5 \u00e5 ta seg til finalen p\u00e5 1500 meter etter 7.-plass i sin semifinale.<\/p>\n<p class=\"_paragraph_ew2ao_4 _paragraph_xtcu6_10 layout-component text-serif-m layout-normal text-serif-m layout-padded\">Jakob Ingebrigtsen var ikke i sitt ess da han ble sl\u00e5tt ut under kvalifiseringen p\u00e5 1500 meter. En akillesskade har voldt ham problemer i flere m\u00e5neder, og kvalifiseringsl\u00f8pet var hans f\u00f8rste utend\u00f8rsl\u00f8p for sesongen.<\/p>\n<p class=\"_paragraph_ew2ao_4 _paragraph_xtcu6_10 layout-component text-serif-m layout-normal text-serif-m layout-padded\">Ingebrigtsen er regjerende verdensmester p\u00e5 5000 meter etter seieren i VM i Budapest for to \u00e5r siden. I 2022 ble han verdensmester ogs\u00e5 i Eugene, Oregon i USA p\u00e5 5000 meter. Han er ogs\u00e5 regjerende olympisk mester fra OL i Paris sist sommer.<\/p>\n","protected":false},"excerpt":{"rendered":"Narve Gilje Nord\u00e5s (26) og Jakob Ingebrigtsen (24) m\u00f8tes eventuelt ikke f\u00f8r i s\u00f8ndagens finale p\u00e5 5000-meteren i&hellip;\n","protected":false},"author":2,"featured_media":38455,"comment_status":"","ping_status":"","sticky":false,"template":"","format":"standard","meta":{"footnotes":""},"categories":[59],"tags":[423,1245,30,28,29,83,82],"class_list":{"0":"post-38454","1":"post","2":"type-post","3":"status-publish","4":"format-standard","5":"has-post-thumbnail","7":"category-sport","8":"tag-friidrett","9":"tag-friidretts-vm","10":"tag-no","11":"tag-norge","12":"tag-norway","13":"tag-sport","14":"tag-sports"},"share_on_mastodon":{"url":"","error":""},"_links":{"self":[{"href":"https:\/\/www.europesays.com\/no\/wp-json\/wp\/v2\/posts\/38454","targetHints":{"allow":["GET"]}}],"collection":[{"href":"https:\/\/www.europesays.com\/no\/wp-json\/wp\/v2\/posts"}],"about":[{"href":"https:\/\/www.europesays.com\/no\/wp-json\/wp\/v2\/types\/post"}],"author":[{"embeddable":true,"href":"https:\/\/www.europesays.com\/no\/wp-json\/wp\/v2\/users\/2"}],"replies":[{"embeddable":true,"href":"https:\/\/www.europesays.com\/no\/wp-json\/wp\/v2\/comments?post=38454"}],"version-history":[{"count":0,"href":"https:\/\/www.europesays.com\/no\/wp-json\/wp\/v2\/posts\/38454\/revisions"}],"wp:featuredmedia":[{"embeddable":true,"href":"https:\/\/www.europesays.com\/no\/wp-json\/wp\/v2\/media\/38455"}],"wp:attachment":[{"href":"https:\/\/www.europesays.com\/no\/wp-json\/wp\/v2\/media?parent=38454"}],"wp:term":[{"taxonomy":"category","embeddable":true,"href":"https:\/\/www.europesays.com\/no\/wp-json\/wp\/v2\/categories?post=38454"},{"taxonomy":"post_tag","embeddable":true,"href":"https:\/\/www.europesays.com\/no\/wp-json\/wp\/v2\/tags?post=38454"}],"curies":[{"name":"wp","href":"https:\/\/api.w.org\/{rel}","templated":true}]}}