{"id":38616,"date":"2025-09-18T11:19:09","date_gmt":"2025-09-18T11:19:09","guid":{"rendered":"https:\/\/www.europesays.com\/no\/38616\/"},"modified":"2025-09-18T11:19:09","modified_gmt":"2025-09-18T11:19:09","slug":"tok-imot-rolex-klokke-og-20-000-dollar-fra-den-kurdiske-reven","status":"publish","type":"post","link":"https:\/\/www.europesays.com\/no\/38616\/","title":{"rendered":"Tok imot Rolex-klokke og 20.000 dollar fra \u00abDen kurdiske reven\u00bb"},"content":{"rendered":"\n<p class=\"_paragraph_ew2ao_4 _paragraph_xtcu6_10 layout-component text-serif-m layout-normal text-serif-m layout-padded\">Den 49 \u00e5r gamle svensk-irakiske mannen sitter p\u00e5 tiltalebenken etter drapsfors\u00f8ket utenfor Mossehallen i november 2023. <\/p>\n<p class=\"_paragraph_ew2ao_4 _paragraph_xtcu6_10 layout-component text-serif-m layout-normal text-serif-m layout-padded\">Han opplyser at han er en fjern slektning av Rawa Majid, ogs\u00e5 kjent som \u00abDen kurdiske reven\u00bb. <\/p>\n<p class=\"_paragraph_ew2ao_4 _paragraph_xtcu6_10 layout-component text-serif-m layout-normal text-serif-m layout-padded\">H\u00f8sten 2023 var Majid internasjonalt etterlyst, og befant seg i Tyrkia. <\/p>\n<p class=\"_paragraph_ew2ao_4 _paragraph_xtcu6_10 layout-component text-serif-m layout-normal text-serif-m layout-padded\">Han og hans tidligere h\u00f8yre h\u00e5nd, Ismail \u00abJordgubben\u00bb Abdo, hadde blitt bitre fiender etter en konflikt. <\/p>\n<p><img alt=\"Rawa Majid (t.v) og Ismail Abdo gikk fra venner til bitre fiender.  Foto: Interpol\" class=\"_image_qp4xg_65 layout-component layout-normal\" data-fullscreen- data-track-element-type=\"Article image fullscreen\" data-track-name=\"ImageFullscreen\" decoding=\"async\" loading=\"lazy\" height=\"1668\" itemprop=\"image\"  src=\"https:\/\/www.europesays.com\/no\/wp-content\/uploads\/2025\/09\/29c44e0c-69ab-402b-a096-eac601538aa0\"  style=\"object-position:0% 0%\" width=\"2500\"\/>Rawa Majid (t.v) og Ismail Abdo gikk fra venner til bitre fiender.  Foto: Interpol<\/p>\n<p class=\"_paragraph_ew2ao_4 _paragraph_xtcu6_10 layout-component text-serif-m layout-normal text-serif-m layout-padded\">\u2013 Han visste at \u00abJordgubben\u00bb jaget ham, sier Majids slektning i et avh\u00f8r som ble spilt av i Sarpsborg tingrett torsdag. <\/p>\n<p class=\"_paragraph_ew2ao_4 _paragraph_xtcu6_10 layout-component text-serif-m layout-normal text-serif-m layout-padded\"><strong class=\"_strong_ew2ao_25\">Les ogs\u00e5: <\/strong><a href=\"https:\/\/www.vg.no\/nyheter\/i\/o3Xqm0\/anklages-for-jordgubben-kontakt-vet-ikke-hvor-mitt-liv-ender\" data-track-element-type=\"Link\" data-track-id=\"link:o3Xqm0\" class=\"_link_ew2ao_39\" rel=\"nofollow noopener\" target=\"_blank\">Dro for gardiner og lukket vinduer<\/a><\/p>\n<p class=\"_paragraph_ew2ao_4 _paragraph_xtcu6_10 layout-component text-serif-m layout-normal text-serif-m layout-padded\">Slektningen, som n\u00e5 er tiltalt Mossehallen-saken, sier i avh\u00f8ret at han har hatt jevnlig kontakt med Majid &#8211; og at han under en reise til Tyrkia i september 2023 m\u00f8tte ham. <\/p>\n<p class=\"_paragraph_ew2ao_4 _paragraph_xtcu6_10 layout-component text-serif-m layout-normal text-serif-m layout-padded\">\u2013 Han sa til meg at han har betalt politimenn i Tyrkia for \u00e5 smugle ham til Irak. Men s\u00e5 ringte han meg, og sa at han ikke stolte p\u00e5 de politimennene, sier 49-\u00e5ringen i avh\u00f8ret. <\/p>\n<p>\u2013 Bodde i leilighet<\/p>\n<p class=\"_paragraph_ew2ao_4 _paragraph_xtcu6_10 layout-component text-serif-m layout-normal text-serif-m layout-padded\">Han hevder at \u00abDen kurdiske reven\u00bb ogs\u00e5 er i kontakt med 37-\u00e5ringen som ble fors\u00f8kt drept utenfor Mossehallen i dette tidsrommet i Irak. <\/p>\n<p>Dette er saken<\/p>\n<ul class=\"_list_ew2ao_3 _list_xtcu6_9 _list_16v91_9 _unordered_ew2ao_99 layout-component text-serif-m layout-normal text-sans-m layout-padded\">\n<li class=\"_item_ew2ao_30\">28. november 2023 ble det avfyrt ni skudd mot en svensk 37-\u00e5ring utenfor Mossehallen i Moss. Han ble hardt skadet, men overlevde.<\/li>\n<li class=\"_item_ew2ao_30\">P\u00e5talemyndigheten knytter skytingen til gjengkonflikten mellom Foxtrot-lederen Rawa \u00abDen kurdiske reven\u00bb og Ismail \u00abJordgubben\u00bb Abdo fra nettverket Rumba. Abdo er siktet for \u00e5 ha bestilt angrepet, men saken mot ham er stilt i bero etter p\u00e5gripelse i Tyrkia og avslag p\u00e5 utlevering. <\/li>\n<li class=\"_item_ew2ao_30\">Fire menn med tilknytning til Sverige er tiltalt. Samtlige nekter straffskyld. <\/li>\n<\/ul>\n<p>Vis mer<\/p>\n<p class=\"_paragraph_ew2ao_4 _paragraph_xtcu6_10 layout-component text-serif-m layout-normal text-serif-m layout-padded\">P\u00e5 et tidspunkt m\u00f8tes dem, if\u00f8lge 49-\u00e5ringen. <\/p>\n<p class=\"_paragraph_ew2ao_4 _paragraph_xtcu6_10 layout-component text-serif-m layout-normal text-serif-m layout-padded\">\u2013 Rawa ringte meg hele tiden og sa \u00abkom, v\u00e6r s\u00e5 snill\u00bb, sier han i avh\u00f8ret.<\/p>\n<p class=\"_paragraph_ew2ao_4 _paragraph_xtcu6_10 layout-component text-serif-m layout-normal text-serif-m layout-padded\">If\u00f8lge 49-\u00e5ringen bor de sammen i en l\u00e5nt leilighet i Diyarbakir, ikke langt fra den irakiske grensen. Han hevder at ogs\u00e5 37-\u00e5ringen som senere ble skutt, en slektning av ham og en slektning av Majid ogs\u00e5 er til stede. <\/p>\n<p><img alt=\"37-\u00e5ringen ble hardt skadet, men overlevde skuddene utenfor Mossehallen.   Foto: Gisle Oddstad \/ VG\" class=\"_image_qp4xg_65 layout-component layout-normal\" data-fullscreen- data-track-element-type=\"Article image fullscreen\" data-track-name=\"ImageFullscreen\" decoding=\"async\" loading=\"lazy\" height=\"4428\" itemprop=\"image\"  src=\"https:\/\/www.europesays.com\/no\/wp-content\/uploads\/2025\/09\/3f018583-562e-4ce0-b3b4-a6ea051d5157\"  style=\"object-position:0% 0%\" width=\"6639\"\/>37-\u00e5ringen ble hardt skadet, men overlevde skuddene utenfor Mossehallen.   Foto: Gisle Oddstad \/ VG<\/p>\n<p class=\"_paragraph_ew2ao_4 _paragraph_xtcu6_10 layout-component text-serif-m layout-normal text-serif-m layout-padded\">If\u00f8lge forklaringen oppholdt de seg i Diyarbakir i tre-fire dager. <\/p>\n<p class=\"_paragraph_ew2ao_4 _paragraph_xtcu6_10 layout-component text-serif-m layout-normal text-serif-m layout-padded\">Han forteller at han opplevde at Majid satt med telefonen hele tiden, og at han fryktet at \u00abJordgubben\u00bb skulle klare \u00e5 spore ham opp. <\/p>\n<p class=\"_paragraph_ew2ao_4 _paragraph_xtcu6_10 layout-component text-serif-m layout-normal text-serif-m layout-padded\">\u2013 Familien hans (Majids familie journ.anm.) sa at det ikke var bra \u00e5 dra til Irak, fordi han allerede hadde problemer der. S\u00e5 han bestemte seg for \u00e5 flykte til Iran, sier han og fortsetter:<\/p>\n<p class=\"_paragraph_ew2ao_4 _paragraph_xtcu6_10 layout-component text-serif-m layout-normal text-serif-m layout-padded\">\u2013 Han betalte en mann med h\u00f8y posisjon i byen for \u00e5 kj\u00f8re f\u00f8r dem. Han hadde ogs\u00e5 livvakter.<\/p>\n<p>\u2013 Fikk gave<\/p>\n<p class=\"_paragraph_ew2ao_4 _paragraph_xtcu6_10 layout-component text-serif-m layout-normal text-serif-m layout-padded\">If\u00f8lge forklaringen kj\u00f8rte 49-\u00e5ringen helt fremst &#8211; i sin egen bil med svenske skilter. \u00c5rsaken var at han skulle sjekke om han ble stoppet ved de mange sjekkpunktene p\u00e5 veien, sier han. <\/p>\n<p class=\"_paragraph_ew2ao_4 _paragraph_xtcu6_10 layout-component text-serif-m layout-normal text-serif-m layout-padded\">\u2013 De stoppet meg aldri. <\/p>\n<p><img alt=\"49-\u00e5ringen forsvares av advokat \u00d8yvind Bratlien (t.h). Her snakker han med en av de andre forsvarerne i saken, Ole Magnus Str\u00f8mmen.  Foto: Gisle Oddstad \/ VG\" class=\"_image_qp4xg_65 layout-component layout-normal\" data-fullscreen- data-track-element-type=\"Article image fullscreen\" data-track-name=\"ImageFullscreen\" decoding=\"async\" loading=\"lazy\" height=\"5464\" itemprop=\"image\"  src=\"https:\/\/www.europesays.com\/no\/wp-content\/uploads\/2025\/09\/0fa5b9ca-e8f5-45b0-bb58-1c7cabda2992\"  style=\"object-position:0% 0%\" width=\"8192\"\/>49-\u00e5ringen forsvares av advokat \u00d8yvind Bratlien (t.h). Her snakker han med en av de andre forsvarerne i saken, Ole Magnus Str\u00f8mmen.  Foto: Gisle Oddstad \/ VG<\/p>\n<p class=\"_paragraph_ew2ao_4 _paragraph_xtcu6_10 layout-component text-serif-m layout-normal text-serif-m layout-padded\">Inne i Irak sier 49-\u00e5ringen at de stoppet, og hevder at hans reise endte der. <\/p>\n<p class=\"_paragraph_ew2ao_4 _paragraph_xtcu6_10 layout-component text-serif-m layout-normal text-serif-m layout-padded\">S\u00e5 forteller han noe oppsiktsvekkende: At f\u00f8r han tar farvel med slektningen sin, s\u00e5 gir Rawa Majid ham kl\u00e6rne sine, en Rolex-klokke til en verdi av minst 1,7\u20131,8 millioner kroner og 20.000 dollar i kontanter. <\/p>\n<p class=\"_paragraph_ew2ao_4 _paragraph_xtcu6_10 layout-component text-serif-m layout-normal text-serif-m layout-padded\">If\u00f8lge 49-\u00e5ringen ber Majid ham om \u00e5 overlevere det til sine slektninger. <\/p>\n<p class=\"_paragraph_ew2ao_4 _paragraph_xtcu6_10 layout-component text-serif-m layout-normal text-serif-m layout-padded\">I avh\u00f8ret hevder 49-\u00e5ringen ogs\u00e5 at Majid gir ham en gave: Et b\u00f8nnekjede i 14 karat gull. <\/p>\n<p>\u2013 Sier at det er feil<\/p>\n<p class=\"_paragraph_ew2ao_4 _paragraph_xtcu6_10 layout-component text-serif-m layout-normal text-serif-m layout-padded\">49-\u00e5ringen hevder at mannen som ble skutt ni ganger utenfor Mossehallen, en 37 \u00e5r gammel svenske, fulgte Majid videre inn i Iran og at de ble p\u00e5grepet der og f\u00f8rt til et milit\u00e6rfengsel. <\/p>\n<p class=\"_paragraph_ew2ao_4 _paragraph_xtcu6_10 layout-component text-serif-m layout-normal text-serif-m layout-padded\">\u2013 Min klient sier at det er feil, sier hans bistandsadvokat Nikolai Deriq Paasche til VG. <\/p>\n<p><img alt=\"Bistandsadvokat Nikolai Deriq Paasche.  Foto: Gisle Oddstad \/ VG\" class=\"_image_qp4xg_65 layout-component layout-normal\" data-fullscreen- data-track-element-type=\"Article image fullscreen\" data-track-name=\"ImageFullscreen\" decoding=\"async\" loading=\"lazy\" height=\"5464\" itemprop=\"image\"  src=\"https:\/\/www.europesays.com\/no\/wp-content\/uploads\/2025\/09\/02d6cd8a-4bca-49fd-973b-020d09e6306a\"  style=\"object-position:0% 0%\" width=\"7918\"\/>Bistandsadvokat Nikolai Deriq Paasche.  Foto: Gisle Oddstad \/ VG<\/p>\n<p class=\"_paragraph_ew2ao_4 _paragraph_xtcu6_10 layout-component text-serif-m layout-normal text-serif-m layout-padded\">If\u00f8lge 49-\u00e5ringens forklaring betalte Majid 60.000 dollar for \u00e5 komme seg ut av fengselet i Iran. Han hevder at det var slektninger av ham fra Irak som kom med pengene. <\/p>\n<p class=\"_paragraph_ew2ao_4 _paragraph_xtcu6_10 layout-component text-serif-m layout-normal text-serif-m layout-padded\">P\u00e5 sp\u00f8rsm\u00e5l fra avh\u00f8reren om hvor Majid er n\u00e5, svarer 49-\u00e5ringen:<\/p>\n<p class=\"_paragraph_ew2ao_4 _paragraph_xtcu6_10 layout-component text-serif-m layout-normal text-serif-m layout-padded\">\u2013 Han sier at han er i Afghanistan, sier han i avh\u00f8ret fra april 2024.<\/p>\n<p class=\"_paragraph_ew2ao_4 _paragraph_xtcu6_10 layout-component text-serif-m layout-normal text-serif-m layout-padded\">P\u00e5talemyndigheten mener at konflikten mellom \u00abDen kurdiske reven\u00bb og \u00abJordgubben\u00bb er motivet for drapsfors\u00f8ket i Moss. <\/p>\n<p class=\"_paragraph_ew2ao_4 _paragraph_xtcu6_10 layout-component text-serif-m layout-normal text-serif-m layout-padded\">If\u00f8lge tiltalen var det Ismail \u00abJordgubben\u00bb Abdo som var oppdragsgiver for drapsfors\u00f8ket, og p\u00e5talemyndigheten mener at 49-\u00e5ringen hadde l\u00f8pende kontakt med ham. <\/p>\n<p class=\"_paragraph_ew2ao_4 _paragraph_xtcu6_10 layout-component text-serif-m layout-normal text-serif-m layout-padded\">VG har stilt sp\u00f8rsm\u00e5l til statsadvokat Tonje T\u00f8nder om hvordan og n\u00e5r de mener 49-\u00e5ringen skal ha g\u00e5tt fra \u00e5 hjelpe Majid til \u00e5 \u2013 if\u00f8lge tiltalen \u2013 bist\u00e5 hans bitre rival.<\/p>\n<p class=\"_paragraph_ew2ao_4 _paragraph_xtcu6_10 layout-component text-serif-m layout-normal text-serif-m layout-padded\">\u2013 Det har jeg ingen kommentar til n\u00e5, sier T\u00f8nder.<\/p>\n<p class=\"_paragraph_ew2ao_4 _paragraph_xtcu6_10 layout-component text-serif-m layout-normal text-serif-m layout-padded\"><strong class=\"_strong_ew2ao_25\">49-\u00e5ringen sier i avh\u00f8ret at han ogs\u00e5 kjenner \u00abJordgubben\u00bb, og at han har kommunisert med ham p\u00e5 den krypterte appen Signal.<\/strong><\/p>\n<p class=\"_paragraph_ew2ao_4 _paragraph_xtcu6_10 layout-component text-serif-m layout-normal text-serif-m layout-padded\">49-\u00e5ringen hevder at det var Mustafa \u00abBenzema\u00bb Aljiburi som f\u00f8rst fortalte ham om skytingen i Moss. Han var en av \u00abDen kurdiske revens\u00bb n\u00e6rmeste allierte, men skal p\u00e5 et tidspunkt ha kommet i konflikt med ham.<\/p>\n<p class=\"_paragraph_ew2ao_4 _paragraph_xtcu6_10 layout-component text-serif-m layout-normal text-serif-m layout-padded\">If\u00f8lge 49-\u00e5ringen var det fordi \u00abBenzema\u00bb s\u00e5 en mulighet til \u00e5 ta over Foxtrot-nettverket da Majid ble fengslet. <\/p>\n<p class=\"_paragraph_ew2ao_4 _paragraph_xtcu6_10 layout-component text-serif-m layout-normal text-serif-m layout-padded\">\u00abBenzema\u00bb ble <a href=\"https:\/\/www.svt.se\/nyheter\/inrikes\/mustafa-benzema-aljiburi-skjuten-till-dods-i-irak-var-ledargestalt-i-foxtrot\" class=\"_link_ew2ao_39\" rel=\"nofollow noopener\" target=\"_blank\">drept i Irak i januar 2024<\/a>.<\/p>\n","protected":false},"excerpt":{"rendered":"Den 49 \u00e5r gamle svensk-irakiske mannen sitter p\u00e5 tiltalebenken etter drapsfors\u00f8ket utenfor Mossehallen i november 2023. Han opplyser&hellip;\n","protected":false},"author":2,"featured_media":38617,"comment_status":"","ping_status":"","sticky":false,"template":"","format":"standard","meta":{"footnotes":""},"categories":[10],"tags":[20,21,24,25,15,3881,22,23,13,30,28,29,14,16,1359,26,27,1132,3739],"class_list":{"0":"post-38616","1":"post","2":"type-post","3":"status-publish","4":"format-standard","5":"has-post-thumbnail","7":"category-norge","8":"tag-breaking-news","9":"tag-breakingnews","10":"tag-featured-news","11":"tag-featurednews","12":"tag-headlines","13":"tag-kriminelle-nettverk","14":"tag-latest-news","15":"tag-latestnews","16":"tag-news","17":"tag-no","18":"tag-norge","19":"tag-norway","20":"tag-nyheter","21":"tag-overskrifter","22":"tag-sverige","23":"tag-top-stories","24":"tag-topstories","25":"tag-tyrkia","26":"tag-vgkrimgruppa"},"share_on_mastodon":{"url":"","error":""},"_links":{"self":[{"href":"https:\/\/www.europesays.com\/no\/wp-json\/wp\/v2\/posts\/38616","targetHints":{"allow":["GET"]}}],"collection":[{"href":"https:\/\/www.europesays.com\/no\/wp-json\/wp\/v2\/posts"}],"about":[{"href":"https:\/\/www.europesays.com\/no\/wp-json\/wp\/v2\/types\/post"}],"author":[{"embeddable":true,"href":"https:\/\/www.europesays.com\/no\/wp-json\/wp\/v2\/users\/2"}],"replies":[{"embeddable":true,"href":"https:\/\/www.europesays.com\/no\/wp-json\/wp\/v2\/comments?post=38616"}],"version-history":[{"count":0,"href":"https:\/\/www.europesays.com\/no\/wp-json\/wp\/v2\/posts\/38616\/revisions"}],"wp:featuredmedia":[{"embeddable":true,"href":"https:\/\/www.europesays.com\/no\/wp-json\/wp\/v2\/media\/38617"}],"wp:attachment":[{"href":"https:\/\/www.europesays.com\/no\/wp-json\/wp\/v2\/media?parent=38616"}],"wp:term":[{"taxonomy":"category","embeddable":true,"href":"https:\/\/www.europesays.com\/no\/wp-json\/wp\/v2\/categories?post=38616"},{"taxonomy":"post_tag","embeddable":true,"href":"https:\/\/www.europesays.com\/no\/wp-json\/wp\/v2\/tags?post=38616"}],"curies":[{"name":"wp","href":"https:\/\/api.w.org\/{rel}","templated":true}]}}