{"id":38636,"date":"2025-09-18T11:35:16","date_gmt":"2025-09-18T11:35:16","guid":{"rendered":"https:\/\/www.europesays.com\/no\/38636\/"},"modified":"2025-09-18T11:35:16","modified_gmt":"2025-09-18T11:35:16","slug":"tsjekkisk-skandale-ekkel","status":"publish","type":"post","link":"https:\/\/www.europesays.com\/no\/38636\/","title":{"rendered":"Tsjekkisk skandale: &#8211; Ekkel"},"content":{"rendered":"<p class=\"kicker bg-black color_mobile_bg-black text-yellow color_mobile_text-yellow align-center mobile_text_align_align-center hasTextPadding mobile-hasTextPadding\" style=\"\">Bod\u00f8\/Glimt i Champions League<\/p>\n<p>  Europa m\u00e5per etter Nikita Haikins superredninger i Praha. N\u00e5 vil han bli norsk, men: &#8211; Det er ikke s\u00e5 lett.<\/p>\n<p>\n    LEVENDE VEGG: Nikita Haikin var i fyr og flamme under m\u00f8tet med Slavia Praha. Foto: Terje Pedersen \/ NTB\n  <\/p>\n<ul>Slavia Praha &#8211; Bod\u00f8\/Glimt 2-2<\/ul>\n<p>PRAHA (Dagbladet): Keeperen stoppet alt da Bod\u00f8\/Glimt ble beleiret i sluttminuttene p\u00e5 Eden Arena mot Slavia Praha og fikk \u00e6ren av lagkameratene etter det ene poenget.<\/p>\n<p>Den ene redningen p\u00e5 overtid blir trukket fram av Uefa som muligens onsdagens beste redning i Champions League-runden.<\/p>\n<p>30-\u00e5ringen er f\u00f8dt i Israel, er russisk, samt bodd mange \u00e5r i England. Allerede har han tre statsborgerskap. Tidligere i \u00e5r ble det kjent at han ogs\u00e5 \u00f8nsker \u00e5 bli norsk, og dermed ogs\u00e5 aktuell for en mulig norsk VM-tropp.\u00a0<\/p>\n<p>    <a itemprop=\"url\" href=\"https:\/\/www.dagbladet.no\/sport\/ramaskrik-omg\/83608851\" rel=\"nofollow noopener\" target=\"_blank\"><\/p>\n<p>      <img loading=\"lazy\" decoding=\"async\" src=\"https:\/\/www.europesays.com\/no\/wp-content\/uploads\/2025\/09\/83608902.webp\" width=\"980\" height=\"441\" title=\"Ramaskrik: - OMG!\" alt=\"\" class=\"lazyload\" style=\"--aspect-ratio-image: 2.22; \"\/><\/p>\n<p>        Ramaskrik: &#8211; OMG!<\/p>\n<p>    <\/a><\/p>\n<p>I Bod\u00f8 har han giftet seg med Tanja L\u00f8vik, og varslet at han \u00f8nsker \u00e5 bli boende i Norge.\u00a0<\/p>\n<p>I gangene p\u00e5 arenaen i Praha bekreftet han seint onsdag kveld at det er en sak han fortsatt jobber med.\u00a0<\/p>\n<p>&#8211;\u00a0Forh\u00e5pentligvis kan jeg fortelle dere det i fremtiden. Men for \u00f8yeblikket er det ingenting \u00e5 fortelle, starter Haikin.\u00a0<\/p>\n<p>        CHAMPIONS LEAGUE: Slavia Praha-fansen tok av da hjemmelaget gikk opp i ledelsen. <\/p>\n<p>P\u00e5 sp\u00f8rsm\u00e5l om hva som mangler, svarer keeperen:<\/p>\n<p>&#8211; Det er et par ting jeg m\u00e5 gj\u00f8re. Jeg jobber med advokatene og f\u00e5r r\u00e5d fra dem. Det er en prosess, det er ikke s\u00e5 lett \u00e5 bli norsk, men forh\u00e5pentligvis er jeg villig til \u00e5 gj\u00f8re det og f\u00e5 nok st\u00f8tte og kanskje litt hjelp ogs\u00e5. Det blir flott.<\/p>\n<p>    <a itemprop=\"url\" href=\"https:\/\/www.dagbladet.no\/sport\/vekker-avsky\/83607599\" rel=\"nofollow noopener\" target=\"_blank\"><\/p>\n<p>      <img loading=\"lazy\" decoding=\"async\" src=\"https:\/\/www.europesays.com\/no\/wp-content\/uploads\/2025\/09\/83608245.webp\" width=\"980\" height=\"441\" title=\"Vekker avsky\" alt=\"\" class=\"lazyload\" style=\"--aspect-ratio-image: 2.22; \"\/><\/p>\n<p>        Vekker avsky<\/p>\n<p>    <\/a><\/p>\n<p>&#8211; Vil du spille VM for Norge? sp\u00f8r NRK.<\/p>\n<p>&#8211; Godt sp\u00f8rsm\u00e5l. Vi f\u00e5r se. For \u00f8yeblikket er det bare fantasi, det er ikke realitet, s\u00e5 det er ingenting jeg kan kommentere. N\u00e5r det er en realitet, s\u00e5 er det en mulighet, svarer Haikin.\u00a0<\/p>\n<p>Han gj\u00f8r intervjuet p\u00e5 engelsk, men jobber i \u00f8yeblikket hardt med \u00e5 l\u00e6re seg norsk. Lagkompis Patrick Berg avsl\u00f8rer Haikin ser norskvideoer p\u00e5 Youtube p\u00e5 reisene.<\/p>\n<p>    <a itemprop=\"url\" href=\"https:\/\/www.dagbladet.no\/sport\/tsjekkisk-skandale-ekkel\/83608597\" rel=\"nofollow noopener\" target=\"_blank\"><\/p>\n<p>      <img loading=\"lazy\" decoding=\"async\" src=\"https:\/\/www.europesays.com\/no\/wp-content\/uploads\/2025\/09\/83608690.webp\" width=\"980\" height=\"441\" title=\"Tsjekkisk skandale: - Ekkel\" alt=\"\" class=\"lazyload\" style=\"--aspect-ratio-image: 2.22; \"\/><\/p>\n<p>        Tsjekkisk skandale: &#8211; Ekkel<\/p>\n<p>    <\/a><\/p>\n<p>&#8211; Jeg kunne snakket norsk med dere, men jeg er litt overveldet n\u00e5. Det er viktig \u00e5 kjenne spr\u00e5ket hvis jeg vil bli norsk. Og jeg mener at det kan bli bedre, forklarer Haikin.<\/p>\n<p>Berg er klar p\u00e5 at keeperen umiddelbart vil v\u00e6re i diskusjonen rundt en norsk landslagsplass, om han skulle f\u00e5 det r\u00f8de passet.<\/p>\n<p>&#8211;\u00a0En veldig god spiller, s\u00e5 det er helt naturlig at han havner i en diskusjon hvis han blir norsk, og s\u00e5 er det selvf\u00f8lgelig ikke opp til meg om han skal v\u00e6re med eller ikke. Men at han er god nok, det er det ingen tvil om, sier Berg.<\/p>\n","protected":false},"excerpt":{"rendered":"Bod\u00f8\/Glimt i Champions League Europa m\u00e5per etter Nikita Haikins superredninger i Praha. N\u00e5 vil han bli norsk, men:&hellip;\n","protected":false},"author":2,"featured_media":38637,"comment_status":"","ping_status":"","sticky":false,"template":"","format":"standard","meta":{"footnotes":""},"categories":[59],"tags":[517,706,92,30,28,29,83,82],"class_list":{"0":"post-38636","1":"post","2":"type-post","3":"status-publish","4":"format-standard","5":"has-post-thumbnail","7":"category-sport","8":"tag-bodo-glimt","9":"tag-champions-league","10":"tag-fotball","11":"tag-no","12":"tag-norge","13":"tag-norway","14":"tag-sport","15":"tag-sports"},"share_on_mastodon":{"url":"","error":""},"_links":{"self":[{"href":"https:\/\/www.europesays.com\/no\/wp-json\/wp\/v2\/posts\/38636","targetHints":{"allow":["GET"]}}],"collection":[{"href":"https:\/\/www.europesays.com\/no\/wp-json\/wp\/v2\/posts"}],"about":[{"href":"https:\/\/www.europesays.com\/no\/wp-json\/wp\/v2\/types\/post"}],"author":[{"embeddable":true,"href":"https:\/\/www.europesays.com\/no\/wp-json\/wp\/v2\/users\/2"}],"replies":[{"embeddable":true,"href":"https:\/\/www.europesays.com\/no\/wp-json\/wp\/v2\/comments?post=38636"}],"version-history":[{"count":0,"href":"https:\/\/www.europesays.com\/no\/wp-json\/wp\/v2\/posts\/38636\/revisions"}],"wp:featuredmedia":[{"embeddable":true,"href":"https:\/\/www.europesays.com\/no\/wp-json\/wp\/v2\/media\/38637"}],"wp:attachment":[{"href":"https:\/\/www.europesays.com\/no\/wp-json\/wp\/v2\/media?parent=38636"}],"wp:term":[{"taxonomy":"category","embeddable":true,"href":"https:\/\/www.europesays.com\/no\/wp-json\/wp\/v2\/categories?post=38636"},{"taxonomy":"post_tag","embeddable":true,"href":"https:\/\/www.europesays.com\/no\/wp-json\/wp\/v2\/tags?post=38636"}],"curies":[{"name":"wp","href":"https:\/\/api.w.org\/{rel}","templated":true}]}}