{"id":38670,"date":"2025-09-18T12:16:09","date_gmt":"2025-09-18T12:16:09","guid":{"rendered":"https:\/\/www.europesays.com\/no\/38670\/"},"modified":"2025-09-18T12:16:09","modified_gmt":"2025-09-18T12:16:09","slug":"far-massiv-stotte-fra-fansen","status":"publish","type":"post","link":"https:\/\/www.europesays.com\/no\/38670\/","title":{"rendered":"F\u00e5r massiv st\u00f8tte fra fansen"},"content":{"rendered":"<p class=\"kicker \" style=\"\">Bella Hadid:\u00a0<\/p>\n<p>  Bella Hadid har igjen delt innlegg fra det som ser ut til \u00e5 v\u00e6re behandling p\u00e5 sykehus. Fansen reagerer med st\u00f8tte i kommentarfeltet.<\/p>\n<p>\n    SYK: Bella Hadid delte onsdag flere bilder fra det som ser ut til \u00e5 v\u00e6re et sykehusopphold. Supermodellen har tidligere v\u00e6rt \u00e5pen om sin kamp mot Lyme-sykdom. Foto: Instagram \/ @bellahadid\n  <\/p>\n<p> Supermodellen Bella Hadid (28) skapte bekymring blant fansen da hun onsdag delte flere bilder fra det som ser ut til \u00e5 v\u00e6re et sykehusopphold. <\/p>\n<p>    <a itemprop=\"url\" href=\"https:\/\/www.seher.no\/kjendis\/advarer-mot-dette\/80640376\" rel=\"nofollow noopener\" target=\"_blank\"><\/p>\n<p>      <img loading=\"lazy\" decoding=\"async\" src=\"https:\/\/www.europesays.com\/no\/wp-content\/uploads\/2025\/09\/78226044.webp\" width=\"980\" height=\"441\" title=\"Advarer mot dette\" alt=\"\" class=\"lazyload\" style=\"--aspect-ratio-image: 2.22; \"\/><\/p>\n<p>        Advarer mot dette<\/p>\n<p>    <\/a><\/p>\n<p> P\u00e5 <a href=\"https:\/\/www.instagram.com\/p\/DOtNQJ5jf74\/?utm_source=ig_web_copy_link\" rel=\"nofollow noopener\" target=\"_blank\">Instagram<\/a> la hun ut en serie bilder hvor hun ligger tilkoblet intraven\u00f8s v\u00e6ske, spiser pizza i senga, holder en heklet engel tett inntil seg og ser utover solnedgangen og regnbuen fra vinduet sitt. <\/p>\n<p>\u00abBeklager for at jeg alltid forsvinner, jeg elsker dere\u00bb, skrev Hadid i bildeteksten. <\/p>\n<p>          <img loading=\"lazy\" decoding=\"async\" src=\"https:\/\/www.europesays.com\/no\/wp-content\/uploads\/2025\/09\/83609473.webp\" width=\"686\" height=\"666\" title=\"SLITEN: P\u00e5 det siste bildet i serien sitter Bella Hadid p\u00e5 gulvet i en heis, med v\u00e5tt h\u00e5r og en kaffekopp i hendene. Foto: Instagram \/ @bellahadid\" alt=\"\" class=\"\" style=\"--aspect-ratio-image: 1.03; \"\/><\/p>\n<p>\n          SLITEN: P\u00e5 det siste bildet i serien sitter Bella Hadid p\u00e5 gulvet i en heis, med v\u00e5tt h\u00e5r og en kaffekopp i hendene. Foto: Instagram \/ @bellahadid\n      <\/p>\n<p> Hun delte ogs\u00e5 glimt av bes\u00f8k fra venner og familie, kortspill, samt et uteomr\u00e5de med hage.\u00a0 P\u00e5 det siste bildet sitter hun i et hj\u00f8rne av en heis, med v\u00e5tt h\u00e5r og en kaffekopp i h\u00e5nda. <\/p>\n<p>        FJERNET: Talkshowet \u00abJimmy Kimmel Live!\u00bb tas av lufta p\u00e5 ubestemt tid etter denne monologen, hvor Kimmel antyder at Charlie Kirks angivelige drapsmann, Tyler Robinson, kan ha v\u00e6rt en pro-Trump-republikaner. <\/p>\n<p> \u00c5rsaken til innleggelsen er forel\u00f8pig ikke kjent.\u00a0<\/p>\n<p>Hadid har tidligere v\u00e6rt \u00e5pen om sin kamp mot Lyme-sykdom, som hun ble diagnostisert med i 2012. B\u00e5de moren, <a href=\"https:\/\/www.seher.no\/kjendis\/gjorde-modell-comeback-etter-sykdom\/72191278\" rel=\"nofollow noopener\" target=\"_blank\">Yolanda Hadid (61),<\/a> og lillebroren, Anwar Hadid (26), har samme diagnose.<\/p>\n<p>    Fakta om Lyme-borreliose<\/p>\n<ul>\n<li class=\"lab-bodytext-line\">Skyldes bakterien Borrelia burgdorferi, som overf\u00f8res via fl\u00e5tt.<\/li>\n<li class=\"lab-bodytext-line\">Vanligste tidlige tegn er hudutslettet \u00aberytema migrans\u00bb, samt feber og muskelsmerter.<\/li>\n<li class=\"lab-bodytext-line\">Ubehandlet kan sykdommen gi leddbetennelse, nevrologiske plager og hjerteproblemer.<\/li>\n<li class=\"lab-bodytext-line\">Behandles med antibiotika.<\/li>\n<li class=\"lab-bodytext-line\">Fl\u00e5tten m\u00e5 ofte sitte mer enn 24 timer f\u00f8r smitten overf\u00f8res.<\/li>\n<li class=\"lab-bodytext-line\">Forebygges ved \u00e5 bruke dekkende kl\u00e6r, sjekke huden etter tur, og fjerne fl\u00e5tt raskt.<\/li>\n<p class=\"lab-bodytext-line\">Kilde: <a href=\"https:\/\/www.fhi.no\/sm\/smittevernhandboka\/sykdommer-a-a\/lyme-borreliose\/?term=\" rel=\"nofollow noopener\" target=\"_blank\">FHI<\/a><\/p>\n<\/ul>\n<p>      Vis mer<br \/>\n      Vis mindre<\/p>\n<p> I kommentarfeltet fikk 28-\u00e5ringen rask st\u00f8tte fra fans, venner og familie.\u00a0<\/p>\n<p>    <a itemprop=\"url\" href=\"https:\/\/www.seher.no\/kjendis\/bryter-forlovelsen-etter-syv-ar\/83190398\" rel=\"nofollow noopener\" target=\"_blank\"><\/p>\n<p>      <img loading=\"lazy\" decoding=\"async\" src=\"https:\/\/www.europesays.com\/no\/wp-content\/uploads\/2025\/09\/83190459.webp\" width=\"980\" height=\"441\" title=\"Bryter forlovelsen etter syv \u00e5r\" alt=\"\" class=\"lazyload\" style=\"--aspect-ratio-image: 2.22; \"\/><\/p>\n<p>        Bryter forlovelsen etter syv \u00e5r <\/p>\n<p>    <\/a><\/p>\n<p>Moren Yolanda Hadid kalte henne en \u00abLyme-kriger\u00bb med et hjerte-ikon, mens s\u00f8steren Gigi Hadid (30) skrev:\u00a0<\/p>\n<p>\u00abJeg elsker deg! H\u00e5per du snart f\u00f8ler deg s\u00e5 sterk og god som du fortjener\u00bb. <\/p>\n<p>          <img loading=\"lazy\" decoding=\"async\" src=\"https:\/\/www.europesays.com\/no\/wp-content\/uploads\/2025\/09\/83609475.webp\" width=\"686\" height=\"762\" title=\"KAMP: Bella Hadid har i flere \u00e5r v\u00e6rt \u00e5pen om sin kamp mot Lyme-sykdom. N\u00e5 deler hun nye bilder fra det som ser ut til \u00e5 v\u00e6re et sykehusopphold. Foto: Instagram \/ @bellahadid\" alt=\"\" class=\"\" style=\"--aspect-ratio-image: 0.90; \"\/><\/p>\n<p>\n          KAMP: Bella Hadid har i flere \u00e5r v\u00e6rt \u00e5pen om sin kamp mot Lyme-sykdom. N\u00e5 deler hun nye bilder fra det som ser ut til \u00e5 v\u00e6re et sykehusopphold. Foto: Instagram \/ @bellahadid\n      <\/p>\n<p> I 2023 fortalte supermodellen p\u00e5 <a href=\"https:\/\/www.instagram.com\/p\/Cvmz8ilAcxx\/\" rel=\"nofollow noopener\" target=\"_blank\">Instagram<\/a> at hun endelig f\u00f8lte seg frisk etter over hundre dager med behandling for Lyme og tilleggsinfeksjoner.\u00a0\u00a0<\/p>\n<p class=\"font-weight-bold m-font-weight-bold\" data-lab-font_weight=\"font-weight-bold\">Da hadde hun g\u00e5tt nesten 15 \u00e5r med usynlig sykdom, skriver hun.\u00a0<\/p>\n<p>    <a itemprop=\"url\" href=\"https:\/\/www.seher.no\/kjendis\/avslorer-23-ar-gammel-familiehemmelighet\/83157322\" rel=\"nofollow noopener\" target=\"_blank\"><\/p>\n<p>      <img loading=\"lazy\" decoding=\"async\" src=\"https:\/\/www.europesays.com\/no\/wp-content\/uploads\/2025\/09\/83156497.webp\" width=\"980\" height=\"441\" title=\"Avsl\u00f8rer 23 \u00e5r gammel familiehemmelighet\" alt=\"\" class=\"lazyload\" style=\"--aspect-ratio-image: 2.22; \"\/><\/p>\n<p>        Avsl\u00f8rer 23 \u00e5r gammel familiehemmelighet<\/p>\n<p>    <\/a><\/p>\n<p> \u00abDen lille meg som led, ville v\u00e6rt s\u00e5 stolt over den voksne meg som ikke ga opp\u00bb, skrev hun den gang, og takket moren for \u00e5 ha st\u00e5tt ved hennes side gjennom hele sykdomsforl\u00f8pet. <\/p>\n<p> Hadid har tidligere fortalt at det vanskeligste har v\u00e6rt \u00e5 bli d\u00f8mt ut fra utseendet, og ikke hvordan hun faktisk f\u00f8ler seg.\u00a0<\/p>\n<p>&#8211; Livet er ikke alltid slik det ser ut utenfra, sa hun i et intervju med <a href=\"https:\/\/people.com\/music\/the-weeknd-knows-to-leave-it-alone-when-bella-hadid-is-suffering-from-lyme-disease-symptoms\/\" rel=\"nofollow noopener\" target=\"_blank\">People<\/a> i 2016. <\/p>\n<p><script async src=\"\/\/www.instagram.com\/embed.js\"><\/script><\/p>\n","protected":false},"excerpt":{"rendered":"Bella Hadid:\u00a0 Bella Hadid har igjen delt innlegg fra det som ser ut til \u00e5 v\u00e6re behandling p\u00e5&hellip;\n","protected":false},"author":2,"featured_media":38671,"comment_status":"","ping_status":"","sticky":false,"template":"","format":"standard","meta":{"footnotes":""},"categories":[12],"tags":[6129,20,21,24,25,15,479,22,23,6130,13,30,28,29,14,16,26,27,42,43,44,45],"class_list":{"0":"post-38670","1":"post","2":"type-post","3":"status-publish","4":"format-standard","5":"has-post-thumbnail","7":"category-verden","8":"tag-bella-hadid","9":"tag-breaking-news","10":"tag-breakingnews","11":"tag-featured-news","12":"tag-featurednews","13":"tag-headlines","14":"tag-kjendis","15":"tag-latest-news","16":"tag-latestnews","17":"tag-lyme-borreliose","18":"tag-news","19":"tag-no","20":"tag-norge","21":"tag-norway","22":"tag-nyheter","23":"tag-overskrifter","24":"tag-top-stories","25":"tag-topstories","26":"tag-verden","27":"tag-world","28":"tag-world-news","29":"tag-worldnews"},"share_on_mastodon":{"url":"","error":""},"_links":{"self":[{"href":"https:\/\/www.europesays.com\/no\/wp-json\/wp\/v2\/posts\/38670","targetHints":{"allow":["GET"]}}],"collection":[{"href":"https:\/\/www.europesays.com\/no\/wp-json\/wp\/v2\/posts"}],"about":[{"href":"https:\/\/www.europesays.com\/no\/wp-json\/wp\/v2\/types\/post"}],"author":[{"embeddable":true,"href":"https:\/\/www.europesays.com\/no\/wp-json\/wp\/v2\/users\/2"}],"replies":[{"embeddable":true,"href":"https:\/\/www.europesays.com\/no\/wp-json\/wp\/v2\/comments?post=38670"}],"version-history":[{"count":0,"href":"https:\/\/www.europesays.com\/no\/wp-json\/wp\/v2\/posts\/38670\/revisions"}],"wp:featuredmedia":[{"embeddable":true,"href":"https:\/\/www.europesays.com\/no\/wp-json\/wp\/v2\/media\/38671"}],"wp:attachment":[{"href":"https:\/\/www.europesays.com\/no\/wp-json\/wp\/v2\/media?parent=38670"}],"wp:term":[{"taxonomy":"category","embeddable":true,"href":"https:\/\/www.europesays.com\/no\/wp-json\/wp\/v2\/categories?post=38670"},{"taxonomy":"post_tag","embeddable":true,"href":"https:\/\/www.europesays.com\/no\/wp-json\/wp\/v2\/tags?post=38670"}],"curies":[{"name":"wp","href":"https:\/\/api.w.org\/{rel}","templated":true}]}}